{"id":8483,"date":"2021-11-10T17:00:00","date_gmt":"2021-11-10T20:00:00","guid":{"rendered":"https:\/\/vos.homolog.arsnova.work\/?p=8483"},"modified":"2021-11-22T16:26:22","modified_gmt":"2021-11-22T19:26:22","slug":"bsv-especial-coronavirus-81-a-mixordia-da-politica-brasileira","status":"publish","type":"post","link":"https:\/\/vos.homolog.arsnova.work\/?p=8483","title":{"rendered":"BSV Especial Coronav\u00edrus #81 A mix\u00f3rdia da pol\u00edtica brasileira"},"content":{"rendered":"\n<p class=\"p1\" style=\"text-align: justify;\">Nesta semana, a mix\u00f3rdia da pol\u00edtica brasileira. Temos o presidente que ia lutar contra a corrup\u00e7\u00e3o endossando um or\u00e7amento secreto na cara dura e dizendo que tem parte dele no STF &#8211; al\u00e9m de estar acertando filia\u00e7\u00e3o ao partido de Valdemar da Costa Neto.<\/p>\n<p class=\"p2\" style=\"text-align: center;\">.<\/p>\n<p class=\"p3\" style=\"text-align: center;\"><a href=\"https:\/\/www.catarse.me\/vos_social\"><b>CLIQUE AQUI E APOIE O V\u00d3S<\/b><\/a><\/p>\n<p class=\"p2\" style=\"text-align: center;\">.<\/p>\n<p class=\"p1\" style=\"text-align: justify;\">O chamado &#8220;or\u00e7amento secreto&#8221; surgiu com a cria\u00e7\u00e3o de uma nova modalidade de emendas parlamentares, a emenda de relator, que permite a identifica\u00e7\u00e3o da origem e do destino do dinheiro, mas o deputado que indica a verba fica oculto. Isso significa que esse dinheiro poder\u00e1 ser destinado \u00e0 base pol\u00edtica de um parlamentar sem que ele seja identificado.<\/p>\n<p class=\"p1\" style=\"text-align: center;\">.<\/p>\n<h4 class=\"p1\" style=\"text-align: center;\">No final de 2020, o governo de Jair Bolsonaro criou um or\u00e7amento bilion\u00e1rio em emendas para conseguir apoio do \u201cCentr\u00e3o\u201d no Congresso Nacional<\/h4>\n<p class=\"p1\" style=\"text-align: center;\">.<\/p>\n<p class=\"p1\" style=\"text-align: justify;\">A legalidade desse pagamento \u00e9 discutida pelo Supremo Tribunal Federal. Ali\u00e1s, o STF formou maioria nesta semana para suspender o pagamento de emendas do &#8220;or\u00e7amento secreto&#8221; do Congresso. Como se n\u00e3o bastasse, Jair Bolsonaro ainda disse que tem 10% dele dentro do Supremo, se referindo ao ministro Nunes Marques.<\/p>\n<p class=\"p1\" style=\"text-align: justify;\">Essa quest\u00e3o est\u00e1 vindo \u00e0 tona porque, diante da vota\u00e7\u00e3o da PEC dos Precat\u00f3rios, o governo Bolsonaro liberou R$ 909,7 milh\u00f5es em emendas de interesse dos deputados federais. Isso em apenas dois dias. Tudo<span class=\"Apple-converted-space\">&nbsp; <\/span>a partir das emendas de relator. Segundo&nbsp;levantamento da&nbsp;<i>ONG Contas Abertas<\/i>, os recursos foram empenhados pelo governo nos dias 28 e 29 de outubro.<\/p>\n<h4 class=\"p1\" style=\"text-align: center;\">.<\/h4>\n<h4 class=\"p1\" style=\"text-align: center;\">Em meio a isso tudo, Jair Bolsonaro estuda se filiar ao PL de Valdemar da Costa Neto<\/h4>\n<h4 class=\"p1\" style=\"text-align: center;\">.<\/h4>\n<p class=\"p1\" style=\"text-align: justify;\">Segundo informa\u00e7\u00f5es da Folha de S\u00e3o Paulo, Lula cogita o nome de Geraldo Alckmin para vice na chapa encabe\u00e7ada pelo petista. E o PT divulga nota apoiando o as elei\u00e7\u00f5es mais do que suspeitas do autocrata Daniel Ortega, da Nicar\u00e1gua.<\/p>\n<p class=\"p1\"><b>Participam os jornalistas Ge\u00f3rgia Santos, Fl\u00e1via Cunha, Igor Natusch e T\u00e9rcio Saccol.&nbsp;Voc\u00ea tamb\u00e9m pode ouvir o epis\u00f3dio no&nbsp;<\/b><a href=\"https:\/\/open.spotify.com\/show\/5I8zWzbmuDvEx9Wp6Gtnyd\"><span class=\"s1\"><b>Spotify<\/b><\/span><\/a><b>,&nbsp;<\/b><a href=\"https:\/\/podcasts.apple.com\/us\/podcast\/bendita-sois-v%C3%B3s\/id1436913300\"><span class=\"s1\"><b>Itunes<\/b><\/span><\/a><b>&nbsp;e&nbsp;<\/b><a href=\"https:\/\/castbox.fm\/channel\/Bendita-Sois-V%C3%B3s-id1474946?country=br\"><span class=\"s1\"><b>Castbox<\/b><\/span><\/a><b>.&nbsp;<\/b><\/p>\n\n\n<p><iframe loading=\"lazy\" src=\"https:\/\/w.soundcloud.com\/player\/?url=https%3A\/\/api.soundcloud.com\/tracks\/1157632786%3Fsecret_token%3Ds-NMlMqbeFE4f&amp;color=%23ff5500&amp;auto_play=false&amp;hide_related=false&amp;show_comments=true&amp;show_user=true&amp;show_reposts=false&amp;show_teaser=true&amp;visual=true\" width=\"100%\" height=\"300\" frameborder=\"no\" scrolling=\"no\"><\/iframe><\/p>\n<div style=\"font-size: 10px; color: #cccccc; line-break: anywhere; word-break: normal; overflow: hidden; white-space: nowrap; text-overflow: ellipsis; font-family: Interstate,Lucida Grande,Lucida Sans Unicode,Lucida Sans,Garuda,Verdana,Tahoma,sans-serif; font-weight: 100;\"><a style=\"color: #cccccc; text-decoration: none;\" title=\"V\u00f3s Pessoas no Plural\" href=\"https:\/\/soundcloud.com\/vos-social\" target=\"_blank\" rel=\"noopener\">V\u00f3s Pessoas no Plural<\/a> \u00b7 <a style=\"color: #cccccc; text-decoration: none;\" title=\"BSV Especial Coronav\u00edrus #81 A mix\u00f3rdia da pol\u00edtica brasileira\" href=\"https:\/\/soundcloud.com\/vos-social\/bsv-especial-coronavirus-81-a-mixordia-da-politica-brasileira\/s-NMlMqbeFE4f\" target=\"_blank\" rel=\"noopener\">BSV Especial Coronav\u00edrus #81 A mix\u00f3rdia da pol\u00edtica brasileira<\/a><\/div>","protected":false},"excerpt":{"rendered":"<p>V\u00f3s Pessoas no Plural \u00b7 BSV Especial Coronav\u00edrus #81 A mix\u00f3rdia da pol\u00edtica brasileira<\/p>\n","protected":false},"author":3,"featured_media":8484,"comment_status":"open","ping_status":"open","sticky":false,"template":"","format":"standard","meta":{"_acf_changed":false,"footnotes":""},"categories":[1541],"tags":[],"class_list":["post-8483","post","type-post","status-publish","format-standard","has-post-thumbnail","hentry","category-podcasts"],"acf":[],"_links":{"self":[{"href":"https:\/\/vos.homolog.arsnova.work\/index.php?rest_route=\/wp\/v2\/posts\/8483","targetHints":{"allow":["GET"]}}],"collection":[{"href":"https:\/\/vos.homolog.arsnova.work\/index.php?rest_route=\/wp\/v2\/posts"}],"about":[{"href":"https:\/\/vos.homolog.arsnova.work\/index.php?rest_route=\/wp\/v2\/types\/post"}],"author":[{"embeddable":true,"href":"https:\/\/vos.homolog.arsnova.work\/index.php?rest_route=\/wp\/v2\/users\/3"}],"replies":[{"embeddable":true,"href":"https:\/\/vos.homolog.arsnova.work\/index.php?rest_route=%2Fwp%2Fv2%2Fcomments&post=8483"}],"version-history":[{"count":0,"href":"https:\/\/vos.homolog.arsnova.work\/index.php?rest_route=\/wp\/v2\/posts\/8483\/revisions"}],"wp:featuredmedia":[{"embeddable":true,"href":"https:\/\/vos.homolog.arsnova.work\/index.php?rest_route=\/wp\/v2\/media\/8484"}],"wp:attachment":[{"href":"https:\/\/vos.homolog.arsnova.work\/index.php?rest_route=%2Fwp%2Fv2%2Fmedia&parent=8483"}],"wp:term":[{"taxonomy":"category","embeddable":true,"href":"https:\/\/vos.homolog.arsnova.work\/index.php?rest_route=%2Fwp%2Fv2%2Fcategories&post=8483"},{"taxonomy":"post_tag","embeddable":true,"href":"https:\/\/vos.homolog.arsnova.work\/index.php?rest_route=%2Fwp%2Fv2%2Ftags&post=8483"}],"curies":[{"name":"wp","href":"https:\/\/api.w.org\/{rel}","templated":true}]}}