{"id":8460,"date":"2021-11-04T11:21:30","date_gmt":"2021-11-04T14:21:30","guid":{"rendered":"https:\/\/vos.homolog.arsnova.work\/?p=8460"},"modified":"2021-11-08T09:51:20","modified_gmt":"2021-11-08T12:51:20","slug":"bsv-especial-coronavirus-80-bolsonaro-o-marginal-do-mundo","status":"publish","type":"post","link":"https:\/\/vos.homolog.arsnova.work\/?p=8460","title":{"rendered":"BSV Especial Coronav\u00edrus #80 Bolsonaro, o marginal do mundo"},"content":{"rendered":"\n<p class=\"p1\" style=\"text-align: center;\"><strong>Nesta semana, Bolsonaro, o marginal do mundo. O conto de um presidente que est\u00e1 isolado e \u00e0 margem da relev\u00e2ncia internacional.<\/strong><\/p>\n<p class=\"p2\" style=\"text-align: center;\">.<\/p>\n<p class=\"p3\" style=\"text-align: center;\"><a href=\"https:\/\/www.catarse.me\/vos_social\"><b>CLIQUE AQUI E APOIE O V\u00d3S<\/b><\/a><\/p>\n<p class=\"p2\" style=\"text-align: center;\">.<\/p>\n<p class=\"p1\" style=\"text-align: justify;\">O presidente Jair Bolsonaro passou cinco dias na It\u00e1lia. Ele viajou para participar da reuni\u00e3o do G20, que re\u00fane as maiores economias do mundo. Mas participar n\u00e3o \u00e9 a melhor palavra para descrever o encontro. Bolsonaro ficou isolado, marginalizado. Ele n\u00e3o teve reuni\u00f5es bilaterais com nenhum outro presidente. Tamb\u00e9m n\u00e3o participou de encontros do G20. Nem da COP-26, confer\u00eancia do clima. Esse \u00e9 Bolsonaro, o marginal do mundo.<\/p>\n<h4 class=\"p1\" style=\"text-align: center;\">.<\/h4>\n<h4 class=\"p1\" style=\"text-align: center;\">Nesse meio tempo, ele brigou com jornalistas.<\/h4>\n<h4 class=\"p1\" style=\"text-align: center;\">Um dos seguran\u00e7as do presidente agrediu um jornalista com um soco<\/h4>\n<h4 class=\"p1\" style=\"text-align: center;\">E ele ainda riu de quem o acusa de genocida<\/h4>\n<h4 class=\"p1\" style=\"text-align: center;\">.<\/h4>\n<p class=\"p1\" style=\"text-align: justify;\">E no meio disso tudo, o ex-juiz S\u00e9rgio Moro anunciou filia\u00e7\u00e3o ao Podemos com o objetivo de se candidatar \u00e0 presid\u00eancia da rep\u00fablica.<\/p>\n<p><b>Participam os jornalistas Ge\u00f3rgia Santos, Fl\u00e1via Cunha, Igor Natusch e T\u00e9rcio Saccol.&nbsp;Voc\u00ea tamb\u00e9m pode ouvir o epis\u00f3dio no&nbsp;<\/b><a href=\"https:\/\/open.spotify.com\/show\/5I8zWzbmuDvEx9Wp6Gtnyd\"><span class=\"s1\"><b>Spotify<\/b><\/span><\/a><b>,&nbsp;<\/b><a href=\"https:\/\/podcasts.apple.com\/us\/podcast\/bendita-sois-v%C3%B3s\/id1436913300\"><span class=\"s1\"><b>Itunes<\/b><\/span><\/a><b>&nbsp;e&nbsp;<\/b><a href=\"https:\/\/castbox.fm\/channel\/Bendita-Sois-V%C3%B3s-id1474946?country=br\"><span class=\"s1\"><b>Castbox<\/b><\/span><\/a><b>.&nbsp;<\/b><\/p>\n\n\n<p style=\"text-align: center;\"><iframe loading=\"lazy\" src=\"https:\/\/w.soundcloud.com\/player\/?url=https%3A\/\/api.soundcloud.com\/tracks\/1153315300&amp;color=%23ff5500&amp;auto_play=false&amp;hide_related=false&amp;show_comments=true&amp;show_user=true&amp;show_reposts=false&amp;show_teaser=true&amp;visual=true\" width=\"100%\" height=\"300\" frameborder=\"no\" scrolling=\"no\"><\/iframe><\/p>\n<div style=\"font-size: 10px; color: #cccccc; line-break: anywhere; word-break: normal; overflow: hidden; white-space: nowrap; text-overflow: ellipsis; font-family: Interstate, 'Lucida Grande', 'Lucida Sans Unicode', 'Lucida Sans', Garuda, Verdana, Tahoma, sans-serif; font-weight: 100; text-align: center;\"><a style=\"color: #cccccc; text-decoration: none;\" title=\"V\u00f3s Pessoas no Plural\" href=\"https:\/\/soundcloud.com\/vos-social\" target=\"_blank\" rel=\"noopener\">V\u00f3s Pessoas no Plural<\/a> \u00b7 <a style=\"color: #cccccc; text-decoration: none;\" title=\"BSV Especial Coronav\u00edrus #80 Bolsonaro, o marginal do mundo\" href=\"https:\/\/soundcloud.com\/vos-social\/bsv-especial-coronavirus-80-bolsonaro-o-marginal-do-mundo\" target=\"_blank\" rel=\"noopener\">BSV Especial Coronav\u00edrus #80 Bolsonaro, o marginal do mundo<\/a><\/div>","protected":false},"excerpt":{"rendered":"<p>V\u00f3s Pessoas no Plural \u00b7 BSV Especial Coronav\u00edrus #80 Bolsonaro, o marginal do mundo<\/p>\n","protected":false},"author":3,"featured_media":8463,"comment_status":"open","ping_status":"open","sticky":false,"template":"","format":"standard","meta":{"_acf_changed":false,"footnotes":""},"categories":[1541],"tags":[],"class_list":["post-8460","post","type-post","status-publish","format-standard","has-post-thumbnail","hentry","category-podcasts"],"acf":[],"_links":{"self":[{"href":"https:\/\/vos.homolog.arsnova.work\/index.php?rest_route=\/wp\/v2\/posts\/8460","targetHints":{"allow":["GET"]}}],"collection":[{"href":"https:\/\/vos.homolog.arsnova.work\/index.php?rest_route=\/wp\/v2\/posts"}],"about":[{"href":"https:\/\/vos.homolog.arsnova.work\/index.php?rest_route=\/wp\/v2\/types\/post"}],"author":[{"embeddable":true,"href":"https:\/\/vos.homolog.arsnova.work\/index.php?rest_route=\/wp\/v2\/users\/3"}],"replies":[{"embeddable":true,"href":"https:\/\/vos.homolog.arsnova.work\/index.php?rest_route=%2Fwp%2Fv2%2Fcomments&post=8460"}],"version-history":[{"count":0,"href":"https:\/\/vos.homolog.arsnova.work\/index.php?rest_route=\/wp\/v2\/posts\/8460\/revisions"}],"wp:featuredmedia":[{"embeddable":true,"href":"https:\/\/vos.homolog.arsnova.work\/index.php?rest_route=\/wp\/v2\/media\/8463"}],"wp:attachment":[{"href":"https:\/\/vos.homolog.arsnova.work\/index.php?rest_route=%2Fwp%2Fv2%2Fmedia&parent=8460"}],"wp:term":[{"taxonomy":"category","embeddable":true,"href":"https:\/\/vos.homolog.arsnova.work\/index.php?rest_route=%2Fwp%2Fv2%2Fcategories&post=8460"},{"taxonomy":"post_tag","embeddable":true,"href":"https:\/\/vos.homolog.arsnova.work\/index.php?rest_route=%2Fwp%2Fv2%2Ftags&post=8460"}],"curies":[{"name":"wp","href":"https:\/\/api.w.org\/{rel}","templated":true}]}}