{"id":8453,"date":"2021-11-01T23:55:51","date_gmt":"2021-11-02T02:55:51","guid":{"rendered":"https:\/\/vos.homolog.arsnova.work\/?p=8453"},"modified":"2021-11-03T10:54:10","modified_gmt":"2021-11-03T13:54:10","slug":"mascarando-o-lixo","status":"publish","type":"post","link":"https:\/\/vos.homolog.arsnova.work\/?p=8453","title":{"rendered":"Mascarando o lixo"},"content":{"rendered":"\n<p class=\"p1\">O uso de m\u00e1scaras contribuiu e ainda contribui para prevenir o cont\u00e1gio, manter seguran\u00e7a sanit\u00e1ria e salvar milh\u00f5es de vidas. O item j\u00e1 \u00e9 parte do cotidiano dos brasileiros. Mas h\u00e1 um problema em curso. No audiodocument\u00e1rio <b>Mascarando o Lixo<\/b>, mostramos que a falta de padroniza\u00e7\u00e3o nas orienta\u00e7\u00f5es e de informa\u00e7\u00f5es sobre o descarte correto est\u00e1 desencadeando um problema ambiental que j\u00e1 cobra um pre\u00e7o alto.<\/p>\n<p class=\"p1\">No Brasil dos \u00faltimos anos, a preocupa\u00e7\u00e3o com o meio ambiente tem sido n\u00e3o apenas deixada de lado, mas agredida. E essa nova demanda trazida pela pandemia do novo coronav\u00edrus agora \u00e9 mais um problema ambiental mascarado pelo descaso.<\/p>\n\n\n<p>\u00a0<\/p>\n<p style=\"text-align: center;\"><iframe loading=\"lazy\" src=\"https:\/\/anchor.fm\/vos-social\/embed\/episodes\/Mascarando-o-lixo-e19l0vd\" width=\"400px\" height=\"102px\" frameborder=\"0\" scrolling=\"no\"><\/iframe><\/p>\n<p class=\"p1\"><b>Produ\u00e7\u00e3o:<\/b> V\u00f3s<\/p>\n<p class=\"p1\"><b>Roteiro e apresenta\u00e7\u00e3o:<\/b> Ge\u00f3rgia Santos e T\u00e9rcio Saccol<\/p>\n<p class=\"p1\"><b>Trilha sonora original:<\/b> Gustavo Finkler<\/p>\n<p class=\"p1\"><b>Trilha sonora auxiliar:<\/b> Storyblocks<\/p>\n<p class=\"p1\"><i>Fotos: Mary Caporal Prior\/reprodu\u00e7\u00e3o Facebook Yorkshire Swan &amp; Wildlife Rescue Hospital \/Oceans Asia<\/i><\/p>","protected":false},"excerpt":{"rendered":"<p>\u00a0 Produ\u00e7\u00e3o: V\u00f3s Roteiro e apresenta\u00e7\u00e3o: Ge\u00f3rgia Santos e T\u00e9rcio Saccol Trilha sonora original: Gustavo Finkler Trilha sonora auxiliar: Storyblocks [&hellip;]<\/p>\n","protected":false},"author":3,"featured_media":8458,"comment_status":"open","ping_status":"open","sticky":false,"template":"","format":"standard","meta":{"_acf_changed":false,"footnotes":""},"categories":[1541],"tags":[1517,2623,2625,2622,2626,2621,135,2624,2627,2628],"class_list":["post-8453","post","type-post","status-publish","format-standard","has-post-thumbnail","hentry","category-podcasts","tag-ambiente","tag-descarte","tag-epi","tag-lixo","tag-luvas","tag-macara","tag-meio-ambiente","tag-politica-2","tag-residuo","tag-vida-selvagem"],"acf":[],"_links":{"self":[{"href":"https:\/\/vos.homolog.arsnova.work\/index.php?rest_route=\/wp\/v2\/posts\/8453","targetHints":{"allow":["GET"]}}],"collection":[{"href":"https:\/\/vos.homolog.arsnova.work\/index.php?rest_route=\/wp\/v2\/posts"}],"about":[{"href":"https:\/\/vos.homolog.arsnova.work\/index.php?rest_route=\/wp\/v2\/types\/post"}],"author":[{"embeddable":true,"href":"https:\/\/vos.homolog.arsnova.work\/index.php?rest_route=\/wp\/v2\/users\/3"}],"replies":[{"embeddable":true,"href":"https:\/\/vos.homolog.arsnova.work\/index.php?rest_route=%2Fwp%2Fv2%2Fcomments&post=8453"}],"version-history":[{"count":0,"href":"https:\/\/vos.homolog.arsnova.work\/index.php?rest_route=\/wp\/v2\/posts\/8453\/revisions"}],"wp:featuredmedia":[{"embeddable":true,"href":"https:\/\/vos.homolog.arsnova.work\/index.php?rest_route=\/wp\/v2\/media\/8458"}],"wp:attachment":[{"href":"https:\/\/vos.homolog.arsnova.work\/index.php?rest_route=%2Fwp%2Fv2%2Fmedia&parent=8453"}],"wp:term":[{"taxonomy":"category","embeddable":true,"href":"https:\/\/vos.homolog.arsnova.work\/index.php?rest_route=%2Fwp%2Fv2%2Fcategories&post=8453"},{"taxonomy":"post_tag","embeddable":true,"href":"https:\/\/vos.homolog.arsnova.work\/index.php?rest_route=%2Fwp%2Fv2%2Ftags&post=8453"}],"curies":[{"name":"wp","href":"https:\/\/api.w.org\/{rel}","templated":true}]}}