{"id":8395,"date":"2021-10-07T12:55:49","date_gmt":"2021-10-07T15:55:49","guid":{"rendered":"https:\/\/vos.homolog.arsnova.work\/?p=8395"},"modified":"2021-10-07T13:14:43","modified_gmt":"2021-10-07T16:14:43","slug":"ativismo-e-arte-3-entrevista-com-silvia-abreu","status":"publish","type":"post","link":"https:\/\/vos.homolog.arsnova.work\/?p=8395","title":{"rendered":"Ativismo e Arte #3 Entrevista com Silvia Abreu"},"content":{"rendered":"\n<blockquote>\n<p style=\"text-align: center;\"><em><span style=\"font-weight: 400;\">A Arte \u00e9 libertadora, \u00e9 o \u00fanico espa\u00e7o onde n\u00e3o h\u00e1 fronteiras. Isso \u00e9 revolucion\u00e1rio\u201d.\u00a0<\/span><\/em><\/p>\n<\/blockquote>\n<p style=\"text-align: justify;\"><span style=\"font-weight: 400;\">A reflex\u00e3o foi feita por Silvia Abreu, ao longo da entrevista para o projeto Ativismo e Arte. Mas a conversa partiu do in\u00edcio da trajet\u00f3ria desta jornalista e produtora cultural, que come\u00e7ou cedo na \u00e1rea de Comunica\u00e7\u00e3o. De acordo com Silvia, aos 16 anos, j\u00e1 trabalhava no <\/span><i><span style=\"font-weight: 400;\">O Infomativo do Vale<\/span><\/i><span style=\"font-weight: 400;\">, jornal de Lajeado (RS), munic\u00edpio localizado a 113 quil\u00f4metros de Porto Alegre. Quando chegou na capital ga\u00facha, come\u00e7ou a cursar Jornalismo na Universidade do Vale do Sinos (Unisinos) e ingressou na<\/span><i><span style=\"font-weight: 400;\"> Zero Hora<\/span><\/i><span style=\"font-weight: 400;\">, um dos ve\u00edculos mais tradicionais do Estado. Em paralelo ao jornalismo, as artes c\u00eanicas eram uma paix\u00e3o. <\/span><\/p>\n<p style=\"text-align: justify;\"><span style=\"font-weight: 400;\">Ali\u00e1s, foi na Unisinos que ela ingressou em um grupo de teatro, dirigido pela professora Tania Wolf. \u201cTentei me inserir no universo cultural como atriz. Mas encontrei barreiras devido ao meu tipo f\u00edsico. N\u00e3o conseguia pap\u00e9is que seriam para mulheres brancas &#8211; porque eu n\u00e3o era branca &#8211; e tamb\u00e9m n\u00e3o era preta o suficiente para fazer pap\u00e9is de estere\u00f3tipos negros, como de escravizadas. Fiquei num limbo\u201d, lamenta, pontuando que a situa\u00e7\u00e3o era ainda pior nesse sentido h\u00e1 30 anos, quando passou por esse epis\u00f3dio de racismo estrutural.\u00a0\u00a0<\/span><\/p>\n<h4 style=\"text-align: justify;\">Produ\u00e7\u00e3o cultural<\/h4>\n<p style=\"text-align: justify;\"><span style=\"font-weight: 400;\">Por isso, a produ\u00e7\u00e3o cultural foi uma forma encontrada para trabalhar com Arte. Quando surgiu uma vaga como produtora no grupo Carta Aberta, dos Correios, decidiu se candidatar, apesar de ter pouca experi\u00eancia na fun\u00e7\u00e3o. Na \u00e9poca, a vaga era ocupada por Sirmar Antunes, conhecido do p\u00fablico por sucessos no cinema como <\/span><i><span style=\"font-weight: 400;\">O dia em que Dorival encarou a guarda <\/span><\/i><span style=\"font-weight: 400;\">e <\/span><i><span style=\"font-weight: 400;\">A cabe\u00e7a de Gumercindo Saraiva<\/span><\/i><span style=\"font-weight: 400;\">. Antunes resolveu dedicar-se exclusivamente \u00e0 carreira de ator. Ent\u00e3o, Silvia ficou em seu lugar. \u201cQuem me indicou foi o Beto Hermann [m\u00fasico e compositor]. Eu nunca tinha atuado com produ\u00e7\u00e3o profissionalmente, s\u00f3 na Unisinos. Mas tive coragem suficiente para arriscar e acho que nunca ningu\u00e9m percebeu\u201d, diverte-se.<\/span><\/p>\n<h4 style=\"text-align: justify;\">Cartografia dos palcos\u00a0\u00a0<\/h4>\n<p style=\"text-align: justify;\"><span style=\"font-weight: 400;\">Produtora cultural inquieta, sempre atuou com projetos diversos, em teatro, m\u00fasica e literatura, entre outras \u00e1reas. Portanto, n\u00e3o ficaria parada durante a pandemia. Com o prop\u00f3sito de ajudar os colegas de profiss\u00e3o, resolveu fazer um mapeamento das condi\u00e7\u00f5es de espa\u00e7os de espet\u00e1culos em munic\u00edpios ga\u00fachos, j\u00e1 pensando em eventos futuros. \u201cA ideia surgiu da minha pr\u00e1tica profissional, j\u00e1 que toda vez que ia montar uma turn\u00ea, tinha dificuldade de saber informa\u00e7\u00f5es t\u00e9cnicas sobre os espa\u00e7os culturais\u201d, destacou, durante a conversa para o projeto Ativismo e Arte. O <\/span><i><span style=\"font-weight: 400;\"><a href=\"https:\/\/cartografiadospalcos.com.br\/\" target=\"_blank\" rel=\"noopener\">Cartografia dos Palcos<\/a> \u2013 Mapeamento dos Equipamentos Culturais do RS<\/span><\/i><span style=\"font-weight: 400;\"> \u00e9 uma parceria de Silvia com a jornalista Michele Rolim. \u201cCome\u00e7amos juntas a desenvolver o projeto. Foram muitas conversas e pesquisas at\u00e9 chegarmos ao resultado final, com os dados organizados em um site.\u201d O projeto foi financiado pelo Procultura, da Secretaria de Cultura do Rio Grande do Sul.\u00a0<\/span><\/p>\n<h4>Frente Negra Ga\u00facha<\/h4>\n<p style=\"text-align: justify;\"><span style=\"font-weight: 400;\">Outro aspecto relevante da trajet\u00f3ria de Silvia \u00e9 a atua\u00e7\u00e3o em coletivos antirracistas, entre eles a Frente Negra Ga\u00facha, lan\u00e7ada em 2019. Nessa entidade, \u00e9 diretora de Comunica\u00e7\u00e3o. \u201cAs conversas para a cria\u00e7\u00e3o da entidade come\u00e7aram ainda em 2018, quando percebemos que a viola\u00e7\u00e3o dos direitos das pessoas negras estava cada vez mais evidente\u201d, recorda a jornalista. Ela enfatiza que a associa\u00e7\u00e3o \u00e9 sem fins lucrativos e suprapartid\u00e1ria. Explica que a frente \u00e9 composta por pessoas negras e n\u00e3o negras, sem distin\u00e7\u00e3o de g\u00eanero, classe social, religi\u00e3o ou escolaridade. \u201cA frente busca a coaliz\u00e3o de todas as for\u00e7as para o enfrentamento do racismo sist\u00eamico que estrutura a sociedade brasileira.&#8221; Conforme Silvia, a associa\u00e7\u00e3o tem como objetivo a conscientiza\u00e7\u00e3o e a promo\u00e7\u00e3o do negro e do seu potencial por meio da forma\u00e7\u00e3o e da representa\u00e7\u00e3o pol\u00edtica nos diferentes espa\u00e7os de poder\u201d, salienta. No <a href=\"https:\/\/frentenegragaucha.com.br\/\" target=\"_blank\" rel=\"noopener\">site<\/a> da entidade, \u00e9 poss\u00edvel saber mais informa\u00e7\u00f5es.<\/span><\/p>\n<h4 style=\"text-align: justify;\">Para que serve a Arte?<\/h4>\n<p style=\"text-align: justify;\"><span style=\"font-weight: 400;\">Provocada durante a entrevista a responder aos detratores da Arte que argumentam que o fazer art\u00edstico \u201cn\u00e3o serve para nada\u201d, Silvia fez reflex\u00f5es sens\u00edveis e relevantes. \u201cA Arte \u00e9 libertadora, \u00e9 o \u00fanico espa\u00e7o onde n\u00e3o h\u00e1 fronteiras. Isso \u00e9 revolucion\u00e1rio. Por isso, eu amo a Arte, amo os artistas e defendo a Arte.\u201d Al\u00e9m disso, refor\u00e7a aspectos pr\u00e1ticos que n\u00e3o s\u00e3o levados em considera\u00e7\u00e3o por quem critica os artistas. \u201cA Arte \u00e9 um vetor important\u00edssimo para a Economia da Cultura\u201d, finaliza, referindo-se n\u00e3o apenas ao ramo da Economia que analisa os impactos econ\u00f4micos do setor cultural, mas tamb\u00e9m \u00e0 dissemina\u00e7\u00e3o da diversidade e de identidades, entre outros aspectos.\u00a0<\/span><\/p>\n<p style=\"text-align: center;\">\u00a0<\/p>\n<h4 style=\"text-align: justify;\">Silvia Abreu<\/h4>\n<p><iframe loading=\"lazy\" title=\"Ativismo e Arte - Epis\u00f3dio 3 - Silvia Abreu\" width=\"640\" height=\"360\" src=\"https:\/\/www.youtube.com\/embed\/jC2DxsIdYjY?start=473&#038;feature=oembed\" frameborder=\"0\" allow=\"accelerometer; autoplay; clipboard-write; encrypted-media; gyroscope; picture-in-picture; web-share\" referrerpolicy=\"strict-origin-when-cross-origin\" allowfullscreen><\/iframe><\/p>\n<p style=\"text-align: justify;\"><span style=\"font-weight: 400;\">Jornalista e produtora cultural, Integrante da MOVE \u2013 Rede de Artistas de Teatro de Porto Alegre, do Coletivo Nimba de Mulheres Negras e Diretora de Comunica\u00e7\u00e3o da Frente Negra Ga\u00facha. Para acompanhar os projetos culturais desenvolvidas pela produtora, acessem seu perfil no <a href=\"https:\/\/www.instagram.com\/asilviamaraabreu\/\" target=\"_blank\" rel=\"noopener\">Instagram<\/a>.<\/span><\/p>\n<p style=\"text-align: center;\"><strong>Ou\u00e7a o podcast<\/strong><\/p>\n<p style=\"text-align: center;\">\u00a0<\/p>\n<p style=\"text-align: center;\"><iframe loading=\"lazy\" src=\"https:\/\/anchor.fm\/flavia-cunha3\/embed\/episodes\/Ativismo-e-Arte-3-Entrevista-com-Silvia-Abreu-e18f4lp\" width=\"400px\" height=\"102px\" frameborder=\"0\" scrolling=\"no\"><\/iframe><\/p>\n<p>\u00a0<\/p>\n<h4 style=\"text-align: center;\">Outros epis\u00f3dios<\/h4>\n<p style=\"text-align: justify;\"><span style=\"font-weight: 400;\">O projeto multim\u00eddia Ativismo e Arte est\u00e1 em seu terceiro epis\u00f3dio. No primeiro, a entrevista foi com <a href=\"https:\/\/vos.homolog.arsnova.work\/podcasts\/ativismo-e-arte-1-entrevista-com-raquel-grabauska\/\" target=\"_blank\" rel=\"noopener\">Raquel Grabauska<\/a>, atriz, produtora e diretora teatral, que durante a pandemia voltou seu foco de atua\u00e7\u00e3o para projetos sociais. A segunda entrevistada \u00e9 <a href=\"https:\/\/vos.homolog.arsnova.work\/podcasts\/ativismo-e-arte-2-entrevista-com-atena-beauvoir-roveda\/\" target=\"_blank\" rel=\"noopener\">Atena Beauvoir Roveda<\/a>, <\/span><span style=\"font-weight: 400;\">escritora, poeta, professora e fil\u00f3sofa.<\/span><\/p>\n<h4 style=\"text-align: center;\">Ativismo e Arte \u2013 Quem Faz<\/h4>\n<p><i><span style=\"font-weight: 400;\">Uma produ\u00e7\u00e3o V\u00f3s e F Cunha Produtora<\/span><\/i><\/p>\n<p><b>Apresenta\u00e7\u00e3o e produ\u00e7\u00e3o:<\/b><span style=\"font-weight: 400;\"> Fl\u00e1via Cunha<\/span><\/p>\n<p><b>Edi\u00e7\u00e3o de imagem e concep\u00e7\u00e3o gr\u00e1fica:<\/b><span style=\"font-weight: 400;\"> Fl\u00e1vio Siqueira<\/span><\/p>\n<p><b>Edi\u00e7\u00e3o de \u00e1udio:<\/b><span style=\"font-weight: 400;\"> Ge\u00f3rgia Santos<\/span><\/p>\n<p>\u00a0<\/p>\n","protected":false},"excerpt":{"rendered":"","protected":false},"author":5,"featured_media":8263,"comment_status":"open","ping_status":"open","sticky":false,"template":"","format":"standard","meta":{"_acf_changed":false,"footnotes":""},"categories":[1541],"tags":[2575,1343,2607],"class_list":["post-8395","post","type-post","status-publish","format-standard","has-post-thumbnail","hentry","category-podcasts","tag-ativismo-e-arte","tag-entrevista","tag-silvia-abreu"],"acf":[],"_links":{"self":[{"href":"https:\/\/vos.homolog.arsnova.work\/index.php?rest_route=\/wp\/v2\/posts\/8395","targetHints":{"allow":["GET"]}}],"collection":[{"href":"https:\/\/vos.homolog.arsnova.work\/index.php?rest_route=\/wp\/v2\/posts"}],"about":[{"href":"https:\/\/vos.homolog.arsnova.work\/index.php?rest_route=\/wp\/v2\/types\/post"}],"author":[{"embeddable":true,"href":"https:\/\/vos.homolog.arsnova.work\/index.php?rest_route=\/wp\/v2\/users\/5"}],"replies":[{"embeddable":true,"href":"https:\/\/vos.homolog.arsnova.work\/index.php?rest_route=%2Fwp%2Fv2%2Fcomments&post=8395"}],"version-history":[{"count":0,"href":"https:\/\/vos.homolog.arsnova.work\/index.php?rest_route=\/wp\/v2\/posts\/8395\/revisions"}],"wp:featuredmedia":[{"embeddable":true,"href":"https:\/\/vos.homolog.arsnova.work\/index.php?rest_route=\/wp\/v2\/media\/8263"}],"wp:attachment":[{"href":"https:\/\/vos.homolog.arsnova.work\/index.php?rest_route=%2Fwp%2Fv2%2Fmedia&parent=8395"}],"wp:term":[{"taxonomy":"category","embeddable":true,"href":"https:\/\/vos.homolog.arsnova.work\/index.php?rest_route=%2Fwp%2Fv2%2Fcategories&post=8395"},{"taxonomy":"post_tag","embeddable":true,"href":"https:\/\/vos.homolog.arsnova.work\/index.php?rest_route=%2Fwp%2Fv2%2Ftags&post=8395"}],"curies":[{"name":"wp","href":"https:\/\/api.w.org\/{rel}","templated":true}]}}