{"id":8390,"date":"2021-10-06T17:00:00","date_gmt":"2021-10-06T20:00:00","guid":{"rendered":"https:\/\/vos.homolog.arsnova.work\/?p=8390"},"modified":"2021-10-06T16:45:05","modified_gmt":"2021-10-06T19:45:05","slug":"bsv-especial-coronavirus-76-a-imoralidade-de-guedes","status":"publish","type":"post","link":"https:\/\/vos.homolog.arsnova.work\/?p=8390","title":{"rendered":"BSV Especial Coronav\u00edrus #76 A imoralidade de Guedes"},"content":{"rendered":"\n<p class=\"p1\" style=\"text-align: center;\"><strong>Nesta semana, o espet\u00e1culo da corrup\u00e7\u00e3o di\u00e1ria de um governo que n\u00e3o \u00e9 corrupto. Estrelando a imoralidade de Paulo Guedes.<\/strong><\/p>\n<h3 class=\"p3\" style=\"text-align: center;\">.<\/h3>\n<h3 class=\"p4\" style=\"text-align: center;\"><a href=\"https:\/\/www.catarse.me\/vos_social\"><b>CLIQUE AQUI E APOIE O V\u00d3S<\/b><\/a><\/h3>\n<h3 class=\"p3\" style=\"text-align: center;\">.<\/h3>\n<p class=\"p1\" style=\"text-align: justify;\"><a href=\"https:\/\/piaui.folha.uol.com.br\/paulo-guedes-tem-offshore-milionaria-em-paraiso-fiscal\/\" target=\"_blank\" rel=\"noopener\">Reportagem publicada pela revista <strong>piau\u00ed<\/strong> revelou que o Ministro da Economia, Paulo Guedes, tem uma empresa milion\u00e1ria em um para\u00edso fiscal.<\/a> Uma <em>offshore<\/em>. O ministro do governo Bolsonaro mant\u00e9m mais de $9 milh\u00f5es em empresa das Ilhas Virgens.<\/p>\n<p class=\"p1\" style=\"text-align: justify;\">A mat\u00e9ria \u00e9 parte do <a href=\"https:\/\/www.icij.org\/investigations\/pandora-papers\/\" target=\"_blank\" rel=\"noopener\">Pandora Papers<\/a>, um projeto do Cons\u00f3rcio Internacional de Jornalistas Investigativos (ICIJ) que publicou reportagens citando mais de 330 pol\u00edticos, funcion\u00e1rios p\u00fablicos de alto escal\u00e3o, empres\u00e1rios e artistas de 91 pa\u00edses e territ\u00f3rios que t\u00eam ou tinham empresas <em>offshore<\/em>.<\/p>\n<h4 style=\"text-align: center;\">.<\/h4>\n<h4 style=\"text-align: center;\">A abertura de uma <em>offshore<\/em> ou de contas no exterior n\u00e3o \u00e9 ilegal, desde que o saldo mantido l\u00e1 fora seja declarado \u00e0 Receita Federal e ao Banco Central. Mas, no caso de servidores p\u00fablicos, a situa\u00e7\u00e3o \u00e9 diferente<\/h4>\n<h4 style=\"text-align: center;\">.\u00a0<\/h4>\n<p class=\"p1\" style=\"text-align: justify;\">O C\u00f3digo de Conduta da Alta Administra\u00e7\u00e3o Federal pro\u00edbe que funcion\u00e1rios do alto escal\u00e3o mantenham aplica\u00e7\u00f5es financeiras que possam ser afetadas por pol\u00edticas governamentais sobre as quais \u201ca autoridade p\u00fablica tenha informa\u00e7\u00f5es privilegiadas.\u201d<\/p>\n<h4 class=\"p1\" style=\"text-align: center;\">.<\/h4>\n<h4 class=\"p1\" style=\"text-align: center;\">Pois veja s\u00f3, Paulo Guedes \u00e9 respons\u00e1vel por uma s\u00e9rie decis\u00f5es capazes de afetar seus pr\u00f3prios investimentos no exterior.<\/h4>\n<h4 class=\"p1\" style=\"text-align: center;\">Nesse meio tempo, nem um pio do ministro. Nem um pio de Jair Bolsonaro<\/h4>\n<h4 class=\"p1\" style=\"text-align: center;\">.<\/h4>\n<p class=\"p1\">E como n\u00f3s estamos no Brasil e acontecem mais coisas do que a gente d\u00e1 conta, a Folha revelou que o blogueiro bolsonarista Allan dos Santos tinha uma informante no gabinete de um ministro do Supremo Tribunal Federal. Ah, e ainda teve o apag\u00e3o do Facebook.<\/p>\n<p class=\"p1\"><b>Participam os jornalistas Ge\u00f3rgia Santos, Fl\u00e1via Cunha, Igor Natusch e T\u00e9rcio Saccol.\u00a0Voc\u00ea tamb\u00e9m pode ouvir o epis\u00f3dio no\u00a0<\/b><a href=\"https:\/\/open.spotify.com\/show\/5I8zWzbmuDvEx9Wp6Gtnyd\"><span class=\"s1\"><b>Spotify<\/b><\/span><\/a><b>,\u00a0<\/b><a href=\"https:\/\/podcasts.apple.com\/us\/podcast\/bendita-sois-v%C3%B3s\/id1436913300\"><span class=\"s1\"><b>Itunes<\/b><\/span><\/a><b>\u00a0e\u00a0<\/b><a href=\"https:\/\/castbox.fm\/channel\/Bendita-Sois-V%C3%B3s-id1474946?country=br\"><span class=\"s1\"><b>Castbox<\/b><\/span><\/a><b>.\u00a0<\/b><\/p>\n<p>\u00a0<\/p>\n<p style=\"text-align: center;\"><iframe loading=\"lazy\" src=\"https:\/\/w.soundcloud.com\/player\/?url=https%3A\/\/api.soundcloud.com\/tracks\/1137220399%3Fsecret_token%3Ds-6FXJa63ZO8L&amp;color=%23ff5500&amp;auto_play=false&amp;hide_related=false&amp;show_comments=true&amp;show_user=true&amp;show_reposts=false&amp;show_teaser=true&amp;visual=true\" width=\"100%\" height=\"300\" frameborder=\"no\" scrolling=\"no\"><\/iframe><\/p>\n<div style=\"font-size: 10px; color: #cccccc; line-break: anywhere; word-break: normal; overflow: hidden; white-space: nowrap; text-overflow: ellipsis; font-family: Interstate, 'Lucida Grande', 'Lucida Sans Unicode', 'Lucida Sans', Garuda, Verdana, Tahoma, sans-serif; font-weight: 100; text-align: center;\"><a style=\"color: #cccccc; text-decoration: none;\" title=\"V\u00f3s Pessoas no Plural\" href=\"https:\/\/soundcloud.com\/vos-social\" target=\"_blank\" rel=\"noopener\">V\u00f3s Pessoas no Plural<\/a> \u00b7 <a style=\"color: #cccccc; text-decoration: none;\" title=\"BSV Especial Coronav\u00edrus #76 A imoralidade de Guedes\" href=\"https:\/\/soundcloud.com\/vos-social\/bsv-especial-coronavirus-76-a-imoralidade-de-guedes\/s-6FXJa63ZO8L\" target=\"_blank\" rel=\"noopener\">BSV Especial Coronav\u00edrus #76 A imoralidade de Guedes<\/a><\/div>\n<p class=\"p1\"><em>Foto original: Edu Andrade\/Ascom\/ME<\/em><\/p>\n","protected":false},"excerpt":{"rendered":"","protected":false},"author":3,"featured_media":8392,"comment_status":"open","ping_status":"open","sticky":false,"template":"","format":"standard","meta":{"_acf_changed":false,"footnotes":""},"categories":[1541],"tags":[870,791,2320,2604,2606,2605,228],"class_list":["post-8390","post","type-post","status-publish","format-standard","has-post-thumbnail","hentry","category-podcasts","tag-bolsonaro","tag-economia","tag-guedes","tag-offshore","tag-pandora","tag-pandora-paper","tag-politica"],"acf":[],"_links":{"self":[{"href":"https:\/\/vos.homolog.arsnova.work\/index.php?rest_route=\/wp\/v2\/posts\/8390","targetHints":{"allow":["GET"]}}],"collection":[{"href":"https:\/\/vos.homolog.arsnova.work\/index.php?rest_route=\/wp\/v2\/posts"}],"about":[{"href":"https:\/\/vos.homolog.arsnova.work\/index.php?rest_route=\/wp\/v2\/types\/post"}],"author":[{"embeddable":true,"href":"https:\/\/vos.homolog.arsnova.work\/index.php?rest_route=\/wp\/v2\/users\/3"}],"replies":[{"embeddable":true,"href":"https:\/\/vos.homolog.arsnova.work\/index.php?rest_route=%2Fwp%2Fv2%2Fcomments&post=8390"}],"version-history":[{"count":0,"href":"https:\/\/vos.homolog.arsnova.work\/index.php?rest_route=\/wp\/v2\/posts\/8390\/revisions"}],"wp:featuredmedia":[{"embeddable":true,"href":"https:\/\/vos.homolog.arsnova.work\/index.php?rest_route=\/wp\/v2\/media\/8392"}],"wp:attachment":[{"href":"https:\/\/vos.homolog.arsnova.work\/index.php?rest_route=%2Fwp%2Fv2%2Fmedia&parent=8390"}],"wp:term":[{"taxonomy":"category","embeddable":true,"href":"https:\/\/vos.homolog.arsnova.work\/index.php?rest_route=%2Fwp%2Fv2%2Fcategories&post=8390"},{"taxonomy":"post_tag","embeddable":true,"href":"https:\/\/vos.homolog.arsnova.work\/index.php?rest_route=%2Fwp%2Fv2%2Ftags&post=8390"}],"curies":[{"name":"wp","href":"https:\/\/api.w.org\/{rel}","templated":true}]}}