{"id":8386,"date":"2021-09-30T17:24:09","date_gmt":"2021-09-30T20:24:09","guid":{"rendered":"https:\/\/vos.homolog.arsnova.work\/?p=8386"},"modified":"2021-09-30T18:36:06","modified_gmt":"2021-09-30T21:36:06","slug":"bsv-especial-coronavirus-75-mil-dias-de-bolsonaro-e-o-veio-da-havan","status":"publish","type":"post","link":"https:\/\/vos.homolog.arsnova.work\/?p=8386","title":{"rendered":"BSV Especial Coronav\u00edrus #75 Mil dias de Bolsonaro, Prevent S\u00eanior e o V\u00e9io da Havan"},"content":{"rendered":"\n<p class=\"p1\" style=\"text-align: justify;\"><strong>Nesta semana, os mil dias do inferno, os experimentos tenebrosos da Prevent s\u00eanior e o depoimento de Luciano Hang na CPI da Covid. Tu achas que foi tiro no p\u00e9 ou valeu a pena ter chamado o \u201cVeio da Havan\u201d pra depor.<\/strong><\/p>\n<p class=\"p2\" style=\"text-align: center;\">.<\/p>\n<p class=\"p3\" style=\"text-align: center;\"><a href=\"https:\/\/www.catarse.me\/vos_social\"><b>CLIQUE AQUI E APOIE O V\u00d3S<\/b><\/a><\/p>\n<p class=\"p2\" style=\"text-align: center;\">.<\/p>\n<p class=\"p1\" style=\"text-align: justify;\">Na segunda-feira, dia 27 de setembro, chegamos aos mil dias de Jair Bolsonaro na presid\u00eancia da Rep\u00fablica. Em uma publica\u00e7\u00e3o oficial, o Governo Federal deu in\u00edcio ao que chamou de comemora\u00e7\u00f5es dos mil dias. Mas os brasileiros n\u00e3o tem nada que comemorar. Enquanto Bolsonaro celebra o que ele considera avan\u00e7os e os pleno exerc\u00edcio da democracia, para usar palavras da Secretaria de Governo, os brasileiros lamentam.&nbsp;<\/p>\n<h4 class=\"p1\" style=\"text-align: center;\"><br>.<\/h4>\n<h4 class=\"p1\" style=\"text-align: center;\">Lamentamos pelo descaso, a neglig\u00eancia, a crueldade, a estupidez, a ignor\u00e2ncia, o obscurantismo.&nbsp;<\/h4>\n<h4 class=\"p1\" style=\"text-align: center;\">Lamentamos pelos constantes ataques \u00e0 democracia.&nbsp;<\/h4>\n<h4 class=\"p1\" style=\"text-align: center;\">Lamentamos pela corrup\u00e7\u00e3o.<\/h4>\n<h4 class=\"p1\" style=\"text-align: center;\">Lamentamos pelo retrocesso.<\/h4>\n<h4 class=\"p1\" style=\"text-align: center;\">Lamentamos pelo constrangimento.<\/h4>\n<h4 class=\"p1\" style=\"text-align: center;\">Lamentamos pelo desmatamento.<\/h4>\n<h4 class=\"p1\" style=\"text-align: center;\">Lamentamos pelo desemprego.<\/h4>\n<h4 class=\"p1\" style=\"text-align: center;\">Lamentamos pelos pre\u00e7os dos alimentos, do g\u00e1s, da gasolina, da luz.&nbsp;<\/h4>\n<h4 class=\"p1\" style=\"text-align: center;\">Lamentamos pela fome.<\/h4>\n<h4 class=\"p1\" style=\"text-align: center;\">Lamentamos pelas centenas de milhares de mortes que est\u00e3o na conta desse governo, sim.&nbsp;<\/h4>\n<h4 class=\"p1\" style=\"text-align: center;\">.<\/h4>\n<p class=\"p1\" style=\"text-align: justify;\">Se h\u00e1 algo para comemorar, \u00e9 que estamos mil dias mais perto de esse governo acabar.&nbsp;<\/p>\n<p class=\"p1\" style=\"text-align: justify;\"><a href=\"https:\/\/brasil.elpais.com\/brasil\/2021-09-28\/abismo-da-prevent-senior-se-amplia-com-depoimento-de-advogada-a-cpi-e-ameaca-tragar-governo-bolsonaro.html\" target=\"_blank\" rel=\"noopener\">E no meio disso tudo, um depoimento estarrecedor na CPI da Covid.<\/a> A advogada Bruna Morato ajudou a elaborar um dossi\u00ea com den\u00fancias sobre a operadora acusada de ocultar mortes e de negar tratamento a pacientes. Ela tamb\u00e9m apontou falta de autonomia dos profissionais, exig\u00eancia da prescri\u00e7\u00e3o de rem\u00e9dios ineficazes sem o consentimento dos pacientes e o envolvimento da empresa em uma esp\u00e9cie de&nbsp;&nbsp;&#8220;pacto&#8221; com o &#8220;gabinete paralelo&#8221; do Pal\u00e1cio do Planalto &#8211; grupo que, segundo a CPI, orientava o presidente Jair Bolsonaro.<\/p>\n<p class=\"p1\" style=\"text-align: justify;\">E se tu acha que acabou, <a href=\"https:\/\/www.cartacapital.com.br\/politica\/entenda-em-sete-pontos-o-depoimento-de-luciano-hang-a-cpi-da-covid\/\" target=\"_blank\" rel=\"noopener\">tem o empres\u00e1rio Luciano Hang na CPI<\/a>. Ele mesmo, o \u201cv\u00e9io da Havan\u201d. A maioria dos senadores que fazem parte da CPI e a maioria dos analistas de pol\u00edtica entende que a convoca\u00e7\u00e3o do cara que se veste de verde e amarelo foi um tiro no p\u00e9. Ser\u00e1 que foi?<\/p>\n<p class=\"p1\"><b>Participam os jornalistas Ge\u00f3rgia Santos, Fl\u00e1via Cunha, Igor Natusch e T\u00e9rcio Saccol.&nbsp;Voc\u00ea tamb\u00e9m pode ouvir o epis\u00f3dio no&nbsp;<\/b><a href=\"https:\/\/open.spotify.com\/show\/5I8zWzbmuDvEx9Wp6Gtnyd\"><span class=\"s1\"><b>Spotify<\/b><\/span><\/a><b>,&nbsp;<\/b><a href=\"https:\/\/podcasts.apple.com\/us\/podcast\/bendita-sois-v%C3%B3s\/id1436913300\"><span class=\"s1\"><b>Itunes<\/b><\/span><\/a><b>&nbsp;e&nbsp;<\/b><a href=\"https:\/\/castbox.fm\/channel\/Bendita-Sois-V%C3%B3s-id1474946?country=br\"><span class=\"s1\"><b>Castbox<\/b><\/span><\/a><b>.&nbsp;<\/b><\/p>\n\n\n<p style=\"text-align: center;\"><iframe loading=\"lazy\" src=\"https:\/\/w.soundcloud.com\/player\/?url=https%3A\/\/api.soundcloud.com\/tracks\/1133961964&amp;color=%23ff5500&amp;auto_play=false&amp;hide_related=false&amp;show_comments=true&amp;show_user=true&amp;show_reposts=false&amp;show_teaser=true&amp;visual=true\" width=\"100%\" height=\"300\" frameborder=\"no\" scrolling=\"no\"><\/iframe><\/p>\n<div style=\"font-size: 10px; color: #cccccc; line-break: anywhere; word-break: normal; overflow: hidden; white-space: nowrap; text-overflow: ellipsis; font-family: Interstate, 'Lucida Grande', 'Lucida Sans Unicode', 'Lucida Sans', Garuda, Verdana, Tahoma, sans-serif; font-weight: 100; text-align: center;\"><a style=\"color: #cccccc; text-decoration: none;\" title=\"V\u00f3s Pessoas no Plural\" href=\"https:\/\/soundcloud.com\/vos-social\" target=\"_blank\" rel=\"noopener\">V\u00f3s Pessoas no Plural<\/a> \u00b7 <a style=\"color: #cccccc; text-decoration: none;\" title=\"BSV Especial Coronav\u00edrus #75 Mil dias de Bolsonaro, Prevent S\u00eanior e o V\u00e9io da Havan\" href=\"https:\/\/soundcloud.com\/vos-social\/bsv-especial-coronavirus-75-mil-dias-de-bolsonaro-prevent-senior-e-o-veio-da-havan\" target=\"_blank\" rel=\"noopener\">BSV Especial Coronav\u00edrus #75 Mil dias de Bolsonaro, Prevent S\u00eanior e o V\u00e9io da Havan<\/a><\/div>","protected":false},"excerpt":{"rendered":"<p>V\u00f3s Pessoas no Plural \u00b7 BSV Especial Coronav\u00edrus #75 Mil dias de Bolsonaro, Prevent S\u00eanior e o V\u00e9io da Havan<\/p>\n","protected":false},"author":3,"featured_media":8387,"comment_status":"open","ping_status":"open","sticky":false,"template":"","format":"standard","meta":{"_acf_changed":false,"footnotes":""},"categories":[1541],"tags":[],"class_list":["post-8386","post","type-post","status-publish","format-standard","has-post-thumbnail","hentry","category-podcasts"],"acf":[],"_links":{"self":[{"href":"https:\/\/vos.homolog.arsnova.work\/index.php?rest_route=\/wp\/v2\/posts\/8386","targetHints":{"allow":["GET"]}}],"collection":[{"href":"https:\/\/vos.homolog.arsnova.work\/index.php?rest_route=\/wp\/v2\/posts"}],"about":[{"href":"https:\/\/vos.homolog.arsnova.work\/index.php?rest_route=\/wp\/v2\/types\/post"}],"author":[{"embeddable":true,"href":"https:\/\/vos.homolog.arsnova.work\/index.php?rest_route=\/wp\/v2\/users\/3"}],"replies":[{"embeddable":true,"href":"https:\/\/vos.homolog.arsnova.work\/index.php?rest_route=%2Fwp%2Fv2%2Fcomments&post=8386"}],"version-history":[{"count":0,"href":"https:\/\/vos.homolog.arsnova.work\/index.php?rest_route=\/wp\/v2\/posts\/8386\/revisions"}],"wp:featuredmedia":[{"embeddable":true,"href":"https:\/\/vos.homolog.arsnova.work\/index.php?rest_route=\/wp\/v2\/media\/8387"}],"wp:attachment":[{"href":"https:\/\/vos.homolog.arsnova.work\/index.php?rest_route=%2Fwp%2Fv2%2Fmedia&parent=8386"}],"wp:term":[{"taxonomy":"category","embeddable":true,"href":"https:\/\/vos.homolog.arsnova.work\/index.php?rest_route=%2Fwp%2Fv2%2Fcategories&post=8386"},{"taxonomy":"post_tag","embeddable":true,"href":"https:\/\/vos.homolog.arsnova.work\/index.php?rest_route=%2Fwp%2Fv2%2Ftags&post=8386"}],"curies":[{"name":"wp","href":"https:\/\/api.w.org\/{rel}","templated":true}]}}