{"id":8374,"date":"2021-09-24T10:44:36","date_gmt":"2021-09-24T13:44:36","guid":{"rendered":"https:\/\/vos.homolog.arsnova.work\/?p=8374"},"modified":"2021-09-24T10:45:51","modified_gmt":"2021-09-24T13:45:51","slug":"cantinho-da-leitura-11-os-livros-e-as-emocoes-das-crianca","status":"publish","type":"post","link":"https:\/\/vos.homolog.arsnova.work\/?p=8374","title":{"rendered":"Cantinho da Leitura #11 Os livros e as emo\u00e7\u00f5es das crian\u00e7as"},"content":{"rendered":"\n<p class=\"p1\"><b>No d\u00e9cimo epis\u00f3dio do podcast Cantinho da Leitura, os livros e as emo\u00e7\u00f5es das crian\u00e7as.<\/b>&nbsp;A jornalista&nbsp;Ge\u00f3rgia Santos&nbsp;conversa com&nbsp;Fl\u00e1via Cunha, jornalista, mestre em Literatura pela UFRGS, produtora editorial de livros infanto-juvenis e colunista do&nbsp;<a href=\"https:\/\/vos.homolog.arsnova.work\/colunas\/voos-literarios\/\"><span class=\"s1\">V\u00f3s<\/span><\/a>. O Cantinho da Leitura \u00e9 um podcast parceiro da&nbsp;<b>Companhia das Letrinhas<\/b>.<\/p>\n<h4 class=\"p1\" style=\"text-align: center;\"><b>.<\/b><\/h4>\n<h4 class=\"p1\" style=\"text-align: center;\"><b>Tristeza, alegria, raiva. Essas s\u00e3o emo\u00e7\u00f5es que todos n\u00f3s sentimos ao longo da vida.<\/b><\/h4>\n<h4 class=\"p1\" style=\"text-align: center;\"><b>Mas, na inf\u00e2ncia tudo \u00e9 mais intenso<\/b><\/h4>\n<h4 style=\"text-align: center;\">.<\/h4>\n<p class=\"p1\">E os adultos \u00e0s vezes ficam aflitos ao verem as crian\u00e7as sem saberem lidar com as pr\u00f3prias emo\u00e7\u00f5es. Como as fam\u00edlias podem ajudar? N\u00f3s mostramos que os livros infantis, tem espa\u00e7o nesse processo. Tamb\u00e9m conversamos com <strong>Anelise Rocha<\/strong>, psic\u00f3loga cl\u00ednica infantil e escolar.<\/p>\n<p class=\"p1\">Nas dicas de leitura para as crian\u00e7as,&nbsp;Contos de Fada em geral, que s\u00e3o uma sugest\u00e3o da nossa convidada Anelise Rocha; <a href=\"http:\/\/www.leya.com.br\/mau-humor\/\"><span class=\"s1\">Mau Humor,<\/span><\/a> de Charlotte Zolotow, editora Pingo de Ouro; <a href=\"https:\/\/www.editoratigrito.com\/pagina-de-produto\/o-jardim-da-lua\"><span class=\"s1\">O Jardim da Lua<\/span><\/a>, de Wianna Kell, pela editora Tigrito; e <a href=\"https:\/\/www.companhiadasletras.com.br\/detalhe.php?codigo=41424\"><span class=\"s1\">Os Invis\u00edveis<\/span><\/a>, de Tino Freitas, editora Companhia das Letrinhas.<\/p>\n\n\n<p style=\"text-align: center;\"><iframe loading=\"lazy\" src=\"https:\/\/anchor.fm\/cantinho\/embed\/episodes\/Cantinho-da-Leitura-11-Os-livros-e-as-emoes-das-crianas-e17r5f1\" width=\"400px\" height=\"102px\" frameborder=\"0\" scrolling=\"no\"><\/iframe><\/p>","protected":false},"excerpt":{"rendered":"","protected":false},"author":3,"featured_media":7485,"comment_status":"open","ping_status":"open","sticky":false,"template":"","format":"standard","meta":{"_acf_changed":false,"footnotes":""},"categories":[1541],"tags":[],"class_list":["post-8374","post","type-post","status-publish","format-standard","has-post-thumbnail","hentry","category-podcasts"],"acf":[],"_links":{"self":[{"href":"https:\/\/vos.homolog.arsnova.work\/index.php?rest_route=\/wp\/v2\/posts\/8374","targetHints":{"allow":["GET"]}}],"collection":[{"href":"https:\/\/vos.homolog.arsnova.work\/index.php?rest_route=\/wp\/v2\/posts"}],"about":[{"href":"https:\/\/vos.homolog.arsnova.work\/index.php?rest_route=\/wp\/v2\/types\/post"}],"author":[{"embeddable":true,"href":"https:\/\/vos.homolog.arsnova.work\/index.php?rest_route=\/wp\/v2\/users\/3"}],"replies":[{"embeddable":true,"href":"https:\/\/vos.homolog.arsnova.work\/index.php?rest_route=%2Fwp%2Fv2%2Fcomments&post=8374"}],"version-history":[{"count":0,"href":"https:\/\/vos.homolog.arsnova.work\/index.php?rest_route=\/wp\/v2\/posts\/8374\/revisions"}],"wp:featuredmedia":[{"embeddable":true,"href":"https:\/\/vos.homolog.arsnova.work\/index.php?rest_route=\/wp\/v2\/media\/7485"}],"wp:attachment":[{"href":"https:\/\/vos.homolog.arsnova.work\/index.php?rest_route=%2Fwp%2Fv2%2Fmedia&parent=8374"}],"wp:term":[{"taxonomy":"category","embeddable":true,"href":"https:\/\/vos.homolog.arsnova.work\/index.php?rest_route=%2Fwp%2Fv2%2Fcategories&post=8374"},{"taxonomy":"post_tag","embeddable":true,"href":"https:\/\/vos.homolog.arsnova.work\/index.php?rest_route=%2Fwp%2Fv2%2Ftags&post=8374"}],"curies":[{"name":"wp","href":"https:\/\/api.w.org\/{rel}","templated":true}]}}