{"id":8370,"date":"2021-09-22T17:00:00","date_gmt":"2021-09-22T20:00:00","guid":{"rendered":"https:\/\/vos.homolog.arsnova.work\/?p=8370"},"modified":"2021-09-24T10:09:10","modified_gmt":"2021-09-24T13:09:10","slug":"bsv-especial-coronavirus-74-as-mentiras-de-bolsonaro-na-onu","status":"publish","type":"post","link":"https:\/\/vos.homolog.arsnova.work\/?p=8370","title":{"rendered":"BSV Especial Coronav\u00edrus #74 As mentiras de Bolsonaro na ONU"},"content":{"rendered":"\n<p class=\"p1\" style=\"text-align: center;\"><strong>Nesta semana, uma s\u00e9rie de vergonha: as mentiras de Bolsonaro na ONU e o machismo escancarado na CPI da Covid<\/strong><\/p>\n<p class=\"p3\" style=\"text-align: center;\">.<\/p>\n<p class=\"p4\" style=\"text-align: center;\"><a href=\"https:\/\/www.catarse.me\/vos_social\"><b>CLIQUE AQUI E APOIE O V\u00d3S<\/b><\/a><\/p>\n<p class=\"p3\" style=\"text-align: center;\">.<\/p>\n<p class=\"p1\">O presidente Jair Bolsonaro foi respons\u00e1vel pelo discurso de abertura da 76\u00aa Assembleia Geral da Organiza\u00e7\u00e3o das Na\u00e7\u00f5es Unidas (ONU), em Nova York, nos Estados Unidos. <a href=\"https:\/\/g1.globo.com\/politica\/noticia\/2021\/09\/21\/bolsonaro-discursa-na-76a-assembleia-geral-da-onu-em-nova-york.ghtml\" target=\"_blank\" rel=\"noopener\">Ele foi respons\u00e1vel, tamb\u00e9m, pela vergonha que os brasileiros passaram no evento.<\/a><\/p>\n<p class=\"p1\" style=\"text-align: center;\">.<\/p>\n<h4 class=\"p1\" style=\"text-align: center;\">Afinal, ele mentiu. Mentiu muito<\/h4>\n<p style=\"text-align: center;\">.<\/p>\n<p class=\"p1\">Mentiu sobre n\u00e3o haver corrup\u00e7\u00e3o no governo, mentiu sobre o Brasil ter estado \u00e1 beira do socialismo, mentiu sobre a pol\u00edtica ambiental, mentiu sobre a economia, sobre o aux\u00edlio emergencial, mentiu sobre a pandemia, <a href=\"https:\/\/vos.homolog.arsnova.work\/podcasts\/podcasts-bsv-especial-coronavirus-72-golpismo-a-la-bolsonaro\/\" target=\"_blank\" rel=\"noopener\">mentiu que as manifesta\u00e7\u00f5es do 7 de setembro foram as maiores da hist\u00f3ria<\/a>. E como se n\u00e3o bastasse, refor\u00e7ou a nega\u00e7\u00e3o da ci\u00eancia ao defender o mentiroso tratamento precoce contra a Covid-19.<\/p>\n<p class=\"p1\">E a vergonha s\u00f3 aumenta, porque o ministro da Sa\u00fade, Marcelo Queiroga, est\u00e1 <em>quarentenado<\/em> em Nova York porque testou positivo para Covid. Isso mesmo.<\/p>\n<p class=\"p1\" style=\"text-align: justify;\"><strong>Por aqui, um depoente da CPI da Covid se encarregou da vergonha.<\/strong> O ministro Wagner do Ros\u00e1rio, da Controladoria-Geral da Uni\u00e3o, chamou a senadora Simonte Tebet (MDB-MS) de \u201cdescontrolada\u201d.<\/p>\n<p class=\"p1\"><b>Participam os jornalistas Ge\u00f3rgia Santos, Fl\u00e1via Cunha, Igor Natusch e T\u00e9rcio Saccol.&nbsp;Voc\u00ea tamb\u00e9m pode ouvir o epis\u00f3dio no&nbsp;<\/b><a href=\"https:\/\/open.spotify.com\/show\/5I8zWzbmuDvEx9Wp6Gtnyd\"><span class=\"s1\"><b>Spotify<\/b><\/span><\/a><b>,&nbsp;<\/b><a href=\"https:\/\/podcasts.apple.com\/us\/podcast\/bendita-sois-v%C3%B3s\/id1436913300\"><span class=\"s1\"><b>Itunes<\/b><\/span><\/a><b>&nbsp;e&nbsp;<\/b><a href=\"https:\/\/castbox.fm\/channel\/Bendita-Sois-V%C3%B3s-id1474946?country=br\"><span class=\"s1\"><b>Castbox<\/b><\/span><\/a><b>.&nbsp;<\/b><\/p>\n<p>&nbsp;<\/p>\n\n\n<p style=\"text-align: center;\"><iframe loading=\"lazy\" src=\"https:\/\/w.soundcloud.com\/player\/?url=https%3A\/\/api.soundcloud.com\/tracks\/1129295380%3Fsecret_token%3Ds-Uasb03kWZHe&amp;color=%23ff5500&amp;auto_play=false&amp;hide_related=false&amp;show_comments=true&amp;show_user=true&amp;show_reposts=false&amp;show_teaser=true&amp;visual=true\" width=\"100%\" height=\"300\" frameborder=\"no\" scrolling=\"no\"><\/iframe><\/p>\n<div style=\"font-size: 10px; color: #cccccc; line-break: anywhere; word-break: normal; overflow: hidden; white-space: nowrap; text-overflow: ellipsis; font-family: Interstate, 'Lucida Grande', 'Lucida Sans Unicode', 'Lucida Sans', Garuda, Verdana, Tahoma, sans-serif; font-weight: 100; text-align: center;\"><a style=\"color: #cccccc; text-decoration: none;\" title=\"V\u00f3s Pessoas no Plural\" href=\"https:\/\/soundcloud.com\/vos-social\" target=\"_blank\" rel=\"noopener\">V\u00f3s Pessoas no Plural<\/a> \u00b7 <a style=\"color: #cccccc; text-decoration: none;\" title=\"BSV Especial Coronav\u00edrus #74 As mentiras de Bolsonaro na ONU\" href=\"https:\/\/soundcloud.com\/vos-social\/bsv-especial-coronavirus-74-as-mentiras-de-bolsonaro-na-onu\/s-Uasb03kWZHe\" target=\"_blank\" rel=\"noopener\">BSV Especial Coronav\u00edrus #74 As mentiras de Bolsonaro na ONU<\/a><\/div>","protected":false},"excerpt":{"rendered":"<p>V\u00f3s Pessoas no Plural \u00b7 BSV Especial Coronav\u00edrus #74 As mentiras de Bolsonaro na ONU<\/p>\n","protected":false},"author":3,"featured_media":8371,"comment_status":"open","ping_status":"open","sticky":false,"template":"","format":"standard","meta":{"_acf_changed":false,"footnotes":""},"categories":[1541],"tags":[870,800,2158,2188,2599,322,1964,2165,228,2352],"class_list":["post-8370","post","type-post","status-publish","format-standard","has-post-thumbnail","hentry","category-podcasts","tag-bolsonaro","tag-brasil","tag-coronavirus","tag-covid","tag-cpicovid","tag-machismo","tag-onu","tag-pandemia","tag-politica","tag-vacina"],"acf":[],"_links":{"self":[{"href":"https:\/\/vos.homolog.arsnova.work\/index.php?rest_route=\/wp\/v2\/posts\/8370","targetHints":{"allow":["GET"]}}],"collection":[{"href":"https:\/\/vos.homolog.arsnova.work\/index.php?rest_route=\/wp\/v2\/posts"}],"about":[{"href":"https:\/\/vos.homolog.arsnova.work\/index.php?rest_route=\/wp\/v2\/types\/post"}],"author":[{"embeddable":true,"href":"https:\/\/vos.homolog.arsnova.work\/index.php?rest_route=\/wp\/v2\/users\/3"}],"replies":[{"embeddable":true,"href":"https:\/\/vos.homolog.arsnova.work\/index.php?rest_route=%2Fwp%2Fv2%2Fcomments&post=8370"}],"version-history":[{"count":0,"href":"https:\/\/vos.homolog.arsnova.work\/index.php?rest_route=\/wp\/v2\/posts\/8370\/revisions"}],"wp:featuredmedia":[{"embeddable":true,"href":"https:\/\/vos.homolog.arsnova.work\/index.php?rest_route=\/wp\/v2\/media\/8371"}],"wp:attachment":[{"href":"https:\/\/vos.homolog.arsnova.work\/index.php?rest_route=%2Fwp%2Fv2%2Fmedia&parent=8370"}],"wp:term":[{"taxonomy":"category","embeddable":true,"href":"https:\/\/vos.homolog.arsnova.work\/index.php?rest_route=%2Fwp%2Fv2%2Fcategories&post=8370"},{"taxonomy":"post_tag","embeddable":true,"href":"https:\/\/vos.homolog.arsnova.work\/index.php?rest_route=%2Fwp%2Fv2%2Ftags&post=8370"}],"curies":[{"name":"wp","href":"https:\/\/api.w.org\/{rel}","templated":true}]}}