{"id":8361,"date":"2021-09-21T14:10:59","date_gmt":"2021-09-21T17:10:59","guid":{"rendered":"https:\/\/vos.homolog.arsnova.work\/?p=8361"},"modified":"2021-09-21T14:11:01","modified_gmt":"2021-09-21T17:11:01","slug":"paulo-freire-google-e-o-odio-bolsonarista","status":"publish","type":"post","link":"https:\/\/vos.homolog.arsnova.work\/?p=8361","title":{"rendered":"Paulo Freire, Google e o \u00f3dio bolsonarista"},"content":{"rendered":"\n<p style=\"text-align: justify\"><span style=\"font-weight: 400\">Paulo Freire ser um dos alvos do \u00f3dio bolsonarista n\u00e3o \u00e9 novidade. Mas acusar de ideologia esquerdista uma multinacional norte-americana como a empresa Google por causa de Freire \u00e9 um dos disparates recentes do cl\u00e3 do presidente da Rep\u00fablica. Tudo isso porque a Google resolveu, no \u00faltimo domingo, fazer uma homenagem ao centen\u00e1rio de Paulo Freire. <\/span><span style=\"font-weight: 400\">Para isso, utilizou o recurso conhecido como <a href=\"https:\/\/educacao.uol.com.br\/noticias\/2021\/09\/19\/doodle-paulo-freire-google.htm\" target=\"_blank\" rel=\"noopener\">Doodle<\/a>, uma vers\u00e3o do logotipo da empresa usada para esse fim em datas especiais.\u00a0<\/span><\/p>\n<p style=\"text-align: justify\"><span style=\"font-weight: 400\">Como rea\u00e7\u00e3o, Eduardo Bolsonaro escreveu no <a href=\"https:\/\/revistaforum.com.br\/redes-sociais\/google-homenageia-paulo-freire-e-eduardo-bolsonaro-se-desespera-proximo-e-o-lula\/\" target=\"_blank\" rel=\"noopener\">Twitter<\/a> que ningu\u00e9m deveria estranhar se o pr\u00f3ximo homenageado pelo Google fosse o ex-presidente Lula. Entretanto, o chilique do filho 03 \u00e9 totalmente pol\u00edtico, j\u00e1 que raz\u00f5es para homenagear Freire n\u00e3o faltam. <\/span><span style=\"font-weight: 400\">Educador consagrado mundialmente, \u00e9 considerado o patrono da Educa\u00e7\u00e3o Brasileira, entre outros tantos feitos.\u00a0<\/span><\/p>\n<p style=\"text-align: justify\"><span style=\"font-weight: 400\">Al\u00e9m disso, esse tipo de discurso bolsonarista \u00e9 s\u00f3 mais uma das heran\u00e7as da ditadura militar. Aos desavisados, vale lembrar que a persegui\u00e7\u00e3o a Paulo Freire come\u00e7ou em 1964, antes mesmo dele publicar o famoso <\/span><a href=\"https:\/\/pt.wikipedia.org\/wiki\/Pedagogia_do_Oprimido\" target=\"_blank\" rel=\"noopener\"><i><span style=\"font-weight: 400\">A Pedagogia do Oprimido<\/span><\/i><\/a><span style=\"font-weight: 400\"> &#8211; o que faria 4 anos depois, durante ex\u00edlio no Chile.\u00a0<\/span><\/p>\n\n\n\n<h3 class=\"wp-block-heading\">Ditadura Militar<\/h3>\n\n\n\n<p style=\"text-align: justify\">Desde o in\u00edcio do golpe militar, o m\u00e9todo de educa\u00e7\u00e3o de adultos proposto por Freire era considerado <a href=\"https:\/\/brasil.elpais.com\/brasil\/2019\/10\/22\/cultura\/1571754417_189523.html\" target=\"_blank\" rel=\"noreferrer noopener\">subversivo<\/a>. No primeiro interrogat\u00f3rio, o ent\u00e3o tenente-coronel H\u00e9lio Ibiapina Lima insistia em saber se o pedagogo era comunista.\u00a0 Afinal, sua proposta de alfabetiza\u00e7\u00e3o incentivava o pensamento cr\u00edtico. Ibiapina Lima, n\u00e3o podemos esquecer, \u00e9 um dos principais respons\u00e1veis por graves viola\u00e7\u00f5es aos direitos humanos durante este per\u00edodo de repress\u00e3o pol\u00edtica. Dentro da l\u00f3gica da ditadura, a pris\u00e3o de Freire tinha como inten\u00e7\u00e3o principal colocar fim ao projeto de alfabetizar, atrav\u00e9s deste m\u00e9todo libert\u00e1rio, 2 milh\u00f5es de adultos em 20 mil pontos de cultura. Somente no Estado da Guanabara (atual Rio de Janeiro), 6 mil pessoas estavam inscritas para participar das aulas.\u00a0<\/p>\n\n\n\n<h3 class=\"wp-block-heading\">Esperan\u00e7a<\/h3>\n\n\n\n<p style=\"text-align: justify\"><span style=\"font-weight: 400\">Mesmo com as persegui\u00e7\u00f5es pol\u00edticas e o ex\u00edlio, Paulo Freire prosseguiu com seus ideais. Tinha consci\u00eancia, no entanto, de n\u00e3o ser uma unanimidade, mesmo entre pessoas da \u00e1rea da Educa\u00e7\u00e3o Em 1992, na apresenta\u00e7\u00e3o do livro<\/span><i><span style=\"font-weight: 400\"> Pedagogia da Esperan\u00e7a<\/span><\/i><span style=\"font-weight: 400\">, ele comentou sobre as acusa\u00e7\u00f5es que sofria na Am\u00e9rica Latina:<\/span><\/p>\n<p style=\"text-align: justify\"><em><span style=\"font-weight: 400\">\u201cCriticavam em mim o que lhes parecia minha politiza\u00e7\u00e3o exagerada. N\u00e3o percebiam, por\u00e9m, que, ao negarem a mim a condi\u00e7\u00e3o de educador, por ser demasiado pol\u00edtico, eram t\u00e3o pol\u00edticos como eu. Certamente, contudo, numa posi\u00e7\u00e3o contr\u00e1ria \u00e0 minha. Neutros \u00e9 que nem eram nem poderiam ser.\u201d<\/span><\/em><\/p>\n<p style=\"text-align: justify\"><span style=\"font-weight: 400\">Confira aqui uma reportagem do <a href=\"https:\/\/cpers.com.br\/paulo-freire-17-livros-para-baixar-em-pdf\/\" target=\"_blank\" rel=\"noopener\">CPERS<\/a> sobre Paulo Freire, com links para 17 obras gratuitas do Patrono da Educa\u00e7\u00e3o.<\/span><\/p>\n\n\n\n<h3 class=\"wp-block-heading\">Homenagem<\/h3>\n\n\n\n<p style=\"text-align: justify\"><span style=\"font-weight: 400\">Em abril de 2019, escrevi, aqui na coluna Voos Liter\u00e1rios, a respeito da grave crise pol\u00edtica que j\u00e1 enfrent\u00e1vamos. No final deste texto, mencionei<a href=\"https:\/\/vos.homolog.arsnova.work\/voos-literarios\/bom-mesmo-era-no-meu-tempo\/\" target=\"_blank\" rel=\"noopener\"> Paulo Freire<\/a>.\u00a0\u00a0<\/span><\/p>\n<p style=\"text-align: justify\"><span style=\"font-weight: 400\">\u201cPor fim, j\u00e1 que a Educa\u00e7\u00e3o desse pa\u00eds t\u00e1 de mal a pior e o governo federal s\u00f3 sabe nomear louco para esse minist\u00e9rio, s\u00f3 tenho uma coisa a dizer. Bom mesmo era no meu tempo de adolesc\u00eancia, em que Paulo Freire era secret\u00e1rio de Educa\u00e7\u00e3o em S\u00e3o Paulo e n\u00e3o execrado publicamente como nesse s\u00e9culo 21.\u201d<\/span><\/p>\n<h3 style=\"text-align: justify\">Em tempo<\/h3>\n<p style=\"text-align: justify\"><span style=\"font-weight: 400\">Freire \u00e9 o terceiro pensador mais citado em trabalhos acad\u00eamicos no mundo. Por isso, a ignor\u00e2ncia bolsonarista pode tentar negar sua import\u00e2ncia, mas todos que prezam o pensamento cr\u00edtico pensam ao contr\u00e1rio. <\/span><\/p>\n<p style=\"text-align: justify\"><span style=\"font-weight: 400\">Viva Paulo Freire, eterno em seu legado!\u00a0<\/span><\/p>\n\n\n","protected":false},"excerpt":{"rendered":"<p>Ditadura Militar Esperan\u00e7a Homenagem<\/p>\n","protected":false},"author":5,"featured_media":8365,"comment_status":"open","ping_status":"open","sticky":false,"template":"","format":"standard","meta":{"_acf_changed":false,"footnotes":""},"categories":[4],"tags":[],"class_list":["post-8361","post","type-post","status-publish","format-standard","has-post-thumbnail","hentry","category-voos-literarios"],"acf":[],"_links":{"self":[{"href":"https:\/\/vos.homolog.arsnova.work\/index.php?rest_route=\/wp\/v2\/posts\/8361","targetHints":{"allow":["GET"]}}],"collection":[{"href":"https:\/\/vos.homolog.arsnova.work\/index.php?rest_route=\/wp\/v2\/posts"}],"about":[{"href":"https:\/\/vos.homolog.arsnova.work\/index.php?rest_route=\/wp\/v2\/types\/post"}],"author":[{"embeddable":true,"href":"https:\/\/vos.homolog.arsnova.work\/index.php?rest_route=\/wp\/v2\/users\/5"}],"replies":[{"embeddable":true,"href":"https:\/\/vos.homolog.arsnova.work\/index.php?rest_route=%2Fwp%2Fv2%2Fcomments&post=8361"}],"version-history":[{"count":0,"href":"https:\/\/vos.homolog.arsnova.work\/index.php?rest_route=\/wp\/v2\/posts\/8361\/revisions"}],"wp:featuredmedia":[{"embeddable":true,"href":"https:\/\/vos.homolog.arsnova.work\/index.php?rest_route=\/wp\/v2\/media\/8365"}],"wp:attachment":[{"href":"https:\/\/vos.homolog.arsnova.work\/index.php?rest_route=%2Fwp%2Fv2%2Fmedia&parent=8361"}],"wp:term":[{"taxonomy":"category","embeddable":true,"href":"https:\/\/vos.homolog.arsnova.work\/index.php?rest_route=%2Fwp%2Fv2%2Fcategories&post=8361"},{"taxonomy":"post_tag","embeddable":true,"href":"https:\/\/vos.homolog.arsnova.work\/index.php?rest_route=%2Fwp%2Fv2%2Ftags&post=8361"}],"curies":[{"name":"wp","href":"https:\/\/api.w.org\/{rel}","templated":true}]}}