{"id":8357,"date":"2021-09-15T17:00:00","date_gmt":"2021-09-15T20:00:00","guid":{"rendered":"https:\/\/vos.homolog.arsnova.work\/?p=8357"},"modified":"2021-09-15T16:36:19","modified_gmt":"2021-09-15T19:36:19","slug":"protestos-bsv-especial-coronavirus-73-terceira-via-entre-protestos-e-jantares","status":"publish","type":"post","link":"https:\/\/vos.homolog.arsnova.work\/?p=8357","title":{"rendered":"BSV Especial Coronav\u00edrus #73 Terceira via entre protestos e jantares"},"content":{"rendered":"\n<p class=\"p1\" style=\"text-align: justify;\"><strong>Nesta semana, a terceira via entre protestos e jantares.\u00a0Porque al\u00e9m do encontro de homens empoeirados, vamos falar dos protestos contra Jair Bolsonaro no \u00faltimo dia 12.<\/strong><\/p>\n<p style=\"text-align: center;\">.<\/p>\n<p style=\"text-align: center;\"><a href=\"https:\/\/www.catarse.me\/vos_social\"><b>CLIQUE AQUI E APOIE O V\u00d3S<\/b><\/a><\/p>\n<p style=\"text-align: center;\">.<\/p>\n<p class=\"p1\" style=\"text-align: justify;\">Afinal, a pol\u00edtica brasileira parece estar girando em torno da terceira via, que agora ganha um refor\u00e7o mofado com a entrada de Michel Temer. <a href=\"https:\/\/g1.globo.com\/sp\/sao-paulo\/noticia\/2021\/09\/14\/em-jantar-em-homenagem-a-temer-em-sp-humorista-imita-bolsonaro-e-outros-politicos-e-provoca-gargalhadas.ghtml\" target=\"_blank\" rel=\"noopener\">Em v\u00eddeo divulgado nesta semana<\/a>, Andr\u00e9 Marinho, filho do empres\u00e1rio Paulo Marinho &#8211; aquele que apoiou Bolsonaro em 2018 e prestou depoimento sobre o trio \u201cRachadinha, Fl\u00e1vio e Queiroz\u201d &#8211; aparece imitando e ridicularizando o presidente da Rep\u00fablica em um\u00a0\u00a0jantar na casa do especulador Naji Nahas. A imita\u00e7\u00e3o de Marinho provocou gargalhadas nos convidados, entre eles, Michel Temer, o novo fetiche da terceira via; o presidente nacional do PSD, Gilberto Kassab, o presidente do Grupo Bandeirantes,\u00a0Johnny Saad; e o jornalista Roberto D\u00e1vila, da Globo News.<\/p>\n<h4 class=\"p1\" style=\"text-align: center;\">.<\/h4>\n<h4 class=\"p1\" style=\"text-align: center;\">Por isso \u00e9 importante apoiar o jornalismo independente, porque ele \u00e9 independente. Porque n\u00f3s somos independentes<\/h4>\n<h4 class=\"p1\" style=\"text-align: center;\">.\u00a0<\/h4>\n<p class=\"p1\" style=\"text-align: justify;\">Ali\u00e1s, girando em torno, n\u00e3o, andando em c\u00edrculos, porque dizem que todo mundo quer uma terceira via, mas ningu\u00e9m conhece esse todo mundo. Tanto que, no \u00faltimo domingo, 12, os <a href=\"https:\/\/g1.globo.com\/politica\/noticia\/2021\/09\/12\/cidades-brasileiras-tem-protestos-contra-bolsonaro.ghtml\" target=\"_blank\" rel=\"noopener\">protestos que pediam uma terceira via<\/a> foram um fracasso de p\u00fablico.<\/p>\n<p class=\"p1\" style=\"text-align: justify;\"><strong>Mas pera a\u00ed, os protestos n\u00e3o eram contra o presidente?<\/strong> Em teoria, sim, mas as faixas e os pixulecos eram bem objetivos: nem Bolsonaro, nem Lula. Logo, eram manifesta\u00e7\u00f5es pela terceira via. <a href=\"https:\/\/www.cnnbrasil.com.br\/politica\/ato-contra-bolsonaro-reune-ciro-gomes-doria-mandetta-e-amoedo-em-sp\/\" target=\"_blank\" rel=\"noopener\">Tanto que vimos D\u00f3ria, Ciro, Leite e Mandetta desfilando e discursando.\u00a0<\/a>H\u00e1 quem culpe o PT pelo fracasso. Mas bora desapegar da s\u00edndrome de Power Ranger, ningu\u00e9m \u00e9 crian\u00e7a aqui. Esperar que o PT apoie uma manifesta\u00e7\u00e3o que infla boneco do Lula vestido de presidi\u00e1rio \u00e9 um pouco demais.<\/p>\n<p class=\"p1\">E s\u00f3 pra gente n\u00e3o ficar um epis\u00f3dio inteiro sem falar das barbaridades de Jair Bolsonaro, ele agora <a href=\"https:\/\/valor.globo.com\/politica\/noticia\/2021\/09\/14\/bolsonaro-defende-liberdade-para-fake-news.ghtml\" target=\"_blank\" rel=\"noopener\">resolveu fazer carinho nas Fake News e dizer que fazem parte da vida<\/a>.\u00a0\u00a0Disso n\u00f3s j\u00e1 sab\u00edamos, n\u00e3o \u00e9 mesmo? Ainda mais depois do fiasco com os caminhoneiros na semana passada, que n\u00e3o acreditaram no \u00e1udio de Bolsonaro e comemoraram um falso estado de s\u00edtio. Pane no sistema, como diria Pitty.\u00a0<\/p>\n<p><b>Participam os jornalistas Ge\u00f3rgia Santos, Fl\u00e1via Cunha, Igor Natusch e T\u00e9rcio Saccol.\u00a0Voc\u00ea tamb\u00e9m pode ouvir o epis\u00f3dio no\u00a0<\/b><a href=\"https:\/\/open.spotify.com\/show\/5I8zWzbmuDvEx9Wp6Gtnyd\"><span class=\"s1\"><b>Spotify<\/b><\/span><\/a><b>,\u00a0<\/b><a href=\"https:\/\/podcasts.apple.com\/us\/podcast\/bendita-sois-v%C3%B3s\/id1436913300\"><span class=\"s1\"><b>Itunes<\/b><\/span><\/a><b>\u00a0e\u00a0<\/b><a href=\"https:\/\/castbox.fm\/channel\/Bendita-Sois-V%C3%B3s-id1474946?country=br\"><span class=\"s1\"><b>Castbox<\/b><\/span><\/a><b>.\u00a0<\/b><\/p>\n\n\n<p style=\"text-align: center;\"><iframe loading=\"lazy\" src=\"https:\/\/w.soundcloud.com\/player\/?url=https%3A\/\/api.soundcloud.com\/tracks\/1125248758%3Fsecret_token%3Ds-UN38G6xmvAZ&amp;color=%23ff5500&amp;auto_play=false&amp;hide_related=false&amp;show_comments=true&amp;show_user=true&amp;show_reposts=false&amp;show_teaser=true&amp;visual=true\" width=\"100%\" height=\"300\" frameborder=\"no\" scrolling=\"no\"><\/iframe><\/p>\n<div style=\"font-size: 10px; color: #cccccc; line-break: anywhere; word-break: normal; overflow: hidden; white-space: nowrap; text-overflow: ellipsis; font-family: Interstate, 'Lucida Grande', 'Lucida Sans Unicode', 'Lucida Sans', Garuda, Verdana, Tahoma, sans-serif; font-weight: 100; text-align: center;\"><a style=\"color: #cccccc; text-decoration: none;\" title=\"V\u00f3s Pessoas no Plural\" href=\"https:\/\/soundcloud.com\/vos-social\" target=\"_blank\" rel=\"noopener\">V\u00f3s Pessoas no Plural<\/a> \u00b7 <a style=\"color: #cccccc; text-decoration: none;\" title=\"BSV Especial Coronav\u00edrus #73 Terceira via entre protestos e jantares\" href=\"https:\/\/soundcloud.com\/vos-social\/bsv-especial-coronavirus-73-terceira-via-entre-protestos-e-jantares\/s-UN38G6xmvAZ\" target=\"_blank\" rel=\"noopener\">BSV Especial Coronav\u00edrus #73 Terceira via entre protestos e jantares<\/a><\/div>","protected":false},"excerpt":{"rendered":"<p>V\u00f3s Pessoas no Plural \u00b7 BSV Especial Coronav\u00edrus #73 Terceira via entre protestos e jantares<\/p>\n","protected":false},"author":3,"featured_media":8358,"comment_status":"open","ping_status":"open","sticky":false,"template":"","format":"standard","meta":{"_acf_changed":false,"footnotes":""},"categories":[1541],"tags":[870,2597,814,2213,109,64,169,2596],"class_list":["post-8357","post","type-post","status-publish","format-standard","has-post-thumbnail","hentry","category-podcasts","tag-bolsonaro","tag-caminhoneiros","tag-fake-news","tag-fora-bolsonaro","tag-lula","tag-protestos","tag-temer","tag-terceira-via"],"acf":[],"_links":{"self":[{"href":"https:\/\/vos.homolog.arsnova.work\/index.php?rest_route=\/wp\/v2\/posts\/8357","targetHints":{"allow":["GET"]}}],"collection":[{"href":"https:\/\/vos.homolog.arsnova.work\/index.php?rest_route=\/wp\/v2\/posts"}],"about":[{"href":"https:\/\/vos.homolog.arsnova.work\/index.php?rest_route=\/wp\/v2\/types\/post"}],"author":[{"embeddable":true,"href":"https:\/\/vos.homolog.arsnova.work\/index.php?rest_route=\/wp\/v2\/users\/3"}],"replies":[{"embeddable":true,"href":"https:\/\/vos.homolog.arsnova.work\/index.php?rest_route=%2Fwp%2Fv2%2Fcomments&post=8357"}],"version-history":[{"count":0,"href":"https:\/\/vos.homolog.arsnova.work\/index.php?rest_route=\/wp\/v2\/posts\/8357\/revisions"}],"wp:featuredmedia":[{"embeddable":true,"href":"https:\/\/vos.homolog.arsnova.work\/index.php?rest_route=\/wp\/v2\/media\/8358"}],"wp:attachment":[{"href":"https:\/\/vos.homolog.arsnova.work\/index.php?rest_route=%2Fwp%2Fv2%2Fmedia&parent=8357"}],"wp:term":[{"taxonomy":"category","embeddable":true,"href":"https:\/\/vos.homolog.arsnova.work\/index.php?rest_route=%2Fwp%2Fv2%2Fcategories&post=8357"},{"taxonomy":"post_tag","embeddable":true,"href":"https:\/\/vos.homolog.arsnova.work\/index.php?rest_route=%2Fwp%2Fv2%2Ftags&post=8357"}],"curies":[{"name":"wp","href":"https:\/\/api.w.org\/{rel}","templated":true}]}}