{"id":8352,"date":"2021-09-13T15:54:43","date_gmt":"2021-09-13T18:54:43","guid":{"rendered":"https:\/\/vos.homolog.arsnova.work\/?p=8352"},"modified":"2021-09-13T15:54:45","modified_gmt":"2021-09-13T18:54:45","slug":"mbl-e-o-vale-tudo-contra-bolsonaro","status":"publish","type":"post","link":"https:\/\/vos.homolog.arsnova.work\/?p=8352","title":{"rendered":"MBL e o vale tudo contra Bolsonaro"},"content":{"rendered":"\n<p style=\"text-align: justify\"><span style=\"font-weight: 400\">O MBL bem que tentou. Mas os protestos contra Jair Bolsonaro realizados neste domingo (12) fracassaram em apoio popular. Por\u00e9m, n\u00e3o \u00e9 de hoje que o Movimento Brasil Livre parece perder for\u00e7a. Depois de seu auge, ao ter capitaneado o impeachment de Dilma Rousseff e dado apoio \u00e0 candidatura de Bolsonaro, o MBL teve a relev\u00e2ncia reduzida no cen\u00e1rio pol\u00edtico.<\/span><\/p>\n<p style=\"text-align: justify\"><span style=\"font-weight: 400\">Al\u00e9m disso, h\u00e1 uma evidente incoer\u00eancia na atual ruptura do MBL com o presidente. As pautas ideol\u00f3gicas prosseguem bastante alinhadas ao bolsonarismo: defesa do armamento da popula\u00e7\u00e3o e Escola Sem Partido, por exemplo. Por\u00e9m, o MBL chegou a protocolar pedido de impeachment como uma das medidas de rep\u00fadio a Bolsonaro.<\/span><\/p>\n<p style=\"text-align: justify\"><span style=\"font-weight: 400\">Ainda que haja esse aparente afastamento, \u00e9 ineg\u00e1vel que a postura de integrantes do <a href=\"https:\/\/vos.homolog.arsnova.work\/igor-natusch\/pegar-carona-no-mbl-nao-e-so-alegria-e-marchezan-sentiu-o-recado\/\" target=\"_blank\" rel=\"noopener\">MBL<\/a> \u00e9, sim, de extrema direita. Nomes como o do deputado Arthur do Val, conhecido como Mam\u00e3e Falei, combatem o feminismo, as cotas raciais e atacam projetos sociais como do padre J\u00falio Lancelotti. <\/span><\/p>\n<p style=\"text-align: justify\"><span style=\"font-weight: 400\">Dentro desse contexto, ser\u00e1 mesmo vi\u00e1vel uma terceira via democr\u00e1tica constru\u00edda a partir de protestos organizados por grupos como o MBL? At\u00e9 que ponto as presen\u00e7as de Ciro Gomes (PDT), Jo\u00e3o D\u00f3ria (PSDB) e Orlando Silva (PC do B), entre outros pol\u00edticos de diferentes espectros, amenizam esse fato? A aus\u00eancia do PT foi determinante para o fracasso dessas manifesta\u00e7\u00f5es?\u00a0<\/span><\/p>\n<p style=\"text-align: justify\"><span style=\"font-weight: 400\">Considero que estas s\u00e3o perguntas que ser\u00e3o respondidas at\u00e9 a campanha eleitoral de 2022. Mas o que n\u00e3o podemos \u00e9 esquecer a origem do MBL e acreditar que vale tudo contra Bolsonaro. Afinal, trocar a extrema-direita bolsonarista por uma extrema-direita \u201cjovem\u201d e neoliberal est\u00e1 muito longe de ser a mudan\u00e7a necess\u00e1ria para tirar o Brasil da mis\u00e9ria e crise atual.<\/span><\/p>\n<h3 style=\"text-align: justify\">Recomenda\u00e7\u00e3o liter\u00e1ria<\/h3>\n<p style=\"text-align: justify\"><span style=\"font-weight: 400\">O livro <\/span><a href=\"\/\/www.editoracrv.com.br\/produtos\/detalhes\/35208-mbl-crise-politica-e-conflitos-de-classe-no-brasil\" target=\"_blank\" rel=\"noopener\"><i><span style=\"font-weight: 400\">MBL, crise pol\u00edtica e conflitos de classe no Brasil<\/span><\/i><\/a><span style=\"font-weight: 400\">, de Kiane Follmann da Silva, faz um resgate interessante da Hist\u00f3ria recente. Al\u00e9m disso, a obra tra\u00e7a um paralelo do MBL com a <a href=\"https:\/\/www.infoescola.com\/historia-do-brasil\/uniao-democratica-nacional-udn\/\" target=\"_blank\" rel=\"noopener\">UDN<\/a>, partido conservador que atuou entre 1945 e 1965 no Brasil. Assim, a autora demonstra como a \u201cnova pol\u00edtica\u201d do Movimento Brasil Livre n\u00e3o tem nada de inovadora, ao apostar no discurso de combate \u00e0 corrup\u00e7\u00e3o.\u00a0<\/span><\/p>\n<h3 style=\"text-align: justify\">Em tempo<\/h3>\n<p style=\"text-align: justify\"><span style=\"font-weight: 400\">Vale lembrar que as manifesta\u00e7\u00f5es deste domingo tamb\u00e9m foram convocadas pelo Partido Novo e o Vem pra Rua. Este movimento, inclusive, foi o respons\u00e1vel pelo maior desconforto para esquerdistas presentes ao ato na Avenida Paulista. Descumprindo ordens da organiza\u00e7\u00e3o, integrantes do Vem Pra Rua levaram um <a href=\"https:\/\/revistaforum.com.br\/politica\/pixuleco-vem-pra-rua-lula\/\" target=\"_blank\" rel=\"noopener\">\u201cpixuleco\u201d<\/a> de Lula com roupa de presidi\u00e1rio unido a Bolsonaro vestindo uma camisa de for\u00e7a, Apesar dos esfor\u00e7os em evitar o tom antipetista, isso parece inevit\u00e1vel.<\/span><\/p>\n<p><em>Imagem: MBL\/Facebook<\/em><\/p>\n","protected":false},"excerpt":{"rendered":"","protected":false},"author":5,"featured_media":8355,"comment_status":"open","ping_status":"open","sticky":false,"template":"","format":"standard","meta":{"_acf_changed":false,"footnotes":""},"categories":[4],"tags":[2595,744],"class_list":["post-8352","post","type-post","status-publish","format-standard","has-post-thumbnail","hentry","category-voos-literarios","tag-impeachment-bolsonaro","tag-mbl"],"acf":[],"_links":{"self":[{"href":"https:\/\/vos.homolog.arsnova.work\/index.php?rest_route=\/wp\/v2\/posts\/8352","targetHints":{"allow":["GET"]}}],"collection":[{"href":"https:\/\/vos.homolog.arsnova.work\/index.php?rest_route=\/wp\/v2\/posts"}],"about":[{"href":"https:\/\/vos.homolog.arsnova.work\/index.php?rest_route=\/wp\/v2\/types\/post"}],"author":[{"embeddable":true,"href":"https:\/\/vos.homolog.arsnova.work\/index.php?rest_route=\/wp\/v2\/users\/5"}],"replies":[{"embeddable":true,"href":"https:\/\/vos.homolog.arsnova.work\/index.php?rest_route=%2Fwp%2Fv2%2Fcomments&post=8352"}],"version-history":[{"count":0,"href":"https:\/\/vos.homolog.arsnova.work\/index.php?rest_route=\/wp\/v2\/posts\/8352\/revisions"}],"wp:featuredmedia":[{"embeddable":true,"href":"https:\/\/vos.homolog.arsnova.work\/index.php?rest_route=\/wp\/v2\/media\/8355"}],"wp:attachment":[{"href":"https:\/\/vos.homolog.arsnova.work\/index.php?rest_route=%2Fwp%2Fv2%2Fmedia&parent=8352"}],"wp:term":[{"taxonomy":"category","embeddable":true,"href":"https:\/\/vos.homolog.arsnova.work\/index.php?rest_route=%2Fwp%2Fv2%2Fcategories&post=8352"},{"taxonomy":"post_tag","embeddable":true,"href":"https:\/\/vos.homolog.arsnova.work\/index.php?rest_route=%2Fwp%2Fv2%2Ftags&post=8352"}],"curies":[{"name":"wp","href":"https:\/\/api.w.org\/{rel}","templated":true}]}}