{"id":8343,"date":"2021-09-10T15:57:18","date_gmt":"2021-09-10T18:57:18","guid":{"rendered":"https:\/\/vos.homolog.arsnova.work\/?p=8343"},"modified":"2021-09-10T16:08:24","modified_gmt":"2021-09-10T19:08:24","slug":"ativismo-e-arte-2-entrevista-com-atena-beauvoir-roveda","status":"publish","type":"post","link":"https:\/\/vos.homolog.arsnova.work\/?p=8343","title":{"rendered":"Ativismo e Arte #2 Entrevista com Atena Beauvoir Roveda"},"content":{"rendered":"\n<blockquote>\n<p style=\"text-align: justify;\"><span style=\"font-weight: 400;\">\u201cPrimeiro, tenho que me engajar; em seguida, agir segundo a velha f\u00f3rmula: \u2018n\u00e3o \u00e9 preciso ter esperan\u00e7a para empreender\u2019. Isso n\u00e3o quer dizer que eu n\u00e3o deva pertencer a um partido, mas que n\u00e3o deverei ter ilus\u00f5es e que farei o melhor que puder.\u201d<\/span><\/p>\n<p style=\"text-align: justify;\"><span style=\"font-weight: 400;\">Jean-Paul Sartre<\/span><\/p>\n<\/blockquote>\n<p style=\"text-align: justify;\"><span style=\"font-weight: 400;\">A inspira\u00e7\u00e3o sartreana foi um dos motivos que fizeram a fil\u00f3sofa, escritora e professora Atena Beauvoir Roveda ingressar na vida pol\u00edtica. A reflex\u00e3o foi feita durante a entrevista para o projeto Ativismo e Arte. \u201cMe inspirei em Sartre, que prop\u00f4s a literatura engajada \u00e0 alguma luta social, pol\u00edtica ou popular. Afinal, a literatura quer mudar o mundo de dentro para fora. Na pol\u00edtica, \u00e9 o oposto\u201d, analisa. Al\u00e9m disso, <\/span><span style=\"font-weight: 400;\">a inspira\u00e7\u00e3o da filosofia existencialista de Jean Paul Sartre tamb\u00e9m j\u00e1 virou livro: <\/span><i>Libert\u00ea: poesia, filosofia e transantropologia<\/i><b><i>,<\/i><\/b><span style=\"font-weight: 400;\"> lan\u00e7ado em 2018.<\/span><\/p>\n<h4 style=\"text-align: justify;\">.<\/h4>\n<h4 style=\"text-align: justify;\">Engajamento e luta<\/h4>\n<p style=\"text-align: justify;\"><span style=\"font-weight: 400;\">No ano passado, ao refletir a respeito deste engajamento \u00e0 uma luta, a escritora decidiu ir \u00e0 pr\u00e1tica pol\u00edtica, concorrendo \u00e0 vereadora, em Porto Alegre. Atualmente, ocupa o cargo de <\/span><span style=\"font-weight: 400;\">presidente municipal do PDT Diversidade. Apesar da ineg\u00e1vel import\u00e2ncia do tema diversidade, ela pondera que <\/span><span style=\"font-weight: 400;\">ser uma mulher transsexual n\u00e3o a define em todos os seus interesses e causas \u201cAs pessoas \u00e0s vezes acham que por eu ser LGBT essa deva ser a minha \u00fanica posi\u00e7\u00e3o epistemol\u00f3gica, existencial, de produ\u00e7\u00e3o de conhecimento\u201d, observa, referindo-se ao ramo da filosofia que se ocupa do conhecimento cient\u00edfico. \u201cMas se tem algo que me diferencia por ser uma mulher trans \u00e9 ter a coura\u00e7a mais dura\u201d, destaca.\u00a0<\/span><\/p>\n<p style=\"text-align: justify;\"><span style=\"font-weight: 400;\">Essa \u201ccoura\u00e7a\u201d fez ela n\u00e3o recuar quando teve um livro negado por uma editora. Ao contr\u00e1rio, a fez querer lutar. Ap\u00f3s a recusa do original, decidiu criar a editora N\u00eamesis, em 2019, para dar visibilidade a obras escritas por pessoas trans e travestis. Ali\u00e1s, Nem\u00easis \u00e9 uma escolha, no m\u00ednimo, instigante. J\u00e1 que este \u00e9 o nome da deusa grega da justi\u00e7a redistributiva e da vingan\u00e7a. Mas Atena atribui um outro sentido \u00e0 essa palavra, <\/span><span style=\"font-weight: 400;\">ao afirmar, em suas redes sociais, que \u201c<\/span><span style=\"font-weight: 400;\">sua literatura \u00e9 um ato de vingan\u00e7a: vingar a vida fazendo gerar vida\u201d, em uma men\u00e7\u00e3o ao livro <\/span><a href=\"https:\/\/vos.homolog.arsnova.work\/voos-literarios\/pessoas-lgbtqia-e-a-violencia-na-quarentena\/\" target=\"_blank\" rel=\"noopener\"><i><span style=\"font-weight: 400;\">Contos Transantropol\u00f3gicos<\/span><\/i><\/a><span style=\"font-weight: 400;\">.<\/span><span style=\"font-weight: 400;\">\u00a0<\/span><\/p>\n<p style=\"text-align: justify;\"><span style=\"font-weight: 400;\">E, em breve, o tema pol\u00edtica ser\u00e1 abordado em livro. A obra <\/span><span style=\"font-weight: 400;\"><em>A Semente Brasileira<\/em> ser\u00e1 lan\u00e7ada ainda em 2021. <\/span><span style=\"font-weight: 400;\">\u201cQuero apresentar este assunto de uma forma que n\u00e3o nos distancie da pr\u00e1tica. Demonstrar que a pol\u00edtica n\u00e3o se prende \u00e0s estruturas partid\u00e1rias, j\u00e1 que ela se encontra tamb\u00e9m em outros espa\u00e7os.\u201d Atena considera que seu novo livro tamb\u00e9m \u00e9 um convite \u00e0 lucidez. \u201cSe a gente quer uma democracia justa, plural e l\u00facida, precisamos agir dessa forma no nosso dia a dia\u201d, enfatiza.\u00a0<\/span><\/p>\n<p><iframe loading=\"lazy\" title=\"Ativismo e Arte - Epis\u00f3dio 2 - Atena Beauvoir Roveda\" width=\"640\" height=\"360\" src=\"https:\/\/www.youtube.com\/embed\/MGDG0JAbDf0?start=438&#038;feature=oembed\" frameborder=\"0\" allow=\"accelerometer; autoplay; clipboard-write; encrypted-media; gyroscope; picture-in-picture; web-share\" referrerpolicy=\"strict-origin-when-cross-origin\" allowfullscreen><\/iframe><\/p>\n<h4 style=\"text-align: justify;\">.<\/h4>\n<h4 style=\"text-align: justify;\">Atena Beauvoir Roveda\u00a0<\/h4>\n<p style=\"text-align: justify;\"><span style=\"font-weight: 400;\">Nascida em Porto Alegre-RS, \u00e9 escritora, poeta, professora e fil\u00f3sofa. Ou como ela mesmo se define, uma <\/span><span style=\"font-weight: 400;\">livre pensadora em Educa\u00e7\u00e3o, Cultura e Pol\u00edtica. Idealizadora da N\u00eamesis Editora. Para mais informa\u00e7\u00f5es sobre os livros e projetos da autora, acessem seu perfil no <a href=\"https:\/\/www.instagram.com\/atenaroveda\/\" target=\"_blank\" rel=\"noopener\">Instagram<\/a>.\u00a0<\/span><\/p>\n<p style=\"text-align: center;\"><strong>.<\/strong><\/p>\n<p style=\"text-align: center;\"><strong>Ou\u00e7a o podcast com a entrevista completa<\/strong><\/p>\n<p style=\"text-align: center;\">\u00a0<\/p>\n<p style=\"text-align: center;\"><iframe loading=\"lazy\" src=\"https:\/\/anchor.fm\/flavia-cunha3\/embed\/episodes\/Ativismo-e-Arte---Episdio-2---Atena-Beauvoir-Roveda-e176ia5\" width=\"400px\" height=\"102px\" frameborder=\"0\" scrolling=\"no\"><\/iframe><\/p>\n<h3>.<\/h3>\n<h3>Ativismo e Arte \u2013 Quem Faz<\/h3>\n<p><em>Uma produ\u00e7\u00e3o V\u00f3s e F Cunha Produtora<\/em><\/p>\n<p><strong>Apresenta\u00e7\u00e3o e produ\u00e7\u00e3o:<\/strong>\u00a0Fl\u00e1via Cunha<\/p>\n<p><strong>Edi\u00e7\u00e3o de imagem e concep\u00e7\u00e3o gr\u00e1fica:<\/strong>\u00a0Fl\u00e1vio Siqueira<\/p>\n<p><strong>Edi\u00e7\u00e3o de \u00e1udio:<\/strong>\u00a0Ge\u00f3rgia Santos<\/p>\n<p style=\"text-align: justify;\"><br \/><br \/><\/p>\n<p>\u00a0<\/p>\n","protected":false},"excerpt":{"rendered":"","protected":false},"author":5,"featured_media":8263,"comment_status":"open","ping_status":"open","sticky":false,"template":"","format":"standard","meta":{"_acf_changed":false,"footnotes":""},"categories":[1541],"tags":[2594,2575,1343],"class_list":["post-8343","post","type-post","status-publish","format-standard","has-post-thumbnail","hentry","category-podcasts","tag-atena-beauvoir-roveda","tag-ativismo-e-arte","tag-entrevista"],"acf":[],"_links":{"self":[{"href":"https:\/\/vos.homolog.arsnova.work\/index.php?rest_route=\/wp\/v2\/posts\/8343","targetHints":{"allow":["GET"]}}],"collection":[{"href":"https:\/\/vos.homolog.arsnova.work\/index.php?rest_route=\/wp\/v2\/posts"}],"about":[{"href":"https:\/\/vos.homolog.arsnova.work\/index.php?rest_route=\/wp\/v2\/types\/post"}],"author":[{"embeddable":true,"href":"https:\/\/vos.homolog.arsnova.work\/index.php?rest_route=\/wp\/v2\/users\/5"}],"replies":[{"embeddable":true,"href":"https:\/\/vos.homolog.arsnova.work\/index.php?rest_route=%2Fwp%2Fv2%2Fcomments&post=8343"}],"version-history":[{"count":0,"href":"https:\/\/vos.homolog.arsnova.work\/index.php?rest_route=\/wp\/v2\/posts\/8343\/revisions"}],"wp:featuredmedia":[{"embeddable":true,"href":"https:\/\/vos.homolog.arsnova.work\/index.php?rest_route=\/wp\/v2\/media\/8263"}],"wp:attachment":[{"href":"https:\/\/vos.homolog.arsnova.work\/index.php?rest_route=%2Fwp%2Fv2%2Fmedia&parent=8343"}],"wp:term":[{"taxonomy":"category","embeddable":true,"href":"https:\/\/vos.homolog.arsnova.work\/index.php?rest_route=%2Fwp%2Fv2%2Fcategories&post=8343"},{"taxonomy":"post_tag","embeddable":true,"href":"https:\/\/vos.homolog.arsnova.work\/index.php?rest_route=%2Fwp%2Fv2%2Ftags&post=8343"}],"curies":[{"name":"wp","href":"https:\/\/api.w.org\/{rel}","templated":true}]}}