{"id":8339,"date":"2021-09-08T17:31:17","date_gmt":"2021-09-08T20:31:17","guid":{"rendered":"https:\/\/vos.homolog.arsnova.work\/?p=8339"},"modified":"2021-09-08T17:31:18","modified_gmt":"2021-09-08T20:31:18","slug":"podcasts-bsv-especial-coronavirus-72-golpismo-a-la-bolsonaro","status":"publish","type":"post","link":"https:\/\/vos.homolog.arsnova.work\/?p=8339","title":{"rendered":"BSV Especial Coronav\u00edrus #72 Golpismo \u00e0 la Bolsonaro"},"content":{"rendered":"\n<p class=\"p1\">\u00a0<\/p>\n<p class=\"p1\" style=\"text-align: center;\"><strong>Nesta semana, golpismo \u00e0 la Bolsonaro<\/strong><\/p>\n<p class=\"p1\" style=\"text-align: center;\">.<\/p>\n<p class=\"p3\" style=\"text-align: center;\"><a href=\"https:\/\/www.catarse.me\/vos_social\"><b>CLIQUE AQUI E APOIE O V\u00d3S<\/b><\/a><\/p>\n<p class=\"p1\">No \u00faltimo Sete de Setembro, centenas de milhares de pessoas foram as ruas para defender o presidente Jair Bolsonaro. Mesmo assim, a manifesta\u00e7\u00e3o \u201cflopou\u201d.\u00a0<\/p>\n<h4 class=\"p1\" style=\"text-align: center;\">.<\/h4>\n<h4 class=\"p1\" style=\"text-align: center;\">U\u00e9, mas a manifesta\u00e7\u00e3o n\u00e3o foi grande? Foi. Mas foi grande e fracassou? Sim. Como?<\/h4>\n<h4 class=\"p1\" style=\"text-align: center;\">A gente explica<\/h4>\n<h4 class=\"p1\" style=\"text-align: center;\">.<\/h4>\n<p class=\"p1\" style=\"text-align: justify;\"><a href=\"https:\/\/vos.homolog.arsnova.work\/podcasts\/podcasts-bsv-especial-coronavirus-71-dia-da-independencia-e-a-luz-la-em-cima\/\" target=\"_blank\" rel=\"noopener\">Estamos em um contexto de queda na popularidade de Bolsonaro, queda nas avalia\u00e7\u00f5es da administra\u00e7\u00e3o e piora da crise econ\u00f4mica.<\/a> As contas do supermercado, g\u00e1s, luz, gasolina est\u00e3o nas alturas. Mas isso n\u00e3o preocupou o presidente, que ignorou os n\u00fameros da economia e da pandemia e s\u00f3 se preocupou em atacar o Supremo Tribunal Federal (STF) em um tom violento e golpista.<\/p>\n<p class=\"p1\" style=\"text-align: justify;\"><b>Participam os jornalistas Ge\u00f3rgia Santos, Fl\u00e1via Cunha, Igor Natusch e T\u00e9rcio Saccol.\u00a0Voc\u00ea tamb\u00e9m pode ouvir o epis\u00f3dio no\u00a0<\/b><a href=\"https:\/\/open.spotify.com\/show\/5I8zWzbmuDvEx9Wp6Gtnyd\"><span class=\"s1\"><b>Spotify<\/b><\/span><\/a><b>,\u00a0<\/b><a href=\"https:\/\/podcasts.apple.com\/us\/podcast\/bendita-sois-v%C3%B3s\/id1436913300\"><span class=\"s1\"><b>Itunes<\/b><\/span><\/a><b>\u00a0e\u00a0<\/b><a href=\"https:\/\/castbox.fm\/channel\/Bendita-Sois-V%C3%B3s-id1474946?country=br\"><span class=\"s1\"><b>Castbox<\/b><\/span><\/a><b>.\u00a0<\/b><\/p>\n<p>\u00a0<\/p>\n<p style=\"text-align: center;\"><iframe loading=\"lazy\" src=\"https:\/\/w.soundcloud.com\/player\/?url=https%3A\/\/api.soundcloud.com\/tracks\/1121214727&amp;color=%23ff5500&amp;auto_play=false&amp;hide_related=false&amp;show_comments=true&amp;show_user=true&amp;show_reposts=false&amp;show_teaser=true&amp;visual=true\" width=\"100%\" height=\"300\" frameborder=\"no\" scrolling=\"no\"><\/iframe><\/p>\n<div style=\"font-size: 10px; color: #cccccc; line-break: anywhere; word-break: normal; overflow: hidden; white-space: nowrap; text-overflow: ellipsis; font-family: Interstate, 'Lucida Grande', 'Lucida Sans Unicode', 'Lucida Sans', Garuda, Verdana, Tahoma, sans-serif; font-weight: 100; text-align: center;\"><a style=\"color: #cccccc; text-decoration: none;\" title=\"V\u00f3s Pessoas no Plural\" href=\"https:\/\/soundcloud.com\/vos-social\" target=\"_blank\" rel=\"noopener\">V\u00f3s Pessoas no Plural<\/a> \u00b7 <a style=\"color: #cccccc; text-decoration: none;\" title=\"BSV Especial Coronav\u00edrus #72 Golpismo \u00e0 la Bolsonaro\" href=\"https:\/\/soundcloud.com\/vos-social\/bsv-especial-coronavirus-72-golpismo-a-la-bolsonaro\" target=\"_blank\" rel=\"noopener\">BSV Especial Coronav\u00edrus #72 Golpismo \u00e0 la Bolsonaro<\/a><\/div>\n<p class=\"p1\"><em>Foto: Isac N\u00f3brega\/PR<\/em><\/p>\n","protected":false},"excerpt":{"rendered":"","protected":false},"author":3,"featured_media":8340,"comment_status":"open","ping_status":"open","sticky":false,"template":"","format":"standard","meta":{"_acf_changed":false,"footnotes":""},"categories":[1541],"tags":[870,925,239,228,11],"class_list":["post-8339","post","type-post","status-publish","format-standard","has-post-thumbnail","hentry","category-podcasts","tag-bolsonaro","tag-eleicoes","tag-manifestacoes","tag-politica","tag-vos"],"acf":[],"_links":{"self":[{"href":"https:\/\/vos.homolog.arsnova.work\/index.php?rest_route=\/wp\/v2\/posts\/8339","targetHints":{"allow":["GET"]}}],"collection":[{"href":"https:\/\/vos.homolog.arsnova.work\/index.php?rest_route=\/wp\/v2\/posts"}],"about":[{"href":"https:\/\/vos.homolog.arsnova.work\/index.php?rest_route=\/wp\/v2\/types\/post"}],"author":[{"embeddable":true,"href":"https:\/\/vos.homolog.arsnova.work\/index.php?rest_route=\/wp\/v2\/users\/3"}],"replies":[{"embeddable":true,"href":"https:\/\/vos.homolog.arsnova.work\/index.php?rest_route=%2Fwp%2Fv2%2Fcomments&post=8339"}],"version-history":[{"count":0,"href":"https:\/\/vos.homolog.arsnova.work\/index.php?rest_route=\/wp\/v2\/posts\/8339\/revisions"}],"wp:featuredmedia":[{"embeddable":true,"href":"https:\/\/vos.homolog.arsnova.work\/index.php?rest_route=\/wp\/v2\/media\/8340"}],"wp:attachment":[{"href":"https:\/\/vos.homolog.arsnova.work\/index.php?rest_route=%2Fwp%2Fv2%2Fmedia&parent=8339"}],"wp:term":[{"taxonomy":"category","embeddable":true,"href":"https:\/\/vos.homolog.arsnova.work\/index.php?rest_route=%2Fwp%2Fv2%2Fcategories&post=8339"},{"taxonomy":"post_tag","embeddable":true,"href":"https:\/\/vos.homolog.arsnova.work\/index.php?rest_route=%2Fwp%2Fv2%2Ftags&post=8339"}],"curies":[{"name":"wp","href":"https:\/\/api.w.org\/{rel}","templated":true}]}}