{"id":8336,"date":"2021-09-08T15:46:35","date_gmt":"2021-09-08T18:46:35","guid":{"rendered":"https:\/\/vos.homolog.arsnova.work\/?p=8336"},"modified":"2021-09-08T15:48:56","modified_gmt":"2021-09-08T18:48:56","slug":"podcasts-todo-dia-oito-laudelina-uma-lutadora-que-gostava-de-dancar","status":"publish","type":"post","link":"https:\/\/vos.homolog.arsnova.work\/?p=8336","title":{"rendered":"Todo Dia Oito #7 Laudelina, uma lutadora que gostava de dan\u00e7ar"},"content":{"rendered":"\n<h4 class=\"p1\" style=\"text-align: center;\"><b>Todo dia Oito. Todo dia oito, uma hist\u00f3ria. Todo dia oito, uma mulher<\/b><\/h4>\n<p class=\"p1\" style=\"text-align: center;\"><b>.<\/b><\/p>\n<p class=\"p1\" style=\"text-align: justify;\">No s\u00e9timo epis\u00f3dio do podcast, <strong>Laudelina, uma lutadora que gostava de dan\u00e7ar<\/strong>. Ativista. Ex-combatente na Segunda Guerra Mundial. Presa pela ditadura militar brasileira. Organizadora de bailes e concursos de beleza negra.<span class=\"Apple-converted-space\">&nbsp; <\/span>L\u00edder sindical e pioneira na luta pelos direitos das trabalhadoras dom\u00e9sticas, Laudelina de Campos Melo fundou o primeiro sindicato da categoria.<\/p>\n<p>.<\/p>\n<p class=\"p1\"><strong>Pesquisa:<\/strong> Fl\u00e1via Cunha e Ge\u00f3rgia Santos<\/p>\n<p class=\"p1\"><strong>Roteiro:<\/strong> Ge\u00f3rgia Santos e Fl\u00e1via Cunha<\/p>\n<p class=\"p1\"><strong>Produ\u00e7\u00e3o:<\/strong> Raquel Grabauska<\/p>\n<p class=\"p1\"><strong>Apresenta\u00e7\u00e3o e edi\u00e7\u00e3o:<\/strong> Ge\u00f3rgia Santos<\/p>\n<p class=\"p3\"><strong>Trilha sonora original:<\/strong> Gustavo Finkler<\/p>\n<p class=\"p1\">.<\/p>\n<p class=\"p1\" style=\"text-align: justify;\">Os \u00e1udios com a voz da sindicalista foram extra\u00eddos do document\u00e1rio \u201cLaudelina, Suas Lutas e Conquistas\u201d, produzido pelo Pal\u00e1cio dos Azulejos e o Museu da Cidade. Voc\u00ea tamb\u00e9m ouviu depoimentos reais de empregadas dom\u00e9sticas brasileiras, que relataram as dificuldades que ainda enfrentam.<\/p>\n\n\n<p style=\"text-align: center;\"><iframe loading=\"lazy\" src=\"https:\/\/anchor.fm\/tododiaoito\/embed\/episodes\/Laudelina--uma-lutadora-que-gostava-de-danar-e173e3r\" width=\"400px\" height=\"102px\" frameborder=\"0\" scrolling=\"no\"><\/iframe><\/p>","protected":false},"excerpt":{"rendered":"","protected":false},"author":3,"featured_media":8337,"comment_status":"open","ping_status":"open","sticky":false,"template":"","format":"standard","meta":{"_acf_changed":false,"footnotes":""},"categories":[1541],"tags":[2591,2593,284,1946,1130,2592,1353,303,1286],"class_list":["post-8336","post","type-post","status-publish","format-standard","has-post-thumbnail","hentry","category-podcasts","tag-dia8","tag-domesticas","tag-feminismo","tag-feminismo-negro","tag-feminista","tag-laudelina","tag-mulher","tag-mulheres","tag-sindicalismo"],"acf":[],"_links":{"self":[{"href":"https:\/\/vos.homolog.arsnova.work\/index.php?rest_route=\/wp\/v2\/posts\/8336","targetHints":{"allow":["GET"]}}],"collection":[{"href":"https:\/\/vos.homolog.arsnova.work\/index.php?rest_route=\/wp\/v2\/posts"}],"about":[{"href":"https:\/\/vos.homolog.arsnova.work\/index.php?rest_route=\/wp\/v2\/types\/post"}],"author":[{"embeddable":true,"href":"https:\/\/vos.homolog.arsnova.work\/index.php?rest_route=\/wp\/v2\/users\/3"}],"replies":[{"embeddable":true,"href":"https:\/\/vos.homolog.arsnova.work\/index.php?rest_route=%2Fwp%2Fv2%2Fcomments&post=8336"}],"version-history":[{"count":0,"href":"https:\/\/vos.homolog.arsnova.work\/index.php?rest_route=\/wp\/v2\/posts\/8336\/revisions"}],"wp:featuredmedia":[{"embeddable":true,"href":"https:\/\/vos.homolog.arsnova.work\/index.php?rest_route=\/wp\/v2\/media\/8337"}],"wp:attachment":[{"href":"https:\/\/vos.homolog.arsnova.work\/index.php?rest_route=%2Fwp%2Fv2%2Fmedia&parent=8336"}],"wp:term":[{"taxonomy":"category","embeddable":true,"href":"https:\/\/vos.homolog.arsnova.work\/index.php?rest_route=%2Fwp%2Fv2%2Fcategories&post=8336"},{"taxonomy":"post_tag","embeddable":true,"href":"https:\/\/vos.homolog.arsnova.work\/index.php?rest_route=%2Fwp%2Fv2%2Ftags&post=8336"}],"curies":[{"name":"wp","href":"https:\/\/api.w.org\/{rel}","templated":true}]}}