{"id":8332,"date":"2021-09-01T17:00:00","date_gmt":"2021-09-01T20:00:00","guid":{"rendered":"https:\/\/vos.homolog.arsnova.work\/?p=8332"},"modified":"2021-09-01T16:17:07","modified_gmt":"2021-09-01T19:17:07","slug":"podcasts-bsv-especial-coronavirus-71-dia-da-independencia-e-a-luz-la-em-cima","status":"publish","type":"post","link":"https:\/\/vos.homolog.arsnova.work\/?p=8332","title":{"rendered":"BSV Especial Coronav\u00edrus #71 Dia da Independ\u00eancia e a conta de luz l\u00e1 em cima"},"content":{"rendered":"\n<p style=\"text-align: justify;\"><strong>Protestos previstos para o 7 de setembro, Carluxo preocupado e a alta da conta de luz &#8211; e do g\u00e1s, e da gasolina, e da comida e de tudo.<\/strong><\/p>\n<p style=\"text-align: center;\">.<\/p>\n<p style=\"text-align: center;\"><a href=\"https:\/\/www.catarse.me\/vos_social\"><b>CLIQUE AQUI E APOIE O V\u00d3S<\/b><\/a><\/p>\n<p style=\"text-align: center;\">.<\/p>\n<p style=\"text-align: justify;\">Estamos nos aproximando do 7 de setembro e come\u00e7am a surgir alguns questionamentos sobre as mobiliza\u00e7\u00f5es previstas para apoiar o presidente Jair Bolsonaro no Dia da Independ\u00eancia do Brasil. Ser\u00e1 que os protestos ser\u00e3o volumosos ou estamos dando palco pra maluco? Ser\u00e1 que ser\u00e3o antidemocr\u00e1ticos, como prometem, ou veremos uma esp\u00e9cie de reedi\u00e7\u00e3o de 2016, com mobiliza\u00e7\u00f5es festivas? Ser\u00e1 que Bolsonaro ainda tem o apoio que tinha? A realidade indica que n\u00e3o, que ele n\u00e3o tem o mesmo apoio.<\/p>\n<p style=\"text-align: center;\">.<\/p>\n<h4 style=\"text-align: center;\">Al\u00e9m do governo desastroso, as den\u00fancias e evid\u00eancias de corrup\u00e7\u00e3o come\u00e7am a se empilhar sobre a fam\u00edlia Bolsonaro<\/h4>\n<p style=\"text-align: center;\">.<\/p>\n<p style=\"text-align: justify;\">O corrupto alvo da vez \u00e9 Carlos Bolsonaro, nosso querido Carluxo. <a href=\"https:\/\/g1.globo.com\/rj\/rio-de-janeiro\/noticia\/2021\/08\/31\/carlos-bolsonaro-tem-sigilos-fiscal-e-bancario-quebrados-pela-justica-em-apuracao-sobre-funcionarios-fantasmas-na-camara-do-rio.ghtml\" target=\"_blank\" rel=\"noopener\">Isso porque o Tribunal de Justi\u00e7a do Rio de Janeiro determinou a quebra dos sigilos banc\u00e1rio e fiscal do vereador.<\/a> Por que? Por conta de um suposto esquema de pagamento de funcion\u00e1rios &#8220;fantasmas&#8221; e a famosa rachadinha.<\/p>\n<p style=\"text-align: center;\">.<\/p>\n<h4 style=\"text-align: center;\">Enquanto isso, o brasileiro se afunda na mis\u00e9ria<\/h4>\n<p style=\"text-align: center;\">.<\/p>\n<p style=\"text-align: justify;\">Agora \u00e9 a vez da conta de luz ficar mais cara. E n\u00e3o \u00e9 s\u00f3 a conta de luz. Tudo fica mais caro o tempo todo. \u00c9 como se eu finalmente entendesse a matem\u00e1tica da progress\u00e3o geom\u00e9trica crescente.<\/p>\n<p style=\"text-align: justify;\">De tudo isso, temos uma certeza, ao menos: Jair Bolsonaro n\u00e3o \u00e9 nenhum Super-Homem, <a href=\"https:\/\/noticias.uol.com.br\/politica\/ultimas-noticias\/2021\/08\/19\/bolsonaro-fala-discurso-superman.htm\" target=\"_blank\" rel=\"noopener\">como deu a entender em Minas Gerais, quando disse que a cadeira da presid\u00eancia era igual Kriptonita<\/a>. E que bom, porque Bolsonaro voando e com poderes \u00e9 algo que destruiria o Brasil. Pera\u2026<\/p>\n<p><b>Participam os jornalistas Ge\u00f3rgia Santos, Fl\u00e1via Cunha, Igor Natusch e T\u00e9rcio Saccol.\u00a0Voc\u00ea tamb\u00e9m pode ouvir o epis\u00f3dio no\u00a0<\/b><a href=\"https:\/\/open.spotify.com\/show\/5I8zWzbmuDvEx9Wp6Gtnyd\"><span class=\"s1\"><b>Spotify<\/b><\/span><\/a><b>,\u00a0<\/b><a href=\"https:\/\/podcasts.apple.com\/us\/podcast\/bendita-sois-v%C3%B3s\/id1436913300\"><span class=\"s1\"><b>Itunes<\/b><\/span><\/a><b>\u00a0e\u00a0<\/b><a href=\"https:\/\/castbox.fm\/channel\/Bendita-Sois-V%C3%B3s-id1474946?country=br\"><span class=\"s1\"><b>Castbox<\/b><\/span><\/a><b>.\u00a0<\/b><\/p>\n<p style=\"text-align: center;\"><iframe loading=\"lazy\" src=\"https:\/\/w.soundcloud.com\/player\/?url=https%3A\/\/api.soundcloud.com\/tracks\/1117078942%3Fsecret_token%3Ds-yjQL188Js4a&amp;color=%23ff5500&amp;auto_play=false&amp;hide_related=false&amp;show_comments=true&amp;show_user=true&amp;show_reposts=false&amp;show_teaser=true&amp;visual=true\" width=\"100%\" height=\"300\" frameborder=\"no\" scrolling=\"no\"><\/iframe><\/p>\n<div style=\"font-size: 10px; color: #cccccc; line-break: anywhere; word-break: normal; overflow: hidden; white-space: nowrap; text-overflow: ellipsis; font-family: Interstate, 'Lucida Grande', 'Lucida Sans Unicode', 'Lucida Sans', Garuda, Verdana, Tahoma, sans-serif; font-weight: 100; text-align: center;\"><a style=\"color: #cccccc; text-decoration: none;\" title=\"V\u00f3s Pessoas no Plural\" href=\"https:\/\/soundcloud.com\/vos-social\" target=\"_blank\" rel=\"noopener\">V\u00f3s Pessoas no Plural<\/a> \u00b7 <a style=\"color: #cccccc; text-decoration: none;\" title=\"BSV Especial Coronav\u00edrus #71 Dia da Independ\u00eancia e a conta de luz l\u00e1 em cima\" href=\"https:\/\/soundcloud.com\/vos-social\/bsv-especial-coronavirus-71-dia-da-independencia-e-a-conta-de-luz-la-em-cima\/s-yjQL188Js4a\" target=\"_blank\" rel=\"noopener\">BSV Especial Coronav\u00edrus #71 Dia da Independ\u00eancia e a conta de luz l\u00e1 em cima<\/a><\/div>\n<p style=\"text-align: justify;\"><em>Foto original: Alan Santos\/PR<\/em><\/p>\n","protected":false},"excerpt":{"rendered":"","protected":false},"author":3,"featured_media":8333,"comment_status":"open","ping_status":"open","sticky":false,"template":"","format":"standard","meta":{"_acf_changed":false,"footnotes":""},"categories":[1541],"tags":[],"class_list":["post-8332","post","type-post","status-publish","format-standard","has-post-thumbnail","hentry","category-podcasts"],"acf":[],"_links":{"self":[{"href":"https:\/\/vos.homolog.arsnova.work\/index.php?rest_route=\/wp\/v2\/posts\/8332","targetHints":{"allow":["GET"]}}],"collection":[{"href":"https:\/\/vos.homolog.arsnova.work\/index.php?rest_route=\/wp\/v2\/posts"}],"about":[{"href":"https:\/\/vos.homolog.arsnova.work\/index.php?rest_route=\/wp\/v2\/types\/post"}],"author":[{"embeddable":true,"href":"https:\/\/vos.homolog.arsnova.work\/index.php?rest_route=\/wp\/v2\/users\/3"}],"replies":[{"embeddable":true,"href":"https:\/\/vos.homolog.arsnova.work\/index.php?rest_route=%2Fwp%2Fv2%2Fcomments&post=8332"}],"version-history":[{"count":0,"href":"https:\/\/vos.homolog.arsnova.work\/index.php?rest_route=\/wp\/v2\/posts\/8332\/revisions"}],"wp:featuredmedia":[{"embeddable":true,"href":"https:\/\/vos.homolog.arsnova.work\/index.php?rest_route=\/wp\/v2\/media\/8333"}],"wp:attachment":[{"href":"https:\/\/vos.homolog.arsnova.work\/index.php?rest_route=%2Fwp%2Fv2%2Fmedia&parent=8332"}],"wp:term":[{"taxonomy":"category","embeddable":true,"href":"https:\/\/vos.homolog.arsnova.work\/index.php?rest_route=%2Fwp%2Fv2%2Fcategories&post=8332"},{"taxonomy":"post_tag","embeddable":true,"href":"https:\/\/vos.homolog.arsnova.work\/index.php?rest_route=%2Fwp%2Fv2%2Ftags&post=8332"}],"curies":[{"name":"wp","href":"https:\/\/api.w.org\/{rel}","templated":true}]}}