{"id":8324,"date":"2021-08-31T14:47:27","date_gmt":"2021-08-31T17:47:27","guid":{"rendered":"https:\/\/vos.homolog.arsnova.work\/?p=8324"},"modified":"2021-08-31T14:54:34","modified_gmt":"2021-08-31T17:54:34","slug":"joao-e-o-pe-sem-feijao-uma-historia-triste","status":"publish","type":"post","link":"https:\/\/vos.homolog.arsnova.work\/?p=8324","title":{"rendered":"Jo\u00e3o e o p\u00e9 sem feij\u00e3o, uma hist\u00f3ria triste"},"content":{"rendered":"\n<p style=\"text-align: justify\"><span style=\"font-weight: 400\">O Jo\u00e3o da nossa hist\u00f3ria n\u00e3o tem um p\u00e9 de feij\u00e3o. Isso porque ele mora em uma \u00e1rea perif\u00e9rica de uma grande cidade, em uma rep\u00fablica assolada por uma pandemia e massacrada por um governo federal mesquinho. Mas Jo\u00e3o n\u00e3o sabe disso. Ele acredita em um conto de fadas no qual a pandemia foi inventada por chineses e em que o presidente \u00e9 impedido de trabalhar por um vil\u00e3o chamado STF.<\/span><\/p>\n<h4 style=\"text-align: justify\">Mas vamos \u00e0 hist\u00f3ria<\/h4>\n<p style=\"text-align: justify\"><span style=\"font-weight: 400\">Jo\u00e3o est\u00e1 sentado, em frente \u00e0 televis\u00e3o, depois de mais um dia de trabalho como motorista de aplicativo. Perto dele, em uma mesa no mesmo c\u00f4modo, est\u00e1 a fam\u00edlia do nosso personagem. Nesse momento, a esposa serve arroz e feij\u00e3o para o filho do casal, um menino de uns 8 anos.<\/span><\/p>\n<p style=\"text-align: justify\"><span style=\"font-weight: 400\">Apesar de visivelmente cansado, Jo\u00e3o fica feliz ao ver o presidente aparecer no notici\u00e1rio.<\/span><\/p>\n<p style=\"text-align: justify\"><em><span style=\"font-weight: 400\">\u201cTem que todo mundo comprar fuzil, p\u00f4. Povo armado jamais ser\u00e1 escravizado. Eu sei que custa caro. A\u00ed tem um idiota: \u2018Ah, tem que comprar \u00e9 feij\u00e3o\u2019. Cara, se voc\u00ea n\u00e3o quer comprar fuzil, n\u00e3o enche o saco de quem quer comprar.&#8221;<\/span><\/em><\/p>\n<p style=\"text-align: justify\"><span style=\"font-weight: 400\">Reagindo \u00e0 not\u00edcia, a mulher de Jo\u00e3o faz cara feia e revira os olhos, sorrindo para o filho, que resmunga:<\/span><\/p>\n<p style=\"text-align: justify\"><span style=\"font-weight: 400\">&#8220;Eu prefiro feij\u00e3o. E n\u00e3o gosto desse homem feio!&#8221;<\/span><\/p>\n<p style=\"text-align: justify\"><span style=\"font-weight: 400\">Jo\u00e3o se volta em dire\u00e7\u00e3o aos familiares, com os olhos brilhando, e argumenta:<\/span><\/p>\n<p style=\"text-align: justify\"><span style=\"font-weight: 400\">&#8220;Voc\u00eas n\u00e3o entendem o presidente. Ele quer que a gente fique protegido contra os bandidos. E o pre\u00e7o do feij\u00e3o n\u00e3o \u00e9 culpa dele, \u00e9 dos governadores.&#8221;<\/span><\/p>\n<p style=\"text-align: justify\"><span style=\"font-weight: 400\">Apesar de contrariada, a mulher de Jo\u00e3o n\u00e3o reage e faz um sinal para o filho ficar quieto. Permanecem calados at\u00e9 o fim da refei\u00e7\u00e3o e depois v\u00e3o cuidar de suas vidas longe do nosso protagonista. Jo\u00e3o segue em frente \u00e0 TV, mas sem prestar aten\u00e7\u00e3o ao que est\u00e1 passando. Apesar do ar absorto, parece estar sonhando com algo bem concreto. Sorri para si mesmo, enquanto pensa em como ser\u00e1 bom o seu futuro podendo levar uma arma em seu carro.\u00a0<\/span><\/p>\n<p style=\"text-align: justify\"><span style=\"font-weight: 400\">&#8220;Liberdade de verdade para os cidad\u00e3os de bem&#8221;, sussurra, satisfeito.<\/span><\/p>\n<p style=\"text-align: justify\"><span style=\"font-weight: 400\">No dia seguinte, Jo\u00e3o acorda e vai trabalhar. Ele ainda n\u00e3o sabe, mas ser\u00e1 morto por uma bala perdida, em uma suposta troca de tiros entre policiais e traficantes. Tamb\u00e9m n\u00e3o imagina que seu filho, no futuro, far\u00e1 campanhas contra armas e lutar\u00e1 por coisas como justi\u00e7a social e feij\u00e3o no prato de todos. Jo\u00e3o ficaria escandalizado com seu herdeiro virando o que ele mais temia, um comunista.<\/span><\/p>\n<h4 style=\"text-align: justify\">A inspira\u00e7\u00e3o real para o texto<\/h4>\n<p style=\"text-align: justify\"><span style=\"font-weight: 400\">Escrevi o reconto \u201cJo\u00e3o e o p\u00e9 sem feij\u00e3o\u201d baseado em mais uma das <a href=\"https:\/\/www.cnnbrasil.com.br\/politica\/bolsonaro-chama-de-idiota-quem-defende-comprar-feijao-em-vez-de-fuzil-e-fala-repercute\/\" target=\"_blank\" rel=\"noopener\">falas lament\u00e1veis<\/a> do presidente da Rep\u00fablica.\u00a0<\/span><\/p>\n<h4 style=\"text-align: justify\">O original liter\u00e1rio<\/h4>\n<p style=\"text-align: justify\"><span style=\"font-weight: 400\">Para quem se interessar sobre textos liter\u00e1rios deste g\u00eanero, sugiro a leitura de <\/span><a href=\"https:\/\/www.editorawish.com.br\/products\/contos-de-fadas-em-suas-versoes-originais\" target=\"_blank\" rel=\"noopener\"><i><span style=\"font-weight: 400\">Contos de Fadas em suas vers\u00f5es originais<\/span><\/i><\/a><span style=\"font-weight: 400\">, da editora Wish.\u00a0<\/span><\/p>\n<p style=\"text-align: justify\"><em>Imagem: Ariel Nuzeg\/Pixabay<\/em><\/p>\n<p style=\"text-align: justify\"><br \/><br \/><br \/><br \/><\/p>\n<p style=\"text-align: justify\">\u00a0<\/p>\n\n\n","protected":false},"excerpt":{"rendered":"","protected":false},"author":5,"featured_media":8325,"comment_status":"open","ping_status":"open","sticky":false,"template":"","format":"standard","meta":{"_acf_changed":false,"footnotes":""},"categories":[4],"tags":[1908,2589,2590],"class_list":["post-8324","post","type-post","status-publish","format-standard","has-post-thumbnail","hentry","category-voos-literarios","tag-governo-bolsonaro","tag-joao-e-o-pe-de-feijao","tag-releitura"],"acf":[],"_links":{"self":[{"href":"https:\/\/vos.homolog.arsnova.work\/index.php?rest_route=\/wp\/v2\/posts\/8324","targetHints":{"allow":["GET"]}}],"collection":[{"href":"https:\/\/vos.homolog.arsnova.work\/index.php?rest_route=\/wp\/v2\/posts"}],"about":[{"href":"https:\/\/vos.homolog.arsnova.work\/index.php?rest_route=\/wp\/v2\/types\/post"}],"author":[{"embeddable":true,"href":"https:\/\/vos.homolog.arsnova.work\/index.php?rest_route=\/wp\/v2\/users\/5"}],"replies":[{"embeddable":true,"href":"https:\/\/vos.homolog.arsnova.work\/index.php?rest_route=%2Fwp%2Fv2%2Fcomments&post=8324"}],"version-history":[{"count":0,"href":"https:\/\/vos.homolog.arsnova.work\/index.php?rest_route=\/wp\/v2\/posts\/8324\/revisions"}],"wp:featuredmedia":[{"embeddable":true,"href":"https:\/\/vos.homolog.arsnova.work\/index.php?rest_route=\/wp\/v2\/media\/8325"}],"wp:attachment":[{"href":"https:\/\/vos.homolog.arsnova.work\/index.php?rest_route=%2Fwp%2Fv2%2Fmedia&parent=8324"}],"wp:term":[{"taxonomy":"category","embeddable":true,"href":"https:\/\/vos.homolog.arsnova.work\/index.php?rest_route=%2Fwp%2Fv2%2Fcategories&post=8324"},{"taxonomy":"post_tag","embeddable":true,"href":"https:\/\/vos.homolog.arsnova.work\/index.php?rest_route=%2Fwp%2Fv2%2Ftags&post=8324"}],"curies":[{"name":"wp","href":"https:\/\/api.w.org\/{rel}","templated":true}]}}