{"id":8320,"date":"2021-08-27T10:09:49","date_gmt":"2021-08-27T13:09:49","guid":{"rendered":"https:\/\/vos.homolog.arsnova.work\/?p=8320"},"modified":"2021-08-27T10:09:50","modified_gmt":"2021-08-27T13:09:50","slug":"podcasts-cantinho-da-leitura-10-educacao-ambiental-para-alem-da-escola","status":"publish","type":"post","link":"https:\/\/vos.homolog.arsnova.work\/?p=8320","title":{"rendered":"Cantinho da Leitura #10 Educa\u00e7\u00e3o ambiental para al\u00e9m da escola"},"content":{"rendered":"\n<div class=\"DK2WGA7X3rKos2v1AABBD _20x9t-BL2SDh7lOGEew66E\" data-block=\"true\" data-editor=\"edgbb\" data-offset-key=\"6v6gc-0-0\">\n<div class=\"public-DraftStyleDefault-block public-DraftStyleDefault-ltr\" style=\"text-align: justify;\" data-offset-key=\"6v6gc-0-0\"><strong>No d\u00e9cimo epis\u00f3dio do podcast Cantinho da Leitura, educa\u00e7\u00e3o ambiental para al\u00e9m da escola.<\/strong><span data-offset-key=\"6v6gc-0-1\"> A jornalista\u00a0Ge\u00f3rgia Santos\u00a0conversa com\u00a0Fl\u00e1via Cunha, jornalista, mestre em Literatura pela UFRGS, produtora editorial de livros infanto-juvenis e colunista do\u00a0<\/span><a href=\"https:\/\/vos.homolog.arsnova.work\/colunas\/voos-literarios\/\"><span data-offset-key=\"6v6gc-1-0\">V\u00f3s<\/span><\/a><span data-offset-key=\"6v6gc-2-0\">. O Cantinho da Leitura \u00e9 um podcast parceiro da <\/span><strong>Companhia das Letrinhas<\/strong><span data-offset-key=\"6v6gc-2-2\">.<\/span><\/div>\n<div data-offset-key=\"6v6gc-0-0\">\u00a0<\/div>\n<\/div>\n<div class=\"DK2WGA7X3rKos2v1AABBD _20x9t-BL2SDh7lOGEew66E\" data-block=\"true\" data-editor=\"edgbb\" data-offset-key=\"4vm67-0-0\">\n<div class=\"public-DraftStyleDefault-block public-DraftStyleDefault-ltr\" style=\"text-align: center;\" data-offset-key=\"4vm67-0-0\"><span data-offset-key=\"4vm67-0-0\">.<\/span><\/div>\n<\/div>\n<div class=\"DK2WGA7X3rKos2v1AABBD _20x9t-BL2SDh7lOGEew66E\" style=\"text-align: center;\" data-block=\"true\" data-editor=\"edgbb\" data-offset-key=\"d9msb-0-0\">\n<h4 class=\"public-DraftStyleDefault-block public-DraftStyleDefault-ltr\" data-offset-key=\"d9msb-0-0\"><span data-offset-key=\"d9msb-0-0\">Para que tenhamos uma nova gera\u00e7\u00e3o mais consciente sobre a import\u00e2ncia do meio ambiente, <\/span><span data-offset-key=\"d9msb-0-0\">a fam\u00edlia precisa se envolver<\/span><\/h4>\n<\/div>\n<div class=\"DK2WGA7X3rKos2v1AABBD _20x9t-BL2SDh7lOGEew66E\" data-block=\"true\" data-editor=\"edgbb\" data-offset-key=\"4ipgp-0-0\">\n<div class=\"public-DraftStyleDefault-block public-DraftStyleDefault-ltr\" style=\"text-align: center;\" data-offset-key=\"4ipgp-0-0\"><span data-offset-key=\"4ipgp-0-0\">.<\/span><\/div>\n<div data-offset-key=\"4ipgp-0-0\">\u00a0<\/div>\n<\/div>\n<div class=\"DK2WGA7X3rKos2v1AABBD _20x9t-BL2SDh7lOGEew66E\" data-block=\"true\" data-editor=\"edgbb\" data-offset-key=\"1fcot-0-0\">\n<div class=\"public-DraftStyleDefault-block public-DraftStyleDefault-ltr\" style=\"text-align: justify;\" data-offset-key=\"1fcot-0-0\"><span data-offset-key=\"1fcot-0-0\">Quando a gente fala em <strong>educa\u00e7\u00e3o ambiental,<\/strong> tem quem possa pensar que se trata de uma \u00e1rea de ensino restrita \u00e0 sala de aula, mas, neste epis\u00f3dio, mostramos que vai al\u00e9m disso. A fam\u00edlia precisa conversar sobre preserva\u00e7\u00e3o ambiental dentro de casa e os livros infantis est\u00e3o a\u00ed para ajudar dessa tarefa. Tamb\u00e9m conversamos com a educadora <strong>Fernanda Lenzi<\/strong>, que desenvolve um trabalho de conscientiza\u00e7\u00e3o em uma ecovila na Serra da Mantiqueira, em Minas Gerais.<\/span><\/div>\n<\/div>\n<div class=\"DK2WGA7X3rKos2v1AABBD _20x9t-BL2SDh7lOGEew66E\" data-block=\"true\" data-editor=\"edgbb\" data-offset-key=\"2nhf6-0-0\">\n<div class=\"public-DraftStyleDefault-block public-DraftStyleDefault-ltr\" data-offset-key=\"2nhf6-0-0\"><span data-offset-key=\"2nhf6-0-0\">.<\/span><\/div>\n<div style=\"text-align: justify;\" data-offset-key=\"2nhf6-0-0\">\u00a0<\/div>\n<\/div>\n<div class=\"DK2WGA7X3rKos2v1AABBD _20x9t-BL2SDh7lOGEew66E\" data-block=\"true\" data-editor=\"edgbb\" data-offset-key=\"1kor6-0-0\">\n<div class=\"public-DraftStyleDefault-block public-DraftStyleDefault-ltr\" style=\"text-align: justify;\" data-offset-key=\"1kor6-0-0\"><span data-offset-key=\"1kor6-0-0\">Nas sugest\u00f5es de leitura para as crian\u00e7as, <\/span><a href=\"https:\/\/www.companhiadasletras.com.br\/detalhe.php?codigo=41426\"><span data-offset-key=\"1kor6-1-0\">A Floresta<\/span><\/a><span data-offset-key=\"1kor6-2-0\">, de Irena Freitas, da editora Companhia das Letrinhas; <\/span><a href=\"https:\/\/www.amazon.com.br\/Minha-pr%C3%B3pria-horta-Clara-Billoch\/dp\/9876375741\/r\"><span data-offset-key=\"1kor6-3-0\">Minha pr\u00f3pria horta<\/span><\/a><span data-offset-key=\"1kor6-4-0\">, de Clara Billoch, da editora Catapulta; e <\/span><a href=\"https:\/\/www.companhiadasletras.com.br\/detalhe.php?codigo=41405\"><span data-offset-key=\"1kor6-5-0\">O quintal da minha casa<\/span><\/a><span data-offset-key=\"1kor6-6-0\">, de Fernando Nuno, da editora Companhia das Letrinhas. Para os adultos, <\/span><a href=\"https:\/\/www.amazon.com.br\/Alfabetiza%C3%A7%C3%A3o-Ecol%C3%B3gica-Educa%C3%A7%C3%A3o-Crian%C3%A7as-Sustent%C3%A1vel\/dp\/8531609607\"><span data-offset-key=\"1kor6-7-0\">Alfabetiza\u00e7\u00e3o Ecol\u00f3gica: A Educa\u00e7\u00e3o das Crian\u00e7as Para um Mundo Sustent\u00e1vel<\/span><\/a><span data-offset-key=\"1kor6-8-0\">, de Fritjof Capra, da Editora Cultrix.<\/span><\/div>\n<\/div>\n\n\n<p style=\"text-align: center;\"><iframe loading=\"lazy\" src=\"https:\/\/anchor.fm\/cantinho\/embed\/episodes\/Cantinho-da-Leitura-10-Educao-ambiental-para-alm-da-escola-e16hkrv\" width=\"400px\" height=\"102px\" frameborder=\"0\" scrolling=\"no\"><\/iframe><\/p>","protected":false},"excerpt":{"rendered":"","protected":false},"author":3,"featured_media":7485,"comment_status":"open","ping_status":"open","sticky":false,"template":"","format":"standard","meta":{"_acf_changed":false,"footnotes":""},"categories":[1541],"tags":[],"class_list":["post-8320","post","type-post","status-publish","format-standard","has-post-thumbnail","hentry","category-podcasts"],"acf":[],"_links":{"self":[{"href":"https:\/\/vos.homolog.arsnova.work\/index.php?rest_route=\/wp\/v2\/posts\/8320","targetHints":{"allow":["GET"]}}],"collection":[{"href":"https:\/\/vos.homolog.arsnova.work\/index.php?rest_route=\/wp\/v2\/posts"}],"about":[{"href":"https:\/\/vos.homolog.arsnova.work\/index.php?rest_route=\/wp\/v2\/types\/post"}],"author":[{"embeddable":true,"href":"https:\/\/vos.homolog.arsnova.work\/index.php?rest_route=\/wp\/v2\/users\/3"}],"replies":[{"embeddable":true,"href":"https:\/\/vos.homolog.arsnova.work\/index.php?rest_route=%2Fwp%2Fv2%2Fcomments&post=8320"}],"version-history":[{"count":0,"href":"https:\/\/vos.homolog.arsnova.work\/index.php?rest_route=\/wp\/v2\/posts\/8320\/revisions"}],"wp:featuredmedia":[{"embeddable":true,"href":"https:\/\/vos.homolog.arsnova.work\/index.php?rest_route=\/wp\/v2\/media\/7485"}],"wp:attachment":[{"href":"https:\/\/vos.homolog.arsnova.work\/index.php?rest_route=%2Fwp%2Fv2%2Fmedia&parent=8320"}],"wp:term":[{"taxonomy":"category","embeddable":true,"href":"https:\/\/vos.homolog.arsnova.work\/index.php?rest_route=%2Fwp%2Fv2%2Fcategories&post=8320"},{"taxonomy":"post_tag","embeddable":true,"href":"https:\/\/vos.homolog.arsnova.work\/index.php?rest_route=%2Fwp%2Fv2%2Ftags&post=8320"}],"curies":[{"name":"wp","href":"https:\/\/api.w.org\/{rel}","templated":true}]}}