{"id":8316,"date":"2021-08-25T17:00:00","date_gmt":"2021-08-25T20:00:00","guid":{"rendered":"https:\/\/vos.homolog.arsnova.work\/?p=8316"},"modified":"2021-08-25T15:58:29","modified_gmt":"2021-08-25T18:58:29","slug":"podcasts-bsv-especial-coronavirus-70-nova-cloroquina-e-cobaias-humanas","status":"publish","type":"post","link":"https:\/\/vos.homolog.arsnova.work\/?p=8316","title":{"rendered":"BSV Especial Coronav\u00edrus #70 \u201cNova cloroquina\u201d, cobaias humanas e a esquiva de Bolsonaro"},"content":{"rendered":"\n<p class=\"p1\" style=\"text-align: center;\"><a href=\"https:\/\/www.catarse.me\/vos_social\"><b>CLIQUE AQUI E APOIE O V\u00d3S<\/b><\/a><\/p>\n<p style=\"text-align: center;\">.<\/p>\n<p class=\"p3\" style=\"text-align: justify;\"><strong>Nesta semana, \u201cNova cloroquina\u201d, cobaias humanas e a esquiva de Bolsonaro, que foi ao STF contra lei que compensa profissional de sa\u00fade incapacitado por Covid-19. Sem falar no retorno de Aras. E, sim, vamos falar das coxas do Lula.<\/strong><\/p>\n<p class=\"p3\" style=\"text-align: justify;\"><a href=\"https:\/\/www.matinaljornalismo.com.br\/matinal\/reportagem-matinal\/proxalutamida-hospital-militar-covid-porto-alegre\/\" target=\"_blank\" rel=\"noopener\">Reportagem do Pedro Nakamura no Matinal Jornalismo mostrou que o hospital da pol\u00edcia militar do Rio Grande do Sul testou proxalutamida em pacientes com Covid-19 sem autoriza\u00e7\u00e3o da Anvisa.<\/a> O<i>&nbsp;rem\u00e9dio fabricado na China \u00e9 tratado por Bolsonaro como a \u201cnova cloroquina\u201d e n\u00e3o pode se<\/i>r importado ou testado <i>em seres humanos.<\/i><\/p>\n<p class=\"p3\" style=\"text-align: justify;\">Os respons\u00e1veis pelo experimento foram o endocrinologista Fl\u00e1vio Cadegiani e o infectologista Ricardo Zimerman, que &nbsp;<span class=\"s1\">dep\u00f4s na CPI da Covid<\/span>&nbsp;a convite do senador Luis Carlos Heinze (PP-RS), para defender o uso de medicamentos ineficazes contra o coronav\u00edrus.<\/p>\n<p class=\"p3\" style=\"text-align: center;\">.<\/p>\n<h4 class=\"p3\" style=\"text-align: center;\"><a href=\"https:\/\/www.cnnbrasil.com.br\/internacional\/voce-nao-e-uma-vaca-eua-alertam-pessoas-a-nao-tomarem-ivermectina-contra-covid\/\" target=\"_blank\" rel=\"noopener\">Lembrando que a FDA, a Anvisa americana, tuitou na \u00faltima semana que ivermectina \u00e9 rem\u00e9dio pra gado<\/a><\/h4>\n<p style=\"text-align: center;\">.<\/p>\n<p class=\"p3\" style=\"text-align: justify;\">E como o buraco pode ser mais fundo, o presidente Jair Bolsonaro acionou o&nbsp;Supremo Tribunal Federal&nbsp;contra uma lei aprovada pelo&nbsp;Congresso que prev\u00ea compensa\u00e7\u00e3o financeira a profissionais de sa\u00fade que ficaram incapacitados para o trabalho ap\u00f3s contrair Covid. O argumento do Executivo \u00e9 que a lei n\u00e3o prev\u00ea fonte de custeio para os gastos e inclui entre os profissionais de sa\u00fade assistentes sociais, pessoal administrativo e de seguran\u00e7a.<\/p>\n<p class=\"p3\" style=\"text-align: justify;\">Pelo menos o Minist\u00e9rio da sa\u00fade come\u00e7ou a levar a s\u00e9rio a pandemia, um ano e meio depois, e anunciou terceira dose em idosos a partir de setembro.<\/p>\n<p class=\"p3\" style=\"text-align: justify;\"><a href=\"https:\/\/g1.globo.com\/politica\/noticia\/2021\/08\/24\/plenario-do-senado-aprova-novo-mandato-de-dois-anos-augusto-aras-como-procurador-geral.ghtml\" target=\"_blank\" rel=\"noopener\">Enquanto isso, o plen\u00e1rio do Senado aprovou novo mandato de dois anos para Augusto Aras como procurador-geral da Rep\u00fablica.<\/a> Ele que foi indicado por Jair Bolsonaro. Ele passou por uma sabatina de seis horas na Comiss\u00e3o de Constitui\u00e7\u00e3o e Justi\u00e7a e, interessantemente, disse que n\u00e3o tem alinhamento com o presidente, fez cr\u00edticas indiretas ao ex-procurador-geral Rodrigo Janot; e ainda criticou vazamentos, a Lava Jato e a &#8220;espetaculariza\u00e7\u00e3o&#8221; de inqu\u00e9ritos. Ah, e ainda falou sobre a idoneidade das urnas eletr\u00f4nicas. \u00c9 bobo, n\u00e3o.<\/p>\n<p style=\"text-align: justify;\"><b>Participam os jornalistas Ge\u00f3rgia Santos, Fl\u00e1via Cunha, Igor Natusch e T\u00e9rcio Saccol.&nbsp;Voc\u00ea tamb\u00e9m pode ouvir o epis\u00f3dio no&nbsp;<\/b><a href=\"https:\/\/open.spotify.com\/show\/5I8zWzbmuDvEx9Wp6Gtnyd\"><span class=\"s1\"><b>Spotify<\/b><\/span><\/a><b>,&nbsp;<\/b><a href=\"https:\/\/podcasts.apple.com\/us\/podcast\/bendita-sois-v%C3%B3s\/id1436913300\"><span class=\"s1\"><b>Itunes<\/b><\/span><\/a><b>&nbsp;e&nbsp;<\/b><a href=\"https:\/\/castbox.fm\/channel\/Bendita-Sois-V%C3%B3s-id1474946?country=br\"><span class=\"s1\"><b>Castbox<\/b><\/span><\/a><b>.&nbsp;<\/b><\/p>\n\n\n<p style=\"text-align: center;\"><iframe loading=\"lazy\" src=\"https:\/\/w.soundcloud.com\/player\/?url=https%3A\/\/api.soundcloud.com\/tracks\/1112702746%3Fsecret_token%3Ds-MtLOAzRohuk&amp;color=%23ff5500&amp;auto_play=false&amp;hide_related=false&amp;show_comments=true&amp;show_user=true&amp;show_reposts=false&amp;show_teaser=true&amp;visual=true\" width=\"100%\" height=\"300\" frameborder=\"no\" scrolling=\"no\"><\/iframe><\/p>\n<div style=\"font-size: 10px; color: #cccccc; line-break: anywhere; word-break: normal; overflow: hidden; white-space: nowrap; text-overflow: ellipsis; font-family: Interstate, 'Lucida Grande', 'Lucida Sans Unicode', 'Lucida Sans', Garuda, Verdana, Tahoma, sans-serif; font-weight: 100; text-align: center;\"><a style=\"color: #cccccc; text-decoration: none;\" title=\"V\u00f3s Pessoas no Plural\" href=\"https:\/\/soundcloud.com\/vos-social\" target=\"_blank\" rel=\"noopener\">V\u00f3s Pessoas no Plural<\/a> \u00b7 <a style=\"color: #cccccc; text-decoration: none;\" title=\"BSV Especial Coronav\u00edrus #70 \u201cNova cloroquina\u201d, cobaias humanas e a esquiva de Bolsonaro\" href=\"https:\/\/soundcloud.com\/vos-social\/bsv-especial-coronavirus-70-nova-cloroquina-cobaias-humanas-e-a-esquiva-de-bolsonaro\/s-MtLOAzRohuk\" target=\"_blank\" rel=\"noopener\">BSV Especial Coronav\u00edrus #70 \u201cNova cloroquina\u201d, cobaias humanas e a esquiva de Bolsonaro<\/a><\/div>","protected":false},"excerpt":{"rendered":"<p>V\u00f3s Pessoas no Plural \u00b7 BSV Especial Coronav\u00edrus #70 \u201cNova cloroquina\u201d, cobaias humanas e a esquiva de Bolsonaro<\/p>\n","protected":false},"author":3,"featured_media":8317,"comment_status":"open","ping_status":"open","sticky":false,"template":"","format":"standard","meta":{"_acf_changed":false,"footnotes":""},"categories":[1541],"tags":[],"class_list":["post-8316","post","type-post","status-publish","format-standard","has-post-thumbnail","hentry","category-podcasts"],"acf":[],"_links":{"self":[{"href":"https:\/\/vos.homolog.arsnova.work\/index.php?rest_route=\/wp\/v2\/posts\/8316","targetHints":{"allow":["GET"]}}],"collection":[{"href":"https:\/\/vos.homolog.arsnova.work\/index.php?rest_route=\/wp\/v2\/posts"}],"about":[{"href":"https:\/\/vos.homolog.arsnova.work\/index.php?rest_route=\/wp\/v2\/types\/post"}],"author":[{"embeddable":true,"href":"https:\/\/vos.homolog.arsnova.work\/index.php?rest_route=\/wp\/v2\/users\/3"}],"replies":[{"embeddable":true,"href":"https:\/\/vos.homolog.arsnova.work\/index.php?rest_route=%2Fwp%2Fv2%2Fcomments&post=8316"}],"version-history":[{"count":0,"href":"https:\/\/vos.homolog.arsnova.work\/index.php?rest_route=\/wp\/v2\/posts\/8316\/revisions"}],"wp:featuredmedia":[{"embeddable":true,"href":"https:\/\/vos.homolog.arsnova.work\/index.php?rest_route=\/wp\/v2\/media\/8317"}],"wp:attachment":[{"href":"https:\/\/vos.homolog.arsnova.work\/index.php?rest_route=%2Fwp%2Fv2%2Fmedia&parent=8316"}],"wp:term":[{"taxonomy":"category","embeddable":true,"href":"https:\/\/vos.homolog.arsnova.work\/index.php?rest_route=%2Fwp%2Fv2%2Fcategories&post=8316"},{"taxonomy":"post_tag","embeddable":true,"href":"https:\/\/vos.homolog.arsnova.work\/index.php?rest_route=%2Fwp%2Fv2%2Ftags&post=8316"}],"curies":[{"name":"wp","href":"https:\/\/api.w.org\/{rel}","templated":true}]}}