{"id":8311,"date":"2021-08-23T15:39:18","date_gmt":"2021-08-23T18:39:18","guid":{"rendered":"https:\/\/vos.homolog.arsnova.work\/?p=8311"},"modified":"2021-08-23T15:39:21","modified_gmt":"2021-08-23T18:39:21","slug":"bolsonaro-lula-e-o-meme-da-mala","status":"publish","type":"post","link":"https:\/\/vos.homolog.arsnova.work\/?p=8311","title":{"rendered":"Bolsonaro, Lula e o dilema do meme da &#8220;mala&#8221;"},"content":{"rendered":"\n<p style=\"text-align: justify\"><span style=\"font-weight: 400\">Os memes nas redes sociais que comparam as \u201cmalas\u201d de Bolsonaro e Lula abrem um debate interessante sobre at\u00e9 onde vai o humor e come\u00e7a a ofensa. N\u00f3s, que somos contr\u00e1rios ao bolsonarismo, n\u00e3o precisamos ter limites na hora de ridicularizar o presidente? Depende, eu diria.<\/span><\/p>\n<h4>Masculinidade t\u00f3xica e disforia<\/h4>\n<p style=\"text-align: justify\"><span style=\"font-weight: 400\">Porque claro que parece engra\u00e7ado debochar dessa forma de um representante t\u00e3o caricato da masculinidade fr\u00e1gil e t\u00f3xica. Mas a verdade \u00e9 que fazer piada com o corpo alheio pode ser desrespeitoso com quem n\u00e3o \u00e9 o alvo inicial do sarcasmo.<\/span><\/p>\n<p style=\"text-align: justify\"><span style=\"font-weight: 400\">No caso em quest\u00e3o, a s\u00edndrome do p\u00eanis pequeno \u00e9 um mal que atinge muito homens e n\u00e3o se refere exatamente ao tamanho em si da \u201cmala\u201d. Conforme especialistas, o que acontece \u00e9 uma disforia em rela\u00e7\u00e3o ao pr\u00f3prio corpo, que pode levar a sofrimento ps\u00edquico e perda da autoestima.\u00a0<\/span><\/p>\n<h4>Ou seja, n\u00e3o \u00e9 uma piada.<\/h4>\n<p style=\"text-align: justify\"><span style=\"font-weight: 400\">Em busca de informa\u00e7\u00f5es para esse texto, descobri que menos de 1% dos brasileiros que procuram atendimento m\u00e9dico para aumentar o p\u00eanis realmente tem algum problema. A <\/span><span style=\"font-weight: 400\">Sociedade Brasileira de Urologia adverte que essa preocupa\u00e7\u00e3o se deve a um padr\u00e3o fantasioso dentro da masculinidade.<\/span><\/p>\n<p style=\"text-align: justify\"><span style=\"font-weight: 400\">Al\u00e9m disso, considero no m\u00ednimo curioso que esquerdistas estivessem orgulhosos com a \u201cpot\u00eancia\u201d de Lula, reproduzindo um clich\u00ea da sociedade patriarcal e faloc\u00eantrica na qual vivemos.\u00a0\u00a0<\/span><\/p>\n<h4 style=\"text-align: justify\">&#8220;Mas \u00e9 s\u00f3 um meme. Relaxa, militante!&#8221;<\/h4>\n<p style=\"text-align: justify\"><span style=\"font-weight: 400\">Para quem pensa que o meme da &#8220;mala&#8221; de Bolsonaro \u00e9 apenas humor e n\u00e3o deve ser problematizado, alerto que esse argumento \u00e9 o mesmo de quem faz piadas racistas e homof\u00f3bicas. Ali\u00e1s, sempre \u00e9 bom lembrar que integrantes da esquerda s\u00e3o homof\u00f3bicos ao fazerem insinua\u00e7\u00f5es jocosas sobre a homossexualidade de um dos filhos de Bolsonaro.<\/span><\/p>\n<h4 style=\"text-align: justify\">Capacitismo tamb\u00e9m n\u00e3o \u00e9 aceit\u00e1vel<\/h4>\n<p style=\"text-align: justify\"><span style=\"font-weight: 400\">Da mesma forma, quando chamamos Bolsonaro de retardado, estamos ofendendo as pessoas com defici\u00eancia. Sendo assim, n\u00e3o adianta xingar o <a href=\"https:\/\/g1.globo.com\/pe\/pernambuco\/noticia\/2021\/08\/19\/ministro-da-educacao-criancas-impossivel-convivencia.ghtml\" target=\"_blank\" rel=\"noopener\">ministro da Educa\u00e7\u00e3o<\/a> por ser contr\u00e1rio \u00e0 educa\u00e7\u00e3o inclusiva e depois fazer \u201cpiada\u201d capacista em rela\u00e7\u00e3o ao presidente. Se cobramos coer\u00eancia dos advers\u00e1rios pol\u00edticos, precisamos ter tamb\u00e9m.\u00a0\u00a0<\/span><\/p>\n<h4 style=\"text-align: justify\">Sugest\u00f5es de leitura<\/h4>\n<p style=\"text-align: justify\"><a href=\"https:\/\/dublinense.com.br\/livros\/seja-homem\/\" target=\"_blank\" rel=\"noopener\"><i><span style=\"font-weight: 400\">Seja homem<\/span><\/i><\/a><span style=\"font-weight: 400\">, de JJ Bola, escritor congol\u00eas radicado em Londres &#8211; Um livro importante <\/span><span style=\"font-weight: 400\">para quem quer saber mais sobre <strong>masculinidade t\u00f3xica<\/strong>.<\/span><span style=\"font-weight: 400\">\u00a0A obra aponta como a constru\u00e7\u00e3o atual da masculinidade \u00e9 ultrapassada, prejudicando homens e mulheres.<\/span><\/p>\n<p style=\"text-align: justify\"><i><span style=\"font-weight: 400\"><a href=\"https:\/\/www.editoraletramento.com.br\/produto\/capacitismo-o-mito-da-capacidade-507\" target=\"_blank\" rel=\"noopener\">Capacitismo: o mito da capacidade<\/a>,\u00a0<\/span><\/i><span style=\"font-weight: 400\">de Victor Di Marco &#8211; <\/span><span style=\"font-weight: 400\">O <strong>capacitismo<\/strong> ou preconceito em rela\u00e7\u00e3o a pessoas com defici\u00eancia precisa ser mais debatido em nossa sociedade. Esse comportamento n\u00e3o passa apenas pela exclus\u00e3o no acesso \u00e0 educa\u00e7\u00e3o mas tamb\u00e9m tem contornos mais sutis, como o uso de express\u00f5es ofensivas. \u00c9 o que alerta o autor deste livro,<\/span><span style=\"font-weight: 400\">\u00a0a partir de suas viv\u00eancias como pessoa com defici\u00eancia.\u00a0<\/span><\/p>\n<h4 style=\"text-align: justify\">Agora tudo \u00e9 preconceito?<\/h4>\n<p style=\"text-align: justify\"><span style=\"font-weight: 400\">Para mim, a regra \u00e9 clara: ofender o corpo, a capacidade mental, o g\u00eanero, a orienta\u00e7\u00e3o sexual ou a ra\u00e7a de algu\u00e9m n\u00e3o \u00e9 piada. \u00c9 preconceito. Ent\u00e3o, para que possamos ridicularizar Bolsonaro, basta a cr\u00edtica a suas in\u00fameras falhas no cargo que ocupa.\u00a0 Sendo assim, na minha opini\u00e3o, fazer piadas a respeito do suposto microp\u00eanis do presidente nos rebaixa ao n\u00edvel dos que usavam adesivos da ex-presidente Dilma na entrada de tanques de gasolina dos carros. Podemos ser melhores do que isso, n\u00e3o acham?<\/span><\/p>\n<p><em>Imagens: Ricardo Stuckert e redes sociais\u00a0<\/em><\/p>\n","protected":false},"excerpt":{"rendered":"","protected":false},"author":5,"featured_media":8312,"comment_status":"open","ping_status":"open","sticky":false,"template":"","format":"standard","meta":{"_acf_changed":false,"footnotes":""},"categories":[4],"tags":[870,109],"class_list":["post-8311","post","type-post","status-publish","format-standard","has-post-thumbnail","hentry","category-voos-literarios","tag-bolsonaro","tag-lula"],"acf":[],"_links":{"self":[{"href":"https:\/\/vos.homolog.arsnova.work\/index.php?rest_route=\/wp\/v2\/posts\/8311","targetHints":{"allow":["GET"]}}],"collection":[{"href":"https:\/\/vos.homolog.arsnova.work\/index.php?rest_route=\/wp\/v2\/posts"}],"about":[{"href":"https:\/\/vos.homolog.arsnova.work\/index.php?rest_route=\/wp\/v2\/types\/post"}],"author":[{"embeddable":true,"href":"https:\/\/vos.homolog.arsnova.work\/index.php?rest_route=\/wp\/v2\/users\/5"}],"replies":[{"embeddable":true,"href":"https:\/\/vos.homolog.arsnova.work\/index.php?rest_route=%2Fwp%2Fv2%2Fcomments&post=8311"}],"version-history":[{"count":0,"href":"https:\/\/vos.homolog.arsnova.work\/index.php?rest_route=\/wp\/v2\/posts\/8311\/revisions"}],"wp:featuredmedia":[{"embeddable":true,"href":"https:\/\/vos.homolog.arsnova.work\/index.php?rest_route=\/wp\/v2\/media\/8312"}],"wp:attachment":[{"href":"https:\/\/vos.homolog.arsnova.work\/index.php?rest_route=%2Fwp%2Fv2%2Fmedia&parent=8311"}],"wp:term":[{"taxonomy":"category","embeddable":true,"href":"https:\/\/vos.homolog.arsnova.work\/index.php?rest_route=%2Fwp%2Fv2%2Fcategories&post=8311"},{"taxonomy":"post_tag","embeddable":true,"href":"https:\/\/vos.homolog.arsnova.work\/index.php?rest_route=%2Fwp%2Fv2%2Ftags&post=8311"}],"curies":[{"name":"wp","href":"https:\/\/api.w.org\/{rel}","templated":true}]}}