{"id":8306,"date":"2021-08-18T17:00:00","date_gmt":"2021-08-18T20:00:00","guid":{"rendered":"https:\/\/vos.homolog.arsnova.work\/?p=8306"},"modified":"2021-08-18T16:36:53","modified_gmt":"2021-08-18T19:36:53","slug":"podcasts-bsv-especial-coronavirus-69-afeganistao-nao-e-o-brasil","status":"publish","type":"post","link":"https:\/\/vos.homolog.arsnova.work\/?p=8306","title":{"rendered":"BSV Especial Coronav\u00edrus #69 Afeganist\u00e3o n\u00e3o \u00e9 o Brasil"},"content":{"rendered":"\n<p class=\"p1\" style=\"text-align: center;\"><a href=\"https:\/\/www.catarse.me\/vos_social\"><b>CLIQUE AQUI E APOIE O V\u00d3S<\/b><\/a><\/p>\n<p style=\"text-align: center;\">.<\/p>\n<p class=\"p3\" style=\"text-align: justify;\"><strong>Nesta semana, S\u00e9rgio Reis cantando onde n\u00e3o foi chamado, Bolsonaro despencando nas pesquisas e, principalmente, a volta do Talib\u00e3 ao poder no Afeganist\u00e3o. Uma situa\u00e7\u00e3o que \u00e9 MUITO diferente da do Brasil.<\/strong><\/p>\n<p class=\"p3\" style=\"text-align: justify;\">Por aqui, o cantor sertanejo S\u00e9rgio Reis est\u00e1 convocando uma manifesta\u00e7\u00e3o com caminhoneiros e pessoas ligadas ao agroneg\u00f3cio para setembro. O protesto \u00e9 uma mobiliza\u00e7\u00e3o A FAVOR de Jair Bolsonaro. Segundo o ex-deputado, o movimento pede a destitui\u00e7\u00e3o dos ministros do Supremo Tribunal Federal e, \u00e9 claro, o voto impresso. &#8216;Se em 30 dias n\u00e3o tirarem os caras n\u00f3s vamos invadir, quebrar tudo\u2019, disse.<\/p>\n<h4 class=\"p3\" style=\"text-align: center;\">.<\/h4>\n<h4 class=\"p3\" style=\"text-align: center;\">Ou seja, a tentativa de golpe da semana<\/h4>\n<h4 class=\"p3\" style=\"text-align: center;\">.&nbsp;<\/h4>\n<p class=\"p3\" style=\"text-align: justify;\">Mas S\u00e9rgio Reis, que podia ficar em casa cantando Menino da Porteira, n\u00e3o recebeu o apoio que imaginava. Inclusive, diz-se que ficou chateado com a repercuss\u00e3o negativa da investida, que n\u00e3o tem apoio nem dos caminhoneiros. Afinal, o combust\u00edvel est\u00e1 caro.&nbsp;<\/p>\n<p class=\"p3\" style=\"text-align: justify;\">S\u00f3 Jair Bolsonaro gostou da mobiliza\u00e7\u00e3o do cantor, afinal, ele tamb\u00e9m n\u00e3o consegue ficar sem a amea\u00e7a da semana. Mas \u00e9 s\u00f3 o que lhe resta, porque ele est\u00e1 despencando nas pesquisas. Levantamento da XP Ipespe mostra que a vantagem de Lula passou de 12 para 16 pontos. Agora, o ex-presidente aparece com 40% das inten\u00e7\u00f5es de voto, enquanto Bolsonaro tem 24%.&nbsp;<\/p>\n<h4 class=\"p3\" style=\"text-align: center;\">.<\/h4>\n<h4 class=\"p3\" style=\"text-align: center;\">Mas se no Brasil estamos sob amea\u00e7a, o que acontece no Afeganist\u00e3o \u00e9 infinitamente mais grave<\/h4>\n<h4 class=\"p3\" style=\"text-align: center;\">.<\/h4>\n<p class=\"p3\" style=\"text-align: justify;\">Ap\u00f3s a retirada das tropas americanas de solo afeg\u00e3o, o Talib\u00e3 retornou ao poder. Ent\u00e3o, n\u00f3s vamos conversar com o jornalista e professor <strong>Luiz Antonio Ara\u00fajo<\/strong>, autor dos livros \u201c<a href=\"https:\/\/www.amazon.com.br\/Binladenist%C3%A3o-Rep%C3%B3rter-Brasileiro-Regi%C3%A3o-Perigosa\/dp\/8573213124\/ref=sr_1_35?dchild=1&amp;qid=1629314237&amp;refinements=p_27%3ALuiz+Ant%C3%B4nio+Ara%C3%BAjo&amp;s=books&amp;sr=1-35\"><span class=\"s1\">Binladenist\u00e3o &#8211; um reporter brasileiro na regi\u00e3o mais perigosa do mundo<\/span><\/a>\u201d e<span class=\"Apple-converted-space\">&nbsp; <\/span>\u201c<a href=\"https:\/\/www.amazon.com.br\/ORIENTE-REVISTA-LUIZ-ANTONIO-ARAUJO\/dp\/6599128165\/ref=sr_1_1?__mk_pt_BR=%C3%85M%C3%85%C5%BD%C3%95%C3%91&amp;dchild=1&amp;keywords=oriente+em+revista&amp;qid=1629314285&amp;s=books&amp;sr=1-1\"><span class=\"s1\">ORIENTE EM REVISTA<\/span><\/a> &#8211; de que o jornalismo fala, quando fala do isl\u00e3.\u201d<\/p>\n<p class=\"p3\" style=\"text-align: justify;\"><b>Participam os jornalistas Ge\u00f3rgia Santos, Fl\u00e1via Cunha, Igor Natusch e T\u00e9rcio Saccol.&nbsp;Voc\u00ea tamb\u00e9m pode ouvir o epis\u00f3dio no&nbsp;<\/b><a href=\"https:\/\/open.spotify.com\/show\/5I8zWzbmuDvEx9Wp6Gtnyd\"><span class=\"s1\"><b>Spotify<\/b><\/span><\/a><b>,&nbsp;<\/b><a href=\"https:\/\/podcasts.apple.com\/us\/podcast\/bendita-sois-v%C3%B3s\/id1436913300\"><span class=\"s1\"><b>Itunes<\/b><\/span><\/a><b>&nbsp;e&nbsp;<\/b><a href=\"https:\/\/castbox.fm\/channel\/Bendita-Sois-V%C3%B3s-id1474946?country=br\"><span class=\"s1\"><b>Castbox<\/b><\/span><\/a><b>.&nbsp;<\/b><\/p>\n\n\n<p style=\"text-align: center;\"><iframe loading=\"lazy\" src=\"https:\/\/w.soundcloud.com\/player\/?url=https%3A\/\/api.soundcloud.com\/tracks\/1108350865%3Fsecret_token%3Ds-swdFTxY9Tz7&amp;color=%23ff5500&amp;auto_play=false&amp;hide_related=false&amp;show_comments=true&amp;show_user=true&amp;show_reposts=false&amp;show_teaser=true&amp;visual=true\" width=\"100%\" height=\"300\" frameborder=\"no\" scrolling=\"no\"><\/iframe><\/p>\n<div style=\"font-size: 10px; color: #cccccc; line-break: anywhere; word-break: normal; overflow: hidden; white-space: nowrap; text-overflow: ellipsis; font-family: Interstate, 'Lucida Grande', 'Lucida Sans Unicode', 'Lucida Sans', Garuda, Verdana, Tahoma, sans-serif; font-weight: 100; text-align: center;\"><a style=\"color: #cccccc; text-decoration: none;\" title=\"V\u00f3s Pessoas no Plural\" href=\"https:\/\/soundcloud.com\/vos-social\" target=\"_blank\" rel=\"noopener\">V\u00f3s Pessoas no Plural<\/a> \u00b7 <a style=\"color: #cccccc; text-decoration: none;\" title=\"BSV Especial Coronav\u00edrus #69 Afeganist\u00e3o n\u00e3o \u00e9 o Brasil\" href=\"https:\/\/soundcloud.com\/vos-social\/bsv-especial-coronavirus-69-afeganistao-nao-e-o-brasil\/s-swdFTxY9Tz7\" target=\"_blank\" rel=\"noopener\">BSV Especial Coronav\u00edrus #69 Afeganist\u00e3o n\u00e3o \u00e9 o Brasil<\/a><\/div>","protected":false},"excerpt":{"rendered":"<p>V\u00f3s Pessoas no Plural \u00b7 BSV Especial Coronav\u00edrus #69 Afeganist\u00e3o n\u00e3o \u00e9 o Brasil<\/p>\n","protected":false},"author":3,"featured_media":8307,"comment_status":"open","ping_status":"open","sticky":false,"template":"","format":"standard","meta":{"_acf_changed":false,"footnotes":""},"categories":[1541],"tags":[2583,870,9,1279,2586,228,2587,2582],"class_list":["post-8306","post","type-post","status-publish","format-standard","has-post-thumbnail","hentry","category-podcasts","tag-afeganistao","tag-bolsonaro","tag-georgia-santos","tag-golpe","tag-guerra","tag-politica","tag-sergio-reis","tag-taliba"],"acf":[],"_links":{"self":[{"href":"https:\/\/vos.homolog.arsnova.work\/index.php?rest_route=\/wp\/v2\/posts\/8306","targetHints":{"allow":["GET"]}}],"collection":[{"href":"https:\/\/vos.homolog.arsnova.work\/index.php?rest_route=\/wp\/v2\/posts"}],"about":[{"href":"https:\/\/vos.homolog.arsnova.work\/index.php?rest_route=\/wp\/v2\/types\/post"}],"author":[{"embeddable":true,"href":"https:\/\/vos.homolog.arsnova.work\/index.php?rest_route=\/wp\/v2\/users\/3"}],"replies":[{"embeddable":true,"href":"https:\/\/vos.homolog.arsnova.work\/index.php?rest_route=%2Fwp%2Fv2%2Fcomments&post=8306"}],"version-history":[{"count":0,"href":"https:\/\/vos.homolog.arsnova.work\/index.php?rest_route=\/wp\/v2\/posts\/8306\/revisions"}],"wp:featuredmedia":[{"embeddable":true,"href":"https:\/\/vos.homolog.arsnova.work\/index.php?rest_route=\/wp\/v2\/media\/8307"}],"wp:attachment":[{"href":"https:\/\/vos.homolog.arsnova.work\/index.php?rest_route=%2Fwp%2Fv2%2Fmedia&parent=8306"}],"wp:term":[{"taxonomy":"category","embeddable":true,"href":"https:\/\/vos.homolog.arsnova.work\/index.php?rest_route=%2Fwp%2Fv2%2Fcategories&post=8306"},{"taxonomy":"post_tag","embeddable":true,"href":"https:\/\/vos.homolog.arsnova.work\/index.php?rest_route=%2Fwp%2Fv2%2Ftags&post=8306"}],"curies":[{"name":"wp","href":"https:\/\/api.w.org\/{rel}","templated":true}]}}