{"id":8302,"date":"2021-08-17T15:00:01","date_gmt":"2021-08-17T18:00:01","guid":{"rendered":"https:\/\/vos.homolog.arsnova.work\/?p=8302"},"modified":"2021-08-17T15:00:04","modified_gmt":"2021-08-17T18:00:04","slug":"taliba-e-o-risco-iminente-as-mulheres-afegas","status":"publish","type":"post","link":"https:\/\/vos.homolog.arsnova.work\/?p=8302","title":{"rendered":"Talib\u00e3 e o risco iminente \u00e0s mulheres afeg\u00e3s"},"content":{"rendered":"\n<p style=\"text-align: justify\"><span style=\"font-weight: 400\">A retomada do controle do grupo extremista Talib\u00e3 no Afeganist\u00e3o deixou em desespero a popula\u00e7\u00e3o, em especial as mulheres. Ironicamente, l\u00edderes do grupo extremista declararam estar surpresos que as pessoas tenham medo do Talib\u00e3. Al\u00e9m disso, garantem que <\/span><span style=\"font-weight: 400\">as mulheres <a href=\"https:\/\/g1.globo.com\/mundo\/noticia\/2021\/08\/17\/taliba-anuncia-anistia-geral-no-afeganistao.ghtml\" target=\"_blank\" rel=\"noopener\">\u201cn\u00e3o ser\u00e3o v\u00edtimas\u201d<\/a> do novo sistema.<\/span><\/p>\n<p style=\"text-align: justify\"><span style=\"font-weight: 400\">Enquanto isso, no Brasil, a repercuss\u00e3o dos extremos ideol\u00f3gicos foi simplesmente bizarra. De um lado, bolsonaristas trumpistas tentavam colocar na conta do presidente dos Estados Unidos, Joe Biden, a culpa pela ascens\u00e3o do Talib\u00e3. Do outro, integrantes do Partido da Causa Oper\u00e1ria (PCO) comemoravam o fim do imperialismo norte-americano em territ\u00f3rio afeg\u00e3o. Duas vis\u00f5es distorcidas da realidade, que em nada contribuem para chegar o que realmente interessa a quem tem preocupa\u00e7\u00f5es humanit\u00e1rias. Afinal, \u00e9 evidente a amea\u00e7a aos direitos humanos em um pa\u00eds historicamente marcado por apedrejamentos, amputa\u00e7\u00f5es e execu\u00e7\u00f5es p\u00fablicas de mulheres e pessoas LGBT.<\/span><\/p>\n<h4>Sugest\u00f5es de leitura<\/h4>\n<p style=\"text-align: justify\"><span style=\"font-weight: 400\">Sendo assim, nada mais natural o ceticismo por parte da popula\u00e7\u00e3o do Afeganist\u00e3o contr\u00e1ria ao Talib\u00e3 pelo discurso moderado e as promessas de uma sociedade sem viol\u00eancia de g\u00eanero. Para n\u00f3s, ocidentais, cabe estudar e analisar com profundidade e empatia as quest\u00f5es do Oriente M\u00e9dio. Por isso, selecionei dois livros com enfoque na quest\u00e3o feminina.<\/span><\/p>\n<p style=\"text-align: justify\"><a href=\"http:\/\/globolivros.globo.com\/livros\/o-segredo-do-meu-turbante\" target=\"_blank\" rel=\"noopener\"><strong><i>O segredo do meu turbante<\/i><\/strong><\/a><span style=\"font-weight: 400\">, de <\/span><a href=\"http:\/\/globolivros.globo.com\/autores\/agnes-rotger\"><span style=\"font-weight: 400\">Agn\u00e8s Rotger<\/span><\/a><span style=\"font-weight: 400\"> e <\/span><a href=\"http:\/\/globolivros.globo.com\/autores\/nadia-ghulam\"><span style=\"font-weight: 400\">Nadia Ghulam<\/span><\/a><\/p>\n<p style=\"text-align: justify\"><span style=\"font-weight: 400\">A obra relata a hist\u00f3ria real de Nadia Ghulam, uma afeg\u00e3 que precisou assumir a identidade do irm\u00e3o falecido para poder sustentar a fam\u00edlia. Ao fazer isso, ela subverte as leis do Talib\u00e3, que pro\u00edbem mulheres de estudar e trabalhar. O livro foi lan\u00e7ado no Brasil em 2020 e retrata a inf\u00e2ncia de Nadia, que aos 21 anos conseguiu imigrar para a Espanha.<\/span><\/p>\n<p><a href=\"https:\/\/www.amazon.com.br\/dp\/B01E0DWFQO\/ref=dp-kindle-redirect?_encoding=UTF8&amp;btkr=1\" target=\"_blank\" rel=\"noopener\"><strong><i>As meninas ocultas de Cabul: Em busca de uma resist\u00eancia secreta no Afeganist\u00e3o<\/i><\/strong><\/a><span style=\"font-weight: 400\">, de Jenny Nordberg<\/span><\/p>\n<p style=\"text-align: justify\"><span style=\"font-weight: 400\">Imaginem um pa\u00eds onde ser mulher \u00e9 t\u00e3o dif\u00edcil que as fam\u00edlias preferem esconder o g\u00eanero de suas filhas. Pois foi essa pr\u00e1tica que a rep\u00f3rter Jenny Nordberg investigou durante 5 anos. Apesar do Talib\u00e3 ter sa\u00eddo anteriormente do poder em 2001, os resqu\u00edcios fundamentalistas ainda existiam na sociedade afeg\u00e3. Com a nova ascens\u00e3o dos talib\u00e3s o risco \u00e0s mulheres volta a ser iminente.<\/span><\/p>\n<h4 style=\"text-align: justify\">Um alerta final<\/h4>\n<p style=\"text-align: justify\"><span style=\"font-weight: 400\">Aqui, do nosso Brasil democr\u00e1tico por\u00e9m com figuras conservadoras e mis\u00f3ginas no governo, s\u00f3 temos a lamentar o ocorrido no Afeganist\u00e3o. E destacar uma triste por\u00e9m verdadeira frase da fil\u00f3sofa e escritora Simone de Beauvoir:\u00a0<\/span><\/p>\n<p><strong><em>\u201cBasta uma crise pol\u00edtica, econ\u00f4mica e religiosa para que os direitos das mulheres sejam questionados.\u201d<\/em><\/strong><\/p>\n<p><i><span style=\"font-weight: 400\">Imagem: Joel Heard\/ Unsplash<\/span><\/i><\/p>\n<p>\u00a0<\/p>\n<p>\u00a0<\/p>\n\n\n","protected":false},"excerpt":{"rendered":"","protected":false},"author":5,"featured_media":8303,"comment_status":"open","ping_status":"open","sticky":false,"template":"","format":"standard","meta":{"_acf_changed":false,"footnotes":""},"categories":[4],"tags":[2583,2585,2584,2582],"class_list":["post-8302","post","type-post","status-publish","format-standard","has-post-thumbnail","hentry","category-voos-literarios","tag-afeganistao","tag-as-meninas-ocultas-de-cabul","tag-o-segredo-do-meu-turbante","tag-taliba"],"acf":[],"_links":{"self":[{"href":"https:\/\/vos.homolog.arsnova.work\/index.php?rest_route=\/wp\/v2\/posts\/8302","targetHints":{"allow":["GET"]}}],"collection":[{"href":"https:\/\/vos.homolog.arsnova.work\/index.php?rest_route=\/wp\/v2\/posts"}],"about":[{"href":"https:\/\/vos.homolog.arsnova.work\/index.php?rest_route=\/wp\/v2\/types\/post"}],"author":[{"embeddable":true,"href":"https:\/\/vos.homolog.arsnova.work\/index.php?rest_route=\/wp\/v2\/users\/5"}],"replies":[{"embeddable":true,"href":"https:\/\/vos.homolog.arsnova.work\/index.php?rest_route=%2Fwp%2Fv2%2Fcomments&post=8302"}],"version-history":[{"count":0,"href":"https:\/\/vos.homolog.arsnova.work\/index.php?rest_route=\/wp\/v2\/posts\/8302\/revisions"}],"wp:featuredmedia":[{"embeddable":true,"href":"https:\/\/vos.homolog.arsnova.work\/index.php?rest_route=\/wp\/v2\/media\/8303"}],"wp:attachment":[{"href":"https:\/\/vos.homolog.arsnova.work\/index.php?rest_route=%2Fwp%2Fv2%2Fmedia&parent=8302"}],"wp:term":[{"taxonomy":"category","embeddable":true,"href":"https:\/\/vos.homolog.arsnova.work\/index.php?rest_route=%2Fwp%2Fv2%2Fcategories&post=8302"},{"taxonomy":"post_tag","embeddable":true,"href":"https:\/\/vos.homolog.arsnova.work\/index.php?rest_route=%2Fwp%2Fv2%2Ftags&post=8302"}],"curies":[{"name":"wp","href":"https:\/\/api.w.org\/{rel}","templated":true}]}}