{"id":8294,"date":"2021-08-11T17:21:50","date_gmt":"2021-08-11T20:21:50","guid":{"rendered":"https:\/\/vos.homolog.arsnova.work\/?p=8294"},"modified":"2021-08-11T17:21:51","modified_gmt":"2021-08-11T20:21:51","slug":"podcasts-bsv-especial-coronavirus-68-nao-vale-a-pena-ver-de-novo","status":"publish","type":"post","link":"https:\/\/vos.homolog.arsnova.work\/?p=8294","title":{"rendered":"BSV Especial Coronav\u00edrus #68 N\u00e3o vale a pena ver de novo"},"content":{"rendered":"\n<p class=\"p1\" style=\"text-align: center;\"><strong><a href=\"https:\/\/www.catarse.me\/vos_social\">CLIQUE AQUI E APOIE O V\u00d3S<\/a><\/strong><\/p>\n<p class=\"p3\" style=\"text-align: center;\"><strong>Nesta semana, n\u00e3o vale a pena ver de novo. Voto impresso, golpismo e a volta do v\u00edrus que n\u00e3o foi.<\/strong><\/p>\n<p class=\"p3\" style=\"text-align: justify;\">Nos \u00faltimos tempos, \u00e9 como se o Brasil fosse uma vers\u00e3o continental do Canal Viva. A gente vive de reprises. O primeiro epis\u00f3dio reprisado desse novel\u00e3o \u00e9 a vota\u00e7\u00e3o da PEC do voto impresso. Na noite de ter\u00e7a-feira, 10 de agosto de 2021, os deputados federais apreciaram a Proposta de Emenda Constitucional que propunha o retorno do voto no papel. Ou melhor, com recibo, porque o voto seria eletr\u00f4nico, mas teria um comprovante impresso. O presidente da C\u00e2mara, Arthur Lira, resolveu levar o texto ao plen\u00e1rio mesmo ap\u00f3s rejei\u00e7\u00e3o da comiss\u00e3o que avaliou o tema. <a href=\"https:\/\/g1.globo.com\/politica\/noticia\/2021\/08\/10\/em-derrota-para-bolsonaro-camara-rejeita-e-arquiva-pec-do-voto-impresso.ghtml\" target=\"_blank\" rel=\"noopener\">A PEC do voto impresso foi rejeitada e Jair Bolsonaro foi derrotado<\/a>.<\/p>\n<h4 class=\"p3\" style=\"text-align: center;\">.<\/h4>\n<h4 class=\"p3\" style=\"text-align: center;\">Afinal, \u00e9 ele quem quer voltar ao passado com medo de perder a pr\u00f3xima elei\u00e7\u00e3o<\/h4>\n<h4 class=\"p3\" style=\"text-align: center;\">.<\/h4>\n<p class=\"p3\" style=\"text-align: justify;\">Bolsonaro e os filhos foram eleitos pelo voto eletr\u00f4nico e isso nunca foi problema. <strong>Agora, na imin\u00eancia de ser derrotado em 2022, come\u00e7a a levantar suspeitas sobre a integridade do sistema eleitoral brasileiro.<\/strong> Segundo ele, que admite que n\u00e3o tem provas, ele teria ganho no primeiro turno em 2018. \u00c9 a primeira vez que o candidato que venceu alega que a elei\u00e7\u00e3o foi uma fraude.<\/p>\n<p class=\"p3\" style=\"text-align: justify;\"><strong>Mas isso nos leva ao segundo epis\u00f3dio reprisado da nossa hist\u00f3ria: o golpismo<\/strong>. Porque \u00e9 disso que se trata essa balela de voto impresso. \u00c9 permiss\u00e3o pra um golpe de estado na eventualidade de derrota. Tanto \u00e9 assim que o governo promoveu, inclusive, uma tentativa de constrangimento, com um pat\u00e9tico desfile de tanques de Guerra<span class=\"Apple-converted-space\">\u00a0 <\/span>minguados em Bras\u00edlia.<\/p>\n<p class=\"p3\" style=\"text-align: justify;\">A PEC precisava de 308 votos para ser<span class=\"Apple-converted-space\">\u00a0 <\/span>aprovada, mas teve o apoio de APENAS 229 deputados. Outros 218 votaram contra e 64 n\u00e3o votaram. <strong>\u00c9 uma derrota, mas talvez seja um alerta.<\/strong> Ser\u00e1 que temos 229 deputados dispostos a apoiar um evento golpe? Ou ser\u00e1 que \u00e9 for\u00e7ar? Vamos ver.<\/p>\n<p class=\"p3\" style=\"text-align: justify;\"><strong>E como se n\u00e3o bastasse, o terceiro epis\u00f3dio da reprise brasileira do inferno \u00e9 a volta do v\u00edrus que nunca foi.<\/strong> Ent\u00e3o, para entender a variante Delta, conversamos com o <strong>Dr. Alexandre Zavascki,<\/strong> m\u00e9dico infectologista e professor da Universidade Federal do rio grande do Sul.<\/p>\n<p class=\"p2\" style=\"text-align: justify;\">\u00a0<\/p>\n<p class=\"p3\" style=\"text-align: justify;\"><b>Participam os jornalistas Ge\u00f3rgia Santos, Fl\u00e1via Cunha, Igor Natusch e T\u00e9rcio Saccol.\u00a0Voc\u00ea tamb\u00e9m pode ouvir o epis\u00f3dio no\u00a0<\/b><a href=\"https:\/\/open.spotify.com\/show\/5I8zWzbmuDvEx9Wp6Gtnyd\"><span class=\"s1\"><b>Spotify<\/b><\/span><\/a><b>,\u00a0<\/b><a href=\"https:\/\/podcasts.apple.com\/us\/podcast\/bendita-sois-v%C3%B3s\/id1436913300\"><span class=\"s1\"><b>Itunes<\/b><\/span><\/a><b>\u00a0e\u00a0<\/b><a href=\"https:\/\/castbox.fm\/channel\/Bendita-Sois-V%C3%B3s-id1474946?country=br\"><span class=\"s1\"><b>Castbox<\/b><\/span><\/a><b>.\u00a0<\/b><\/p>\n<p>\u00a0<\/p>\n<p style=\"text-align: center;\"><iframe loading=\"lazy\" src=\"https:\/\/w.soundcloud.com\/player\/?url=https%3A\/\/api.soundcloud.com\/tracks\/1104262117&amp;color=%23ff5500&amp;auto_play=false&amp;hide_related=false&amp;show_comments=true&amp;show_user=true&amp;show_reposts=false&amp;show_teaser=true&amp;visual=true\" width=\"100%\" height=\"300\" frameborder=\"no\" scrolling=\"no\"><\/iframe><\/p>\n<div style=\"font-size: 10px; color: #cccccc; line-break: anywhere; word-break: normal; overflow: hidden; white-space: nowrap; text-overflow: ellipsis; font-family: Interstate, 'Lucida Grande', 'Lucida Sans Unicode', 'Lucida Sans', Garuda, Verdana, Tahoma, sans-serif; font-weight: 100; text-align: center;\"><a style=\"color: #cccccc; text-decoration: none;\" title=\"V\u00f3s Pessoas no Plural\" href=\"https:\/\/soundcloud.com\/vos-social\" target=\"_blank\" rel=\"noopener\">V\u00f3s Pessoas no Plural<\/a> \u00b7 <a style=\"color: #cccccc; text-decoration: none;\" title=\"BSV Especial Coronav\u00edrus #68 N\u00e3o vale a pena ver de novo\" href=\"https:\/\/soundcloud.com\/vos-social\/bsv-especial-coronavirus-68-nao-vale-a-pena-ver-de-novo\" target=\"_blank\" rel=\"noopener\">BSV Especial Coronav\u00edrus #68 N\u00e3o vale a pena ver de novo<\/a><\/div>\n<p class=\"p3\" style=\"text-align: justify;\"><em>Foto original de capa: Marcos Corr\u00eaa\/PR<\/em><\/p>\n<p class=\"p3\" style=\"text-align: justify;\"><em>Montagem de capa: Ge\u00f3rgia Santos<\/em><\/p>\n<p class=\"p3\" style=\"text-align: justify;\"><em>\u00c1udio de apoiadores de Jair Bolsonaro usados no podcast: <a href=\"https:\/\/www.youtube.com\/watch?v=lZJCa9ZbiZ4\" target=\"_blank\" rel=\"noopener\">Uol<\/a><\/em><\/p>\n<p class=\"p3\" style=\"text-align: justify;\">\u00a0<\/p>\n<p style=\"text-align: justify;\">\u00a0<\/p>\n<p style=\"text-align: justify;\">\u00a0<\/p>\n<p style=\"text-align: justify;\">\u00a0<\/p>\n<p style=\"text-align: justify;\">\u00a0<\/p>\n","protected":false},"excerpt":{"rendered":"","protected":false},"author":3,"featured_media":8295,"comment_status":"open","ping_status":"open","sticky":false,"template":"","format":"standard","meta":{"_acf_changed":false,"footnotes":""},"categories":[1541],"tags":[],"class_list":["post-8294","post","type-post","status-publish","format-standard","has-post-thumbnail","hentry","category-podcasts"],"acf":[],"_links":{"self":[{"href":"https:\/\/vos.homolog.arsnova.work\/index.php?rest_route=\/wp\/v2\/posts\/8294","targetHints":{"allow":["GET"]}}],"collection":[{"href":"https:\/\/vos.homolog.arsnova.work\/index.php?rest_route=\/wp\/v2\/posts"}],"about":[{"href":"https:\/\/vos.homolog.arsnova.work\/index.php?rest_route=\/wp\/v2\/types\/post"}],"author":[{"embeddable":true,"href":"https:\/\/vos.homolog.arsnova.work\/index.php?rest_route=\/wp\/v2\/users\/3"}],"replies":[{"embeddable":true,"href":"https:\/\/vos.homolog.arsnova.work\/index.php?rest_route=%2Fwp%2Fv2%2Fcomments&post=8294"}],"version-history":[{"count":0,"href":"https:\/\/vos.homolog.arsnova.work\/index.php?rest_route=\/wp\/v2\/posts\/8294\/revisions"}],"wp:featuredmedia":[{"embeddable":true,"href":"https:\/\/vos.homolog.arsnova.work\/index.php?rest_route=\/wp\/v2\/media\/8295"}],"wp:attachment":[{"href":"https:\/\/vos.homolog.arsnova.work\/index.php?rest_route=%2Fwp%2Fv2%2Fmedia&parent=8294"}],"wp:term":[{"taxonomy":"category","embeddable":true,"href":"https:\/\/vos.homolog.arsnova.work\/index.php?rest_route=%2Fwp%2Fv2%2Fcategories&post=8294"},{"taxonomy":"post_tag","embeddable":true,"href":"https:\/\/vos.homolog.arsnova.work\/index.php?rest_route=%2Fwp%2Fv2%2Ftags&post=8294"}],"curies":[{"name":"wp","href":"https:\/\/api.w.org\/{rel}","templated":true}]}}