{"id":8272,"date":"2021-08-04T16:56:44","date_gmt":"2021-08-04T19:56:44","guid":{"rendered":"https:\/\/vos.homolog.arsnova.work\/?p=8272"},"modified":"2021-08-08T19:24:51","modified_gmt":"2021-08-08T22:24:51","slug":"apoie","status":"publish","type":"post","link":"https:\/\/vos.homolog.arsnova.work\/?p=8272","title":{"rendered":"APOIE O V\u00d3S"},"content":{"rendered":"\n<h3 style=\"text-align: center;\"><a href=\"https:\/\/www.catarse.me\/vos_social\" target=\"_blank\" rel=\"noopener\">CLIQUE AQUI E APOIE O V\u00d3S<\/a><\/h3>\n<p style=\"text-align: center;\">.<\/p>\n<p style=\"text-align: justify;\"><strong>O\u00a0<a href=\"https:\/\/vos.homolog.arsnova.work\/\" target=\"_blank\" rel=\"noopener\">V\u00f3s<\/a>\u00a0\u00e9 um portal de jornalismo independente, colaborativo, experimental e, sobretudo, CORAJOSO.\u00a0<\/strong>Ao longo dos \u00faltimos tr\u00eas anos, nos dedicamos \u00e0 produ\u00e7\u00e3o de conte\u00fado ligado \u00e0 pol\u00edtica e \u00e0 sociedade por meio de colunas, an\u00e1lises, reportagens especiais e podcasts. \u00c9 o \u00fanico ve\u00edculo dedicado quase que exclusivamente \u00e0 quest\u00f5es ligadas aos Direitos Humanos no RS. Um ve\u00edculo de enfrentamento em um contexto de fragiliza\u00e7\u00e3o do jornalismo<\/p>\n<h4 style=\"text-align: center;\"><strong>.<\/strong><\/h4>\n<h4 style=\"text-align: center;\"><strong>N\u00f3s somos uma reda\u00e7\u00e3o pequena, com uma equipe fixa de apenas quatro jornalistas.<\/strong>\u00a0Felizmente, contamos com a colabora\u00e7\u00e3o de outros colegas que ajudam a diversificar o conte\u00fado do V\u00f3s, mas precisamos da tua contribui\u00e7\u00e3o para poder fazer mais e melhor<\/h4>\n<h4 style=\"text-align: center;\">.<\/h4>\n<h5>\u00a0<\/h5>\n<p style=\"text-align: justify;\"><strong>N\u00e3o vendemos an\u00fancios, n\u00e3o produzimos conte\u00fado pago e tampouco temos um mecenas.<\/strong>\u00a0At\u00e9 agora, n\u00f3s financiamos o nosso trabalho de forma alternativa, principalmente com o fruto de cursos na \u00e1rea do jornalismo. Mas o contexto da pandemia nos obrigou a repensar o modelo de neg\u00f3cio.<\/p>\n<p class=\"p1\"><strong>A grana t\u00e1 curta e n\u00f3s sabemos de quem \u00e9 a culpa.<\/strong> Mas a gente acredita que o jornalismo \u00e9 fundamental pra sair dessa.<\/p>\n<p class=\"p1\">Por isso, n\u00f3s criamos um plano de assinaturas mensal com valores acess\u00edveis para todos os bolsos. Importante dizer que o conte\u00fado do V\u00f3s continuar\u00e1 aberto, mas toda\u00a0 ajuda ser\u00e1 bem-vinda.\u00a0<\/p>\n<p style=\"text-align: center;\">.<\/p>\n<h3 style=\"text-align: center;\"><a href=\"https:\/\/www.catarse.me\/vos_social\" target=\"_blank\" rel=\"noopener\">CLIQUE AQUI E CONHE\u00c7A O PLANO DE ASSINATURAS DO V\u00d3S<\/a><\/h3>\n<p style=\"text-align: justify;\"><img decoding=\"async\" src=\"https:\/\/s3-sa-east-1.amazonaws.com\/cdn.br.catarse\/uploads\/redactor_rails\/picture\/data\/352239\/6a54b493-2e42-4094-a757-ac0f90e0eba5.png\" \/><\/p>\n<p style=\"text-align: justify;\">O\u00a0<strong>V\u00f3s<\/strong>\u00a0foi lan\u00e7ado em 2017 como um portal de colunistas. Em 2018, assume o formato de um ve\u00edculo independente, colaborativo e experimental, com a inclus\u00e3o de reportagens especiais e podcasts. Desde ent\u00e3o, ganhamos uma dezena de pr\u00eamios de jornalismo.<\/p>\n<p style=\"text-align: justify;\">A reportagem\u00a0<a href=\"https:\/\/vos.homolog.arsnova.work\/reportagens-especiais\/que-fazer-uma-historia-sobre-a-labuta-dos-imigrantes\/\" target=\"_blank\" rel=\"noopener\">QUEFAZER . uma hist\u00f3ria sobre a labuta dos imigrantes<\/a>\u00a0contou a hist\u00f3ria de imigrantes senegaleses que vivem situa\u00e7\u00e3o prec\u00e1ria no Brasil e foi vencedora do Pr\u00eamio MPT de Jornalismo e finalista do Pr\u00eamio Anamatra de Direitos Humanos.<\/p>\n<p style=\"text-align: justify;\">Em uma jornada de mais de 2mil km, atravessamos a Venezuela para mostrar o cotidiano do pa\u00eds que se transformou no novo doco de tens\u00e3o da geopol\u00edtica mundial nas reportagens\u00a0<a href=\"https:\/\/vos.homolog.arsnova.work\/reportagens-especiais\/venezuela-da-esperanca-ao-desespero\/\" target=\"_blank\" rel=\"noopener\">Venezuela . da esperan\u00e7a ao desespero<\/a>\u00a0e\u00a0<a href=\"https:\/\/vos.homolog.arsnova.work\/reportagens-especiais\/venezuela-a-distopia-apos-duas-decadas-de-chavismo\/\" target=\"_blank\" rel=\"noopener\">Venezuela . a distopia ap\u00f3s duas d\u00e9cadas de Chavismo<\/a>.<\/p>\n<p style=\"text-align: justify;\">Denunciamos a doutrina\u00e7\u00e3o ideol\u00f3gica em pres\u00eddios do Rio Grande do Sul na reportagem\u00a0<a href=\"https:\/\/vos.homolog.arsnova.work\/reportagens-especiais\/o-evangelho-segundo-a-prisao\/\">O Evangelho Segundo a Pris\u00e3o<\/a>, vencedora do Pr\u00eamio MP-RS de jornalismo.<\/p>\n<p style=\"text-align: justify;\">Tratamos, ainda, do tema da viol\u00eancia patrimonial na reportagem\u00a0<a href=\"https:\/\/vos.homolog.arsnova.work\/reportagens-especiais\/violencia-patrimonial-educacao-financeira\/\" target=\"_blank\" rel=\"noopener\">&#8220;Ele disse que me mataria, que eu era uma vagabunda e interesseira&#8221;<\/a>, vencedora do 1\u00ba Pr\u00eamio C6 Bank de jornalismo.<\/p>\n<p style=\"text-align: justify;\">Desde do in\u00edcio da pandemia do Coronav\u00edrus, produzimos uma s\u00e9rie de reportagens para tratar do que chamamos de &#8220;epidemias paralelas&#8221; como a\u00a0<a href=\"https:\/\/vos.homolog.arsnova.work\/reportagens-especiais\/epidemia-de-ansiedade\/\" target=\"_blank\" rel=\"noopener\">Epidemia de Ansiedade<\/a>,\u00a0<a href=\"https:\/\/vos.homolog.arsnova.work\/reportagens-especiais\/epidemia-de-violencia\/\" target=\"_blank\" rel=\"noopener\">Epidemia de Viol\u00eancia<\/a>\u00a0(vencedora do Pr\u00eamio ADPERGS e MP-RS de jornalismo) e\u00a0<a href=\"https:\/\/vos.homolog.arsnova.work\/reportagens-especiais\/epidemia-de-empobrecimento-fim-do-auxilio-emergencial-deve-recolocar-milhoes-em-situacao-de-pobreza\/\" target=\"_blank\" rel=\"noopener\">Epidemia de Empobrecimento<\/a>.<\/p>\n<p style=\"text-align: justify;\">O V\u00f3s ainda investe alto na produ\u00e7\u00e3o de podcasts. Semanalmente, o\u00a0<a href=\"https:\/\/open.spotify.com\/show\/5I8zWzbmuDvEx9Wp6Gtnyd\" target=\"_blank\" rel=\"noopener\">Bendita Sois V\u00f3s<\/a>\u00a0(vencedor do Pr\u00eamio ARI de jornalismo) traz um debate sobre as quest\u00f5es mais urgentes da pol\u00edtica nacional. Al\u00e9m das produ\u00e7\u00f5es mensais\u00a0<a href=\"https:\/\/open.spotify.com\/show\/6UYNzLAKqkgg7g6Rs6gp9Q\" target=\"_blank\" rel=\"noopener\">Cantinho da Leitura<\/a>, que sugere a literatura infantil como forma de abordar temas sens\u00edveis com as crian\u00e7as; e\u00a0<a href=\"https:\/\/open.spotify.com\/show\/6n4QTsaa2u1mUlmJ7FAWIO\" target=\"_blank\" rel=\"noopener\">Todo Dia Oito<\/a>, um podcast que retrata, com uma narrativa envolvente, a hist\u00f3ria de mulheres importantes para a hist\u00f3ria do pa\u00eds. O V\u00f3s ainda produziu o Sobre N\u00f3s, um podcast de edi\u00e7\u00e3o limitada que foi premiado pela Associa\u00e7\u00e3o Rio-grandense de Imprensa.<\/p>\n","protected":false},"excerpt":{"rendered":"","protected":false},"author":3,"featured_media":8273,"comment_status":"open","ping_status":"open","sticky":true,"template":"","format":"standard","meta":{"_acf_changed":false,"footnotes":""},"categories":[22],"tags":[],"class_list":["post-8272","post","type-post","status-publish","format-standard","has-post-thumbnail","hentry","category-georgia-santos"],"acf":[],"_links":{"self":[{"href":"https:\/\/vos.homolog.arsnova.work\/index.php?rest_route=\/wp\/v2\/posts\/8272","targetHints":{"allow":["GET"]}}],"collection":[{"href":"https:\/\/vos.homolog.arsnova.work\/index.php?rest_route=\/wp\/v2\/posts"}],"about":[{"href":"https:\/\/vos.homolog.arsnova.work\/index.php?rest_route=\/wp\/v2\/types\/post"}],"author":[{"embeddable":true,"href":"https:\/\/vos.homolog.arsnova.work\/index.php?rest_route=\/wp\/v2\/users\/3"}],"replies":[{"embeddable":true,"href":"https:\/\/vos.homolog.arsnova.work\/index.php?rest_route=%2Fwp%2Fv2%2Fcomments&post=8272"}],"version-history":[{"count":0,"href":"https:\/\/vos.homolog.arsnova.work\/index.php?rest_route=\/wp\/v2\/posts\/8272\/revisions"}],"wp:featuredmedia":[{"embeddable":true,"href":"https:\/\/vos.homolog.arsnova.work\/index.php?rest_route=\/wp\/v2\/media\/8273"}],"wp:attachment":[{"href":"https:\/\/vos.homolog.arsnova.work\/index.php?rest_route=%2Fwp%2Fv2%2Fmedia&parent=8272"}],"wp:term":[{"taxonomy":"category","embeddable":true,"href":"https:\/\/vos.homolog.arsnova.work\/index.php?rest_route=%2Fwp%2Fv2%2Fcategories&post=8272"},{"taxonomy":"post_tag","embeddable":true,"href":"https:\/\/vos.homolog.arsnova.work\/index.php?rest_route=%2Fwp%2Fv2%2Ftags&post=8272"}],"curies":[{"name":"wp","href":"https:\/\/api.w.org\/{rel}","templated":true}]}}