{"id":8262,"date":"2021-08-02T12:31:20","date_gmt":"2021-08-02T15:31:20","guid":{"rendered":"https:\/\/vos.homolog.arsnova.work\/?p=8262"},"modified":"2021-08-02T12:51:54","modified_gmt":"2021-08-02T15:51:54","slug":"ativismo-e-arte-1-entrevista-com-raquel-grabauska","status":"publish","type":"post","link":"https:\/\/vos.homolog.arsnova.work\/?p=8262","title":{"rendered":"Ativismo e Arte #1 Entrevista com Raquel Grabauska"},"content":{"rendered":"\n<p style=\"text-align: center;\"><cite><em><b>\u201cA gente sabe que est\u00e1 ativa, est\u00e1 militando, est\u00e1 resistindo o tempo todo.\u201d<\/b><\/em><\/cite><\/p>\n<p style=\"text-align: center;\"><cite><i><span style=\"font-weight: 400;\">\u00a0Marielle Franco, vereadora, militante e ativista<\/span><\/i><\/cite><\/p>\n<p style=\"text-align: center;\">.<\/p>\n<p style=\"text-align: justify;\"><span style=\"font-weight: 400;\">A luta da vereadora brutalmente assassinada no Rio de Janeiro foi lembrada por Raquel Grabauska durante a entrevista para o projeto Ativismo e Arte. Atriz, diretora e produtora teatral, Raquel vem desempenhando um papel fora dos palcos e bastidores art\u00edsticos. Desde 2020, tornou-se propulsora de a\u00e7\u00f5es sociais para ajudar quem passa (ainda mais) dificuldades durante a pandemia. Apesar do resultado vis\u00edvel do projeto CQM+, nossa entrevistada preferiu n\u00e3o se classificar como ativista, quando questionada a respeito. Em seu entendimento, considera o termo algo \u201cmaior\u201d, que remete a nomes como o de Marielle.<\/span><\/p>\n<p style=\"text-align: justify;\"><span style=\"font-weight: 400;\">Por isso, preferiu se intitular como \u201cativa e artista\u201d. O jogo de palavras entre ativa e ativista parece fazer mesmo muito sentido. Pois \u00e9 preciso estar em a\u00e7\u00e3o para tentar mudar o mundo ao nosso redor. Dentro dessa perspectiva, n\u00e3o existe projeto social menor ou menos relevante, em uma sociedade t\u00e3o injusta e desigual como a brasileira.\u00a0<\/span><\/p>\n<h3 style=\"text-align: justify;\">.<\/h3>\n<h3 style=\"text-align: justify;\">CMQ+<\/h3>\n<p style=\"text-align: justify;\"><span style=\"font-weight: 400;\">O projeto CQM+ foi criado pelo Cuidado Que Mancha, grupo art\u00edstico do qual Raquel Grabauska faz parte h\u00e1 mais de 20 anos. Atualmente, a iniciativa conta com 14 volunt\u00e1rias que recebem doa\u00e7\u00f5es, como alimentos, agasalhos e outros itens, como m\u00f3veis e eletrodom\u00e9sticos. Os donativos s\u00e3o destinados para 23 \u00e1reas de Porto Alegre (RS), atrav\u00e9s da conex\u00e3o direta com l\u00edderes comunit\u00e1rios. \u201cA gente valoriza quem est\u00e1 na comunidade. S\u00e3o os l\u00edderes comunit\u00e1rios que sabem as necessidades de sua regi\u00e3o\u201d, enfatiza Raquel.\u00a0<\/span><\/p>\n<p style=\"text-align: justify;\"><span style=\"font-weight: 400;\">Para manter o projeto CQM+ ativo, foi criada uma campanha de financiamento coletivo recorrente. Al\u00e9m de contribuir para que as doa\u00e7\u00f5es sigam sendo destinadas a quem precisa, a ajuda tamb\u00e9m \u00e9 necess\u00e1ria para que o Cuidado que Mancha consiga recursos para alugar uma nova sede.\u00a0<\/span><\/p>\n<p style=\"text-align: center;\"><strong>Os interessados em colaborar, podem acessar este link: <a href=\"https:\/\/apoia.se\/cuidadoquemanchamais\" target=\"_blank\" rel=\"noopener\">\u00a0https:\/\/apoia.se\/cuidadoquemanchamais<\/a><\/strong><\/p>\n<h3>.<\/h3>\n<h3>Ativismo e Arte?<\/h3>\n<p style=\"text-align: justify;\"><span style=\"font-weight: 400;\">Apesar de n\u00e3o considerar que o ativismo tenha interferido em seu fazer art\u00edstico, Raquel ponderou que durante a pandemia n\u00e3o conseguiu fazer projetos culturais destinados ao p\u00fablico infantil. \u201cComecei a trabalhar conte\u00fados mais voltados para adultos, como v\u00eddeos sobre maternidade\u201d, recorda.\u00a0 Al\u00e9m disso, criticou a condu\u00e7\u00e3o de editais emergenciais criados pelo poder p\u00fablico para auxiliar a classe art\u00edstica. \u201cTeve um em que o crit\u00e9rio era a ordem de inscri\u00e7\u00e3o. Ou seja, ver qual artista tinha a Internet mais r\u00e1pida e era \u00e1gil para digitar seu projeto\u201d, lamentou. Apesar do desconforto, inscreveu-se, por acreditar ser importante para os artistas ocuparem esses espa\u00e7os. Por\u00e9m, encontrou uma solu\u00e7\u00e3o para deixar evidente sua postura cr\u00edtica. Seu projeto, aprovado, chamou-se \u201cN\u00e3o me pe\u00e7a para ser criativa\u201d. Uma subvers\u00e3o necess\u00e1ria, convenhamos.<\/span><\/p>\n<p>\u00a0<\/p>\n<p style=\"text-align: center;\"><iframe loading=\"lazy\" title=\"YouTube video player\" src=\"https:\/\/www.youtube.com\/embed\/3-vE3RF7rnA\" width=\"560\" height=\"315\" frameborder=\"0\" allowfullscreen=\"allowfullscreen\"><\/iframe><\/p>\n<p>\u00a0<\/p>\n<p style=\"text-align: justify;\"><span style=\"font-weight: 400;\">Depois de encerrada a conversa com a minha entrevistada, precisei discordar da opini\u00e3o dela a respeito da pr\u00f3pria trajet\u00f3ria. Sa\u00ed da grava\u00e7\u00e3o com a certeza que Raquel \u00e9 uma ativista. E das boas, por fazer esse trabalho de forma sens\u00edvel e verdadeira.\u00a0\u00a0<\/span><\/p>\n<p>.<\/p>\n<h3 style=\"text-align: justify;\">Raquel Grabauska<\/h3>\n<p style=\"text-align: justify;\"><span style=\"font-weight: 400;\">Atriz, diretora e produtora teatral. Atua h\u00e1 mais de 20 anos no Cuidado que Mancha, uma companhia de m\u00fasica, teatro e literatura voltada ao p\u00fablico infantil. J\u00e1 publicou 6 livros, al\u00e9m de ter escrito textos dramat\u00fargicos para espet\u00e1culos teatrais. Tamb\u00e9m \u00e9 diretora art\u00edstica do podcast Todo Dia 8, uma produ\u00e7\u00e3o do V\u00f3s.<\/span><\/p>\n<p>\u00a0<\/p>\n<p style=\"text-align: center;\"><strong>Ou\u00e7a o podcast com a ent<span style=\"font-weight: 400;\">r<\/span>evista completa<\/strong><\/p>\n<p style=\"text-align: center;\"><iframe loading=\"lazy\" src=\"https:\/\/anchor.fm\/flavia-cunha3\/embed\/episodes\/Ativismo-e-Arte---Episdio-1---Raquel-Grabauska-e15aj8f\" width=\"400px\" height=\"102px\" frameborder=\"0\" scrolling=\"no\"><\/iframe><\/p>\n<p style=\"text-align: center;\">\u00a0<\/p>\n<h3 style=\"text-align: left;\">.<\/h3>\n<h3 style=\"text-align: left;\">Ativismo e Arte &#8211; Quem Faz<\/h3>\n<p style=\"text-align: left;\"><em><span style=\"font-weight: 400;\">Uma produ\u00e7\u00e3o V\u00f3s e F Cunha Produtora<\/span><\/em><\/p>\n<p style=\"text-align: left;\"><span style=\"font-weight: 400;\"><strong>Apresenta\u00e7\u00e3o e produ\u00e7\u00e3o:<\/strong> Fl\u00e1via Cunha<\/span><\/p>\n<p style=\"text-align: left;\"><span style=\"font-weight: 400;\"><strong>Edi\u00e7\u00e3o de imagem e concep\u00e7\u00e3o gr\u00e1fica:<\/strong> Fl\u00e1vio Siqueira<\/span><\/p>\n<p style=\"text-align: left;\"><span style=\"font-weight: 400;\"><strong>Edi\u00e7\u00e3o de \u00e1udio:<\/strong> Ge\u00f3rgia Santos<\/span><\/p>\n<p style=\"text-align: center;\"><span style=\"font-weight: 400;\">\u00a0<\/span><\/p>\n<p style=\"text-align: center;\"><span style=\"font-weight: 400;\">\u00a0<\/span><\/p>\n<p><span style=\"font-weight: 400;\">\u00a0<\/span><\/p>\n<p><br \/><br \/><\/p>\n","protected":false},"excerpt":{"rendered":"","protected":false},"author":5,"featured_media":8263,"comment_status":"open","ping_status":"open","sticky":false,"template":"","format":"standard","meta":{"_acf_changed":false,"footnotes":""},"categories":[1541],"tags":[2575,48],"class_list":["post-8262","post","type-post","status-publish","format-standard","has-post-thumbnail","hentry","category-podcasts","tag-ativismo-e-arte","tag-raquel-grabauska"],"acf":[],"_links":{"self":[{"href":"https:\/\/vos.homolog.arsnova.work\/index.php?rest_route=\/wp\/v2\/posts\/8262","targetHints":{"allow":["GET"]}}],"collection":[{"href":"https:\/\/vos.homolog.arsnova.work\/index.php?rest_route=\/wp\/v2\/posts"}],"about":[{"href":"https:\/\/vos.homolog.arsnova.work\/index.php?rest_route=\/wp\/v2\/types\/post"}],"author":[{"embeddable":true,"href":"https:\/\/vos.homolog.arsnova.work\/index.php?rest_route=\/wp\/v2\/users\/5"}],"replies":[{"embeddable":true,"href":"https:\/\/vos.homolog.arsnova.work\/index.php?rest_route=%2Fwp%2Fv2%2Fcomments&post=8262"}],"version-history":[{"count":0,"href":"https:\/\/vos.homolog.arsnova.work\/index.php?rest_route=\/wp\/v2\/posts\/8262\/revisions"}],"wp:featuredmedia":[{"embeddable":true,"href":"https:\/\/vos.homolog.arsnova.work\/index.php?rest_route=\/wp\/v2\/media\/8263"}],"wp:attachment":[{"href":"https:\/\/vos.homolog.arsnova.work\/index.php?rest_route=%2Fwp%2Fv2%2Fmedia&parent=8262"}],"wp:term":[{"taxonomy":"category","embeddable":true,"href":"https:\/\/vos.homolog.arsnova.work\/index.php?rest_route=%2Fwp%2Fv2%2Fcategories&post=8262"},{"taxonomy":"post_tag","embeddable":true,"href":"https:\/\/vos.homolog.arsnova.work\/index.php?rest_route=%2Fwp%2Fv2%2Ftags&post=8262"}],"curies":[{"name":"wp","href":"https:\/\/api.w.org\/{rel}","templated":true}]}}