{"id":8250,"date":"2021-07-21T17:00:00","date_gmt":"2021-07-21T20:00:00","guid":{"rendered":"https:\/\/vos.homolog.arsnova.work\/?p=8250"},"modified":"2021-07-21T16:31:47","modified_gmt":"2021-07-21T19:31:47","slug":"bsv-especial-coronavirus-67-o-fundao-e-o-centrao","status":"publish","type":"post","link":"https:\/\/vos.homolog.arsnova.work\/?p=8250","title":{"rendered":"BSV Especial Coronav\u00edrus #67 O Fund\u00e3o e o Centr\u00e3o"},"content":{"rendered":"\n<p class=\"p1\" style=\"text-align: justify;\"><b>Nesta semana, a crise do<span class=\"Apple-converted-space\">\u00a0<\/span>Fund\u00e3o e do Centr\u00e3o.<\/b><\/p>\n<p class=\"p1\" style=\"text-align: justify;\">O Congresso Nacional aprovou, na semana passada, o Fundo Eleitoral de 5,7 bilh\u00f5es de reais. O montante foi aprovado durante a vota\u00e7\u00e3o da Lei de Diretrizes Or\u00e7ament\u00e1rias (LDO) de 2022.<span class=\"Apple-converted-space\">\u00a0 <\/span>Tr\u00eas vezes o valor previsto para as elei\u00e7\u00f5es de 2018.<\/p>\n<h5 class=\"p1\" style=\"text-align: center;\">.<\/h5>\n<h5 class=\"p1\" style=\"text-align: center;\">Agora, cabe ao presidente Jair Bolsonaro sancionar a LDO integralmente, parcialmente ou vetar o texto<\/h5>\n<h5 class=\"p1\" style=\"text-align: center;\">.<\/h5>\n<p class=\"p1\" style=\"text-align: justify;\">Ele j\u00e1 disse que pretende vetar. Mas \u00e9 um movimento curioso, j\u00e1 que os filhos votaram a favor do texto. Os filhos Eduardo e Fl\u00e1vio, deputado e senador, respectivamente, e os aliados na C\u00e2mara e no Senado. Os mesmos filhos e aliados que se diziam contr\u00e1rios \u00e0 proposta e que agora culpam Marcelo ramos (PL-AM), vice-presidente do C\u00e2mara, que conduziu a sess\u00e3o de vota\u00e7\u00e3o.<\/p>\n<p class=\"p1\" style=\"text-align: justify;\">O argumento \u00e9 de que votaram pela aprova\u00e7\u00e3o do aumento do Fund\u00e3o porque o texto apresentava uma s\u00e9rie de dispositivos para orientar a LDO de 2022. Porque o or\u00e7amento, em si, precisava ser aprovado, sen\u00e3o atrasaria o or\u00e7amento do governo para o pr\u00f3ximo ano.<\/p>\n<p class=\"p1\" style=\"text-align: justify;\">Mas \u00e9 mentira. Ele s\u00f3 precisava ser aprovado para o Congresso entrar em recesso. Ou seja, a grosso modo, se n\u00e3o eram a favor, tinham pressa em parar de trabalhar.<\/p>\n<p class=\"p1\" style=\"text-align: justify;\">E a hist\u00f3ria n\u00e3o termina a\u00ed. Porque al\u00e9m do desgaste de aprovar a mat\u00e9ria e precisar se justificar, os aliados de Bolsonaro conseguiram irritar o Centr\u00e3o pelo caminho, que \u00e9 a favor do Fund\u00e3o. E o pr\u00f3prio Bolsonaro conseguiu a proeza de atacar Marcelo ramos. Que n\u00e3o deixou quieto.<\/p>\n<h5 class=\"p1\" style=\"text-align: center;\"><b>.<\/b><\/h5>\n<h5 class=\"p1\" style=\"text-align: center;\"><b>O <\/b>resultado? Jair Bolsonaro indicou uma &#8220;pequena mudan\u00e7a ministerial\u201d para a pr\u00f3xima segunda-feira, dia 26<\/h5>\n<h5 class=\"p1\" style=\"text-align: center;\">.<\/h5>\n<p class=\"p1\" style=\"text-align: justify;\">Segundo a jornalista <a href=\"https:\/\/g1.globo.com\/politica\/blog\/natuza-nery\/post\/2021\/07\/21\/bolsonaro-estuda-recriar-ministerio-do-trabalho.ghtml\" target=\"_blank\" rel=\"noopener\">Natuza Nery, da Globonews,<\/a> o presidente cogita colocar o senador Ciro Nogueira (PP-PI), l\u00edder do Centr\u00e3o, na Casa Civil. Ele tamb\u00e9m estuda recriar o Minist\u00e9rio do Trabalho e Previd\u00eancia acomodar Onyx Lorenzoni, atualmente ministro da Secretaria-Geral do governo. Por que? Para abrir vaga para Luiz Eduardo Ramos, hoje na Casa Civil.<\/p>\n<p class=\"p1\" style=\"text-align: justify;\">Eita que nem o recesso d\u00e1 folga. Isso sem falar no stalker de Fl\u00e1vio Bolsonaro e a Amaz\u00f4nia, que tem primeiro semestre de 2021 com maior \u00e1rea sob alerta de desmate em seis anos. Salles, \u00e9 voc\u00ea?<\/p>\n<p><strong>Participam os jornalistas Ge\u00f3rgia Santos, Fl\u00e1via Cunha, Igor Natusch e T\u00e9rcio Saccol.\u00a0\u00a0Voc\u00ea tamb\u00e9m pode ouvir o epis\u00f3dio no\u00a0Spotify,\u00a0Itunes\u00a0e\u00a0Castbox.<\/strong><\/p>\n\n\n<p style=\"text-align: center;\"><iframe loading=\"lazy\" src=\"https:\/\/w.soundcloud.com\/player\/?url=https%3A\/\/api.soundcloud.com\/tracks\/1091662321%3Fsecret_token%3Ds-Uco1lehj4zS&amp;color=%23ff5500&amp;auto_play=false&amp;hide_related=false&amp;show_comments=true&amp;show_user=true&amp;show_reposts=false&amp;show_teaser=true&amp;visual=true\" width=\"100%\" height=\"300\" frameborder=\"no\" scrolling=\"no\"><\/iframe><\/p>\n<div style=\"font-size: 10px; color: #cccccc; line-break: anywhere; word-break: normal; overflow: hidden; white-space: nowrap; text-overflow: ellipsis; font-family: Interstate, 'Lucida Grande', 'Lucida Sans Unicode', 'Lucida Sans', Garuda, Verdana, Tahoma, sans-serif; font-weight: 100; text-align: center;\"><a style=\"color: #cccccc; text-decoration: none;\" title=\"V\u00f3s Pessoas no Plural\" href=\"https:\/\/soundcloud.com\/vos-social\" target=\"_blank\" rel=\"noopener\">V\u00f3s Pessoas no Plural<\/a> \u00b7 <a style=\"color: #cccccc; text-decoration: none;\" title=\"BSV Especial Coronav\u00edrus #67 O Fund\u00e3o e o Centr\u00e3o\" href=\"https:\/\/soundcloud.com\/vos-social\/bsv-especial-coronavirus-67-o-fundao-e-o-centrao\/s-Uco1lehj4zS\" target=\"_blank\" rel=\"noopener\">BSV Especial Coronav\u00edrus #67 O Fund\u00e3o e o Centr\u00e3o<\/a><\/div>\n<div>\u00a0<\/div>\n<div><em>Imagem:\u00a0Isaac Nobrega\/PR<\/em><\/div>","protected":false},"excerpt":{"rendered":"<p>V\u00f3s Pessoas no Plural \u00b7 BSV Especial Coronav\u00edrus #67 O Fund\u00e3o e o Centr\u00e3o \u00a0 Imagem:\u00a0Isaac Nobrega\/PR<\/p>\n","protected":false},"author":3,"featured_media":8251,"comment_status":"open","ping_status":"open","sticky":false,"template":"","format":"standard","meta":{"_acf_changed":false,"footnotes":""},"categories":[1541],"tags":[],"class_list":["post-8250","post","type-post","status-publish","format-standard","has-post-thumbnail","hentry","category-podcasts"],"acf":[],"_links":{"self":[{"href":"https:\/\/vos.homolog.arsnova.work\/index.php?rest_route=\/wp\/v2\/posts\/8250","targetHints":{"allow":["GET"]}}],"collection":[{"href":"https:\/\/vos.homolog.arsnova.work\/index.php?rest_route=\/wp\/v2\/posts"}],"about":[{"href":"https:\/\/vos.homolog.arsnova.work\/index.php?rest_route=\/wp\/v2\/types\/post"}],"author":[{"embeddable":true,"href":"https:\/\/vos.homolog.arsnova.work\/index.php?rest_route=\/wp\/v2\/users\/3"}],"replies":[{"embeddable":true,"href":"https:\/\/vos.homolog.arsnova.work\/index.php?rest_route=%2Fwp%2Fv2%2Fcomments&post=8250"}],"version-history":[{"count":0,"href":"https:\/\/vos.homolog.arsnova.work\/index.php?rest_route=\/wp\/v2\/posts\/8250\/revisions"}],"wp:featuredmedia":[{"embeddable":true,"href":"https:\/\/vos.homolog.arsnova.work\/index.php?rest_route=\/wp\/v2\/media\/8251"}],"wp:attachment":[{"href":"https:\/\/vos.homolog.arsnova.work\/index.php?rest_route=%2Fwp%2Fv2%2Fmedia&parent=8250"}],"wp:term":[{"taxonomy":"category","embeddable":true,"href":"https:\/\/vos.homolog.arsnova.work\/index.php?rest_route=%2Fwp%2Fv2%2Fcategories&post=8250"},{"taxonomy":"post_tag","embeddable":true,"href":"https:\/\/vos.homolog.arsnova.work\/index.php?rest_route=%2Fwp%2Fv2%2Ftags&post=8250"}],"curies":[{"name":"wp","href":"https:\/\/api.w.org\/{rel}","templated":true}]}}