{"id":8245,"date":"2021-07-07T17:00:00","date_gmt":"2021-07-07T20:00:00","guid":{"rendered":"https:\/\/vos.homolog.arsnova.work\/?p=8245"},"modified":"2021-07-21T14:30:52","modified_gmt":"2021-07-21T17:30:52","slug":"bsv-especial-coronavirus-65-entrevista-com-omar-aziz","status":"publish","type":"post","link":"https:\/\/vos.homolog.arsnova.work\/?p=8245","title":{"rendered":"BSV Especial Coronav\u00edrus #65 Entrevista com Omar Aziz"},"content":{"rendered":"\n<p style=\"text-align: justify;\"><strong>Nesta semana, entrevistamos o presidente da CPI da Covid, senador Omar Aziz (PSD-AM). Afinal de contas, parece que h\u00e1 uma rede em torno de superfaturamento e propina de vacinas. E n\u00e3o, n\u00f3s n\u00e3o esquecemos da rachadinhas.<\/strong><\/p>\n<p style=\"text-align: justify;\">Grava\u00e7\u00f5es in\u00e9ditas apontam o envolvimento direto de Jair Bolsonaro em esquema ilegal de entrega de sal\u00e1rios de assessores quando era deputado federal. <a href=\"https:\/\/noticias.uol.com.br\/videos\/2021\/07\/06\/eclosao-do-caso-queiroz-joga-luz-sobre-o-passado-oculto-de-jair-bolsonaro.htm\" target=\"_blank\" rel=\"noopener\">A reportagem da jornalista Juliana Dal Piva, do Uol, traz \u00e1udios de Andrea Valle, ex-cunhada de Bolsonaro, que revela que o irm\u00e3o foi demitido porque se recusou a devolver parte do sal\u00e1rio.<\/a> \u00c9 a primeira vez que um ex-assessor admite o envolvimento direto do presidente. Bolsonaro fez da rachadinha um neg\u00f3cio de fam\u00edlia.<\/p>\n<p style=\"text-align: justify;\">Mas n\u00e3o nos esque\u00e7amos que h\u00e1 corrup\u00e7\u00e3o ocorrendo AGORA, enquanto milhares morrem em fun\u00e7\u00e3o da Covid. Porque \u00e0 medida que as investiga\u00e7\u00f5es avan\u00e7am, se percebe que h\u00e1 todo um esquema em torno do superfaturamento e da propina.<\/p>\n<h4 style=\"text-align: center;\">.<\/h4>\n<h4 style=\"text-align: center;\">Por isso vamos conversar com o presidente da CPI da Covid, senador Omar Aziz (PSD-AM)<\/h4>\n<h4 style=\"text-align: center;\">.<\/h4>\n<p style=\"text-align: justify;\">\u00c9 treta demais. Covaxin, Davati, um d\u00f3lar, Lu\u00eds Miranda, Dominghetti, Reverendo, Cristiano, propina, fiscal de contrato, superfaturamento, shopping, depoimento, chopp, coronel, 400 milh\u00f5es de doses, emails ignorados, servidor exonerado, servidor amea\u00e7ado. Ahhh. S\u00f3 resta dizer uma coisa. Fora Bolsonaro.<\/p>\n<p style=\"text-align: justify;\"><strong>Participam os jornalistas Ge\u00f3rgia Santos, Fl\u00e1via Cunha, Igor Natusch e T\u00e9rcio Saccol.\u00a0\u00a0Voc\u00ea tamb\u00e9m pode ouvir o epis\u00f3dio no\u00a0Spotify,\u00a0Itunes\u00a0e\u00a0Castbox.<\/strong><\/p>\n\n\n<p style=\"text-align: center;\"><iframe loading=\"lazy\" src=\"https:\/\/w.soundcloud.com\/player\/?url=https%3A\/\/api.soundcloud.com\/tracks\/1083447322&amp;color=%23ff5500&amp;auto_play=false&amp;hide_related=false&amp;show_comments=true&amp;show_user=true&amp;show_reposts=false&amp;show_teaser=true&amp;visual=true\" width=\"100%\" height=\"300\" frameborder=\"no\" scrolling=\"no\"><\/iframe><\/p>\n<div style=\"font-size: 10px; color: #cccccc; line-break: anywhere; word-break: normal; overflow: hidden; white-space: nowrap; text-overflow: ellipsis; font-family: Interstate, 'Lucida Grande', 'Lucida Sans Unicode', 'Lucida Sans', Garuda, Verdana, Tahoma, sans-serif; font-weight: 100; text-align: center;\"><a style=\"color: #cccccc; text-decoration: none;\" title=\"V\u00f3s Pessoas no Plural\" href=\"https:\/\/soundcloud.com\/vos-social\" target=\"_blank\" rel=\"noopener\">V\u00f3s Pessoas no Plural<\/a> \u00b7 <a style=\"color: #cccccc; text-decoration: none;\" title=\"BSV Especial Coronav\u00edrus #65 Entrevista com Omar Aziz\" href=\"https:\/\/soundcloud.com\/vos-social\/bsv-especial-coronavirus-65-entrevista-com-omar-aziz\" target=\"_blank\" rel=\"noopener\">BSV Especial Coronav\u00edrus #65 Entrevista com Omar Aziz<\/a><\/div>","protected":false},"excerpt":{"rendered":"<p>V\u00f3s Pessoas no Plural \u00b7 BSV Especial Coronav\u00edrus #65 Entrevista com Omar Aziz<\/p>\n","protected":false},"author":3,"featured_media":8246,"comment_status":"open","ping_status":"closed","sticky":false,"template":"","format":"standard","meta":{"_acf_changed":false,"footnotes":""},"categories":[1541],"tags":[870,800,2572,2165,228,11],"class_list":["post-8245","post","type-post","status-publish","format-standard","has-post-thumbnail","hentry","category-podcasts","tag-bolsonaro","tag-brasil","tag-omar-aziz","tag-pandemia","tag-politica","tag-vos"],"acf":[],"_links":{"self":[{"href":"https:\/\/vos.homolog.arsnova.work\/index.php?rest_route=\/wp\/v2\/posts\/8245","targetHints":{"allow":["GET"]}}],"collection":[{"href":"https:\/\/vos.homolog.arsnova.work\/index.php?rest_route=\/wp\/v2\/posts"}],"about":[{"href":"https:\/\/vos.homolog.arsnova.work\/index.php?rest_route=\/wp\/v2\/types\/post"}],"author":[{"embeddable":true,"href":"https:\/\/vos.homolog.arsnova.work\/index.php?rest_route=\/wp\/v2\/users\/3"}],"replies":[{"embeddable":true,"href":"https:\/\/vos.homolog.arsnova.work\/index.php?rest_route=%2Fwp%2Fv2%2Fcomments&post=8245"}],"version-history":[{"count":0,"href":"https:\/\/vos.homolog.arsnova.work\/index.php?rest_route=\/wp\/v2\/posts\/8245\/revisions"}],"wp:featuredmedia":[{"embeddable":true,"href":"https:\/\/vos.homolog.arsnova.work\/index.php?rest_route=\/wp\/v2\/media\/8246"}],"wp:attachment":[{"href":"https:\/\/vos.homolog.arsnova.work\/index.php?rest_route=%2Fwp%2Fv2%2Fmedia&parent=8245"}],"wp:term":[{"taxonomy":"category","embeddable":true,"href":"https:\/\/vos.homolog.arsnova.work\/index.php?rest_route=%2Fwp%2Fv2%2Fcategories&post=8245"},{"taxonomy":"post_tag","embeddable":true,"href":"https:\/\/vos.homolog.arsnova.work\/index.php?rest_route=%2Fwp%2Fv2%2Ftags&post=8245"}],"curies":[{"name":"wp","href":"https:\/\/api.w.org\/{rel}","templated":true}]}}