{"id":8235,"date":"2021-07-19T16:49:06","date_gmt":"2021-07-19T19:49:06","guid":{"rendered":"https:\/\/vos.homolog.arsnova.work\/?p=8235"},"modified":"2021-07-20T11:46:17","modified_gmt":"2021-07-20T14:46:17","slug":"hidra-de-lerna-esquemas-de-corrupcao-e-a-cpi-da-pandemia","status":"publish","type":"post","link":"https:\/\/vos.homolog.arsnova.work\/?p=8235","title":{"rendered":"Hidra de Lerna, esquemas de corrup\u00e7\u00e3o e a CPI da Pandemia"},"content":{"rendered":"\n<p style=\"text-align: justify\">\u00a0<\/p>\n<p style=\"text-align: justify\"><span style=\"font-weight: 400\">O que a Hidra de Lerna tem a ver com a CPI da Pandemia? Muita coisa, de acordo com o vice-presidente da comiss\u00e3o, Randolfe Rodrigues (Rede-AP). O senador comparou o monstro mitol\u00f3gico aos m\u00faltiplos esquemas de superfaturamento de vacinas investigados pela CPI. Recordando a lenda, Randolfe explicou que a Hidra tinha muitas cabe\u00e7as que, ao serem cortadas, regeneravam-se. Ou seja, quanto mais a investiga\u00e7\u00e3o avan\u00e7a, mais ind\u00edcios de corrup\u00e7\u00e3o aparecem, em diferentes \u201ctent\u00e1culos\u201d.<\/span><\/p>\n<h4 style=\"text-align: justify\"><b>A Lenda<\/b><\/h4>\n<p style=\"text-align: justify\"><span style=\"font-weight: 400\">Nos dias atuais, a Hidra \u00e9 mais lembrada por fazer parte da lenda dos 12 Trabalhos de H\u00e9rcules (ou H\u00e9racles, para os gregos). O her\u00f3i mitol\u00f3gico teve como segundo desafio matar o monstro com corpo de drag\u00e3o e m\u00faltiplas cabe\u00e7as de serpente &#8211; uma delas imortal. Para alcan\u00e7ar esse objetivo, ele usou de ast\u00facia. Depois de cortar cada cabe\u00e7a, cauterizava o local da ferida, impedindo sua regenera\u00e7\u00e3o. J\u00e1 a cabe\u00e7a imortal foi cortada e enterrada. Em cima, H\u00e9rcules colocou uma grande pedra. De acordo com an\u00e1lises psicanal\u00edticas, a cabe\u00e7a imortal da Hidra representa os v\u00edcios humanos. Estes, mesmo controlados, ainda est\u00e3o vivos e precisam ser vigiados. Se pensarmos na compara\u00e7\u00e3o recente, nada mais \u00e9 recorrente (e imortal) que a corrup\u00e7\u00e3o brasileira. Presente em solo brasileiro desde antes do Brasil Rep\u00fablica, \u00e9 insistentemente combatida e ressurge, igual a uma F\u00eanix, outro ser mitol\u00f3gico.<\/span><\/p>\n<h4 style=\"text-align: justify\"><b>Mais compara\u00e7\u00f5es com o Brasil 2021<\/b><\/h4>\n<p style=\"text-align: justify\"><span style=\"font-weight: 400\">Mas me permitam prosseguir nas compara\u00e7\u00f5es mitol\u00f3gicas. De acordo com vers\u00f5es mais consagradas, a Hidra de Lerna tinha tr\u00eas irm\u00e3os. Um deles era o c\u00e3o C\u00e9rbero, guardi\u00e3o do portal do Inferno. Sua fun\u00e7\u00e3o era impedir a sa\u00edda de quem tentasse fugir daquele lugar de sofrimento. Tal qual Jair Bolsonaro e sua equipe, que fizeram de tudo para dificultar o in\u00edcio da vacina\u00e7\u00e3o contra Covid no Brasil, postergando um cen\u00e1rio com milhares de mortes di\u00e1rias.\u00a0<\/span><\/p>\n<p style=\"text-align: justify\"><span style=\"font-weight: 400\">Outro irm\u00e3o da Hidra era o c\u00e3o Ortro, que tinha como fun\u00e7\u00e3o vigiar o rebanho de gado do gigante Geri\u00e3o. Pois coube novamente a H\u00e9rcules a tarefa de libertar o gado. Hoje, \u00e9 de todos n\u00f3s a miss\u00e3o de tentar esclarecer o \u201cgado\u201d bolsonarista, ainda apegado a um governo incompetente e corrupto.<\/span><\/p>\n<h4 style=\"text-align: justify\">O monstro da incoer\u00eancia<\/h4>\n<p style=\"text-align: justify\"><span style=\"font-weight: 400\">Para completar esta fam\u00edlia mitol\u00f3gica, vamos falar da terceira irm\u00e3 da Hidra: Quimera. Este monstro \u00e9 muitas vezes representado com corpo de le\u00e3o, cabe\u00e7a de cabra e cauda de drag\u00e3o. Sua estranha apar\u00eancia leva a um de seus significados mais usuais, o da incoer\u00eancia. E nada mais incoerente do que os argumentos do presidente da Rep\u00fablica para refutar as in\u00fameras den\u00fancias de irregularidades envolvendo seu governo.<\/span><\/p>\n<h4 style=\"text-align: justify\"><b>Sem her\u00f3is<\/b><\/h4>\n<p style=\"text-align: justify\"><span style=\"font-weight: 400\">Por fim, \u00e9 imprescind\u00edvel que deixemos os her\u00f3is para as lendas mitol\u00f3gicas. Ningu\u00e9m no Brasil 2021 deve esperar um H\u00e9rcules para matar a Hidra de Lerna metaf\u00f3rica e outros monstros da m\u00e1 pol\u00edtica. Precisamos mesmo \u00e9 de conscientiza\u00e7\u00e3o e luta\u00a0 por mudan\u00e7as estruturais na sociedade. Estas, s\u00f3 vir\u00e3o com muita press\u00e3o e consci\u00eancia de classe. E sempre \u00e9 bom lembrar que, certamente, Bolsonaro nada tem de mito, como j\u00e1 abordei <a href=\"https:\/\/vos.homolog.arsnova.work\/voos-literarios\/cpi-da-pandemia-o-fim-do-mito\/\" target=\"_blank\" rel=\"noopener\">nesse texto<\/a>.<\/span><\/p>\n<h4 style=\"text-align: justify\"><b>Para ir al\u00e9m<\/b><\/h4>\n<p style=\"text-align: justify\"><span style=\"font-weight: 400\">Aos interessados em aprofundar o conhecimento sobre mitologia, sugiro duas leituras: <a href=\"https:\/\/www.lpm.com.br\/site\/default.asp?Template=..\/livros\/layout_produto.asp&amp;CategoriaID=736390&amp;ID=727377\" target=\"_blank\" rel=\"noopener\"><em>Mitologia grega<\/em><\/a>, de Pierre Grimal, e <a href=\"https:\/\/www.companhiadasletras.com.br\/detalhe.php?codigo=27000319\" target=\"_blank\" rel=\"noopener\"><em>A sabedoria dos mitos gregos<\/em><\/a>, de Luc Ferry.<\/span><\/p>\n<p style=\"text-align: justify\"><em>Imagem: Pinterest\/Reprodu\u00e7\u00e3o<\/em><\/p>\n<p style=\"text-align: justify\"><br \/><br \/><\/p>\n<p style=\"text-align: justify\"><span style=\"font-weight: 400\">\u00a0\u00a0\u00a0<\/span><\/p>\n<p style=\"text-align: justify\">\u00a0<\/p>\n<p style=\"text-align: justify\">\u00a0<\/p>\n","protected":false},"excerpt":{"rendered":"","protected":false},"author":5,"featured_media":8236,"comment_status":"open","ping_status":"open","sticky":false,"template":"","format":"standard","meta":{"_acf_changed":false,"footnotes":""},"categories":[4],"tags":[2505,2570,2571],"class_list":["post-8235","post","type-post","status-publish","format-standard","has-post-thumbnail","hentry","category-voos-literarios","tag-cpi-da-pandemia","tag-hidra-de-lerna","tag-randolfe-rodrigues"],"acf":[],"_links":{"self":[{"href":"https:\/\/vos.homolog.arsnova.work\/index.php?rest_route=\/wp\/v2\/posts\/8235","targetHints":{"allow":["GET"]}}],"collection":[{"href":"https:\/\/vos.homolog.arsnova.work\/index.php?rest_route=\/wp\/v2\/posts"}],"about":[{"href":"https:\/\/vos.homolog.arsnova.work\/index.php?rest_route=\/wp\/v2\/types\/post"}],"author":[{"embeddable":true,"href":"https:\/\/vos.homolog.arsnova.work\/index.php?rest_route=\/wp\/v2\/users\/5"}],"replies":[{"embeddable":true,"href":"https:\/\/vos.homolog.arsnova.work\/index.php?rest_route=%2Fwp%2Fv2%2Fcomments&post=8235"}],"version-history":[{"count":0,"href":"https:\/\/vos.homolog.arsnova.work\/index.php?rest_route=\/wp\/v2\/posts\/8235\/revisions"}],"wp:featuredmedia":[{"embeddable":true,"href":"https:\/\/vos.homolog.arsnova.work\/index.php?rest_route=\/wp\/v2\/media\/8236"}],"wp:attachment":[{"href":"https:\/\/vos.homolog.arsnova.work\/index.php?rest_route=%2Fwp%2Fv2%2Fmedia&parent=8235"}],"wp:term":[{"taxonomy":"category","embeddable":true,"href":"https:\/\/vos.homolog.arsnova.work\/index.php?rest_route=%2Fwp%2Fv2%2Fcategories&post=8235"},{"taxonomy":"post_tag","embeddable":true,"href":"https:\/\/vos.homolog.arsnova.work\/index.php?rest_route=%2Fwp%2Fv2%2Ftags&post=8235"}],"curies":[{"name":"wp","href":"https:\/\/api.w.org\/{rel}","templated":true}]}}