{"id":8232,"date":"2021-07-14T17:09:14","date_gmt":"2021-07-14T20:09:14","guid":{"rendered":"https:\/\/vos.homolog.arsnova.work\/?p=8232"},"modified":"2021-07-14T17:09:14","modified_gmt":"2021-07-14T20:09:14","slug":"bsv-especial-coronavirus-66-presidente-doente-entre-a-cpi-militares-e-evangelicos","status":"publish","type":"post","link":"https:\/\/vos.homolog.arsnova.work\/?p=8232","title":{"rendered":"BSV Especial Coronav\u00edrus #66 Presidente doente entre a CPI, militares e evang\u00e9licos"},"content":{"rendered":"<p style=\"text-align: justify;\"><strong>Nesta semana, a doen\u00e7a do presidente que anda para a CPI , os militares saindo da caserna e um ministro terrivelmente evang\u00e9lico.<\/strong><\/p>\n<p style=\"text-align: justify;\">O presidente Jair Bolsonaro passou mais de dez dias com solu\u00e7os. Passou mal em um jantar em Bento Gon\u00e7alves, no rio grande do Sul, e, segundo pessoas pr\u00f3ximas, n\u00e3o estava nada bem. Depois de praticamente desintegrar diante do p\u00fablico, foi internado com fortes dores abdominais. Bolsonaro est\u00e1 doente. Talvez ele n\u00e3o esteja t\u00e3o tranquilo com rela\u00e7\u00e3o \u00e0 CPI como quer fazer crer.<\/p>\n<h5 style=\"text-align: center;\">.<\/h5>\n<h5 style=\"text-align: center;\">Nem Bolsonaro, nem os militares, que se ofenderam com as declara\u00e7\u00f5es do presidente da CPI, senador Omar Aziz<\/h5>\n<h5 style=\"text-align: center;\">.<\/h5>\n<p style=\"text-align: justify;\">Os militares foram longe demais. Em nota assinada pelo ministro da Defesa, general Braga Netto, pelo comandante do Ex\u00e9rcito, general Paulo S\u00e9rgio, da Marinha, Almir Santos, e pelo da For\u00e7a A\u00e9rea, Carlos Baptista J\u00fanior,\u00a0os militares afirmam que &#8220;n\u00e3o aceitar\u00e3o qualquer ataque levado \u00e0s institui\u00e7\u00f5es que defendem a democracia e a liberdade do povo brasileiro&#8221;. A pergunta que fica \u00e9: v\u00e3o fazer o que? Lembrando que at\u00e9 o momento, a CPI da Pandemia identificou integrantes e ex-integrantes das For\u00e7as Armadas ligados a den\u00fancias de corrup\u00e7\u00e3o na aquisi\u00e7\u00e3o de vacinas.<\/p>\n<p style=\"text-align: justify;\"><strong>\u2028E n\u00e3o podemos esquecer que a CPI est\u00e1 em um novo momento, afinal, o presidente Omar Aziz mandou prender o ex-diretor de log\u00edstica do Minist\u00e9rio da Sa\u00fade, Roberto Ferreira Dias.<\/strong><\/p>\n<p style=\"text-align: justify;\">E em meio a isso tudo, o presidente Jair Bolsonaro cumpre uma promessa de campanha. <strong>Em um aceno, ou melhor, com um sinalizador em chamas para chamar a aten\u00e7\u00e3o das bases mais conservadoras, Bolsonaro indicou um nome \u201cterrivelmente evang\u00e9lico\u201d\u00a0para ocupar a vaga do ministro Marco Aur\u00e9lio Mello no\u00a0Supremo Tribunal Federal.<\/strong> Andr\u00e9 Mendon\u00e7a \u00e9 o atual advogado-geral da Uni\u00e3o. S\u00f3 para lembrar, o pastor presbiteriano mandou a Pol\u00edcia Federal investigar os cr\u00edticos do presidente quando esteve \u00e0 frente do Minist\u00e9rio da Justi\u00e7a.<\/p>\n<p style=\"text-align: justify;\"><strong>Participam os jornalistas Ge\u00f3rgia Santos, Fl\u00e1via Cunha, Igor Natusch e T\u00e9rcio Saccol.\u00a0\u00a0Voc\u00ea tamb\u00e9m pode ouvir o epis\u00f3dio no\u00a0Spotify,\u00a0Itunes\u00a0e\u00a0Castbox.<\/strong><\/p>\n<p style=\"text-align: center;\"><iframe loading=\"lazy\" src=\"https:\/\/w.soundcloud.com\/player\/?url=https%3A\/\/api.soundcloud.com\/tracks\/1087558654&amp;color=%23ff5500&amp;auto_play=false&amp;hide_related=false&amp;show_comments=true&amp;show_user=true&amp;show_reposts=false&amp;show_teaser=true&amp;visual=true\" width=\"100%\" height=\"300\" frameborder=\"no\" scrolling=\"no\"><\/iframe><\/p>\n<div style=\"font-size: 10px; color: #cccccc; line-break: anywhere; word-break: normal; overflow: hidden; white-space: nowrap; text-overflow: ellipsis; font-family: Interstate, 'Lucida Grande', 'Lucida Sans Unicode', 'Lucida Sans', Garuda, Verdana, Tahoma, sans-serif; font-weight: 100; text-align: center;\"><a style=\"color: #cccccc; text-decoration: none;\" title=\"V\u00f3s Pessoas no Plural\" href=\"https:\/\/soundcloud.com\/vos-social\" target=\"_blank\" rel=\"noopener\">V\u00f3s Pessoas no Plural<\/a> \u00b7 <a style=\"color: #cccccc; text-decoration: none;\" title=\"BSV Especial Coronav\u00edrus #66 Presidente doente entre a CPI, militares e evang\u00e9licos\" href=\"https:\/\/soundcloud.com\/vos-social\/bsv-especial-coronavirus-66-presidente-doente-entre-a-cpi-militares-e-evangelicos\" target=\"_blank\" rel=\"noopener\">BSV Especial Coronav\u00edrus #66 Presidente doente entre a CPI, militares e evang\u00e9licos<\/a><\/div>\n","protected":false},"excerpt":{"rendered":"<p>Nesta semana, a doen\u00e7a do presidente que anda para a CPI , os militares saindo da caserna e um ministro [&hellip;]<\/p>\n","protected":false},"author":3,"featured_media":8233,"comment_status":"open","ping_status":"open","sticky":false,"template":"","format":"standard","meta":{"_acf_changed":false,"footnotes":""},"categories":[1541],"tags":[],"class_list":["post-8232","post","type-post","status-publish","format-standard","has-post-thumbnail","hentry","category-podcasts"],"acf":[],"_links":{"self":[{"href":"https:\/\/vos.homolog.arsnova.work\/index.php?rest_route=\/wp\/v2\/posts\/8232","targetHints":{"allow":["GET"]}}],"collection":[{"href":"https:\/\/vos.homolog.arsnova.work\/index.php?rest_route=\/wp\/v2\/posts"}],"about":[{"href":"https:\/\/vos.homolog.arsnova.work\/index.php?rest_route=\/wp\/v2\/types\/post"}],"author":[{"embeddable":true,"href":"https:\/\/vos.homolog.arsnova.work\/index.php?rest_route=\/wp\/v2\/users\/3"}],"replies":[{"embeddable":true,"href":"https:\/\/vos.homolog.arsnova.work\/index.php?rest_route=%2Fwp%2Fv2%2Fcomments&post=8232"}],"version-history":[{"count":0,"href":"https:\/\/vos.homolog.arsnova.work\/index.php?rest_route=\/wp\/v2\/posts\/8232\/revisions"}],"wp:featuredmedia":[{"embeddable":true,"href":"https:\/\/vos.homolog.arsnova.work\/index.php?rest_route=\/wp\/v2\/media\/8233"}],"wp:attachment":[{"href":"https:\/\/vos.homolog.arsnova.work\/index.php?rest_route=%2Fwp%2Fv2%2Fmedia&parent=8232"}],"wp:term":[{"taxonomy":"category","embeddable":true,"href":"https:\/\/vos.homolog.arsnova.work\/index.php?rest_route=%2Fwp%2Fv2%2Fcategories&post=8232"},{"taxonomy":"post_tag","embeddable":true,"href":"https:\/\/vos.homolog.arsnova.work\/index.php?rest_route=%2Fwp%2Fv2%2Ftags&post=8232"}],"curies":[{"name":"wp","href":"https:\/\/api.w.org\/{rel}","templated":true}]}}