{"id":8227,"date":"2021-07-13T12:19:33","date_gmt":"2021-07-13T15:19:33","guid":{"rendered":"https:\/\/vos.homolog.arsnova.work\/?p=8227"},"modified":"2021-07-13T12:20:49","modified_gmt":"2021-07-13T15:20:49","slug":"motociatas-o-conservadorismo-brasileiro-sobre-rodas","status":"publish","type":"post","link":"https:\/\/vos.homolog.arsnova.work\/?p=8227","title":{"rendered":"Motociatas, o conservadorismo brasileiro sobre rodas"},"content":{"rendered":"<p style=\"text-align: justify\"><span style=\"font-weight: 400\">Motociatas parecem ser o fen\u00f4meno bolsonarista de 2021. J\u00e1 \u00e9 a quinta vez que o presidente sem partido Jair Bolsonaro usa desse recurso: a convoca\u00e7\u00e3o de integrantes de motoclubes para passeios exibicionistas.\u00a0<\/span><span style=\"font-weight: 400\">No \u00faltimo final de semana, a motociata foi realizada em Porto Alegre, cidade de onde escrevo esse texto. E, talvez pela proximidade geogr\u00e1fica com tamanha estupidez,\u00a0 esta manifesta\u00e7\u00e3o sobre rodas me entristeceu mais do que as outras.<\/span><\/p>\n<p style=\"text-align: justify\"><span style=\"font-weight: 400\">Pensando de forma racional, a ades\u00e3o ao ato em apoio a Bolsonaro foi \u00ednfima, se comparada a manifesta\u00e7\u00f5es de rep\u00fadio ao presidente. Por\u00e9m, a verdade \u00e9 que depois de tantas den\u00fancias de irregularidades na condu\u00e7\u00e3o da pandemia, parece um contrassenso que ainda existam pessoas demonstrando apoio a este governo. E por qu\u00ea motociclistas estariam dispostos a isso?<\/span><\/p>\n<h6 style=\"text-align: justify\"><b>O hist\u00f3rico do motoqueiro rebelde<\/b><\/h6>\n<p style=\"text-align: justify\"><span style=\"font-weight: 400\">Para come\u00e7o de conversa, os apoiadores de Bolsonaro pertencem a associa\u00e7\u00f5es, os chamados motoclubes. Esses grupos estabeleceram-se com mais for\u00e7a no Brasil em 1980 e 1990, muitas d\u00e9cadas depois de o motociclismo ter se consolidado nos Estados Unidos. Por\u00e9m, foi a fic\u00e7\u00e3o a respons\u00e1vel por refor\u00e7ar, no imagin\u00e1rio popular, a figura do motociclista como um rebelde em busca de liberdade e de uma vida fora dos padr\u00f5es. Al\u00e9m disso, alguns epis\u00f3dios de viol\u00eancia tamb\u00e9m contribu\u00edram para marginalizar o movimento. Olhando a superf\u00edcie, parece n\u00e3o haver uma rela\u00e7\u00e3o entre quem usa a moto como um estilo de vida e o bolsonarismo, t\u00e3o imbu\u00eddo de conservadorismo e falsa moral.<\/span><\/p>\n<h6><b>Masculinidade hegem\u00f4nica<\/b><\/h6>\n<p style=\"text-align: justify\"><span style=\"font-weight: 400\">Mas, ao pesquisarmos o comportamento da maioria dos integrantes dos motoclubes brasileiros, passamos a entender melhor a exist\u00eancia das motociatas pr\u00f3-Bolsonaro. No livro<\/span> <i><span style=\"font-weight: 400\"><a href=\"https:\/\/www.amazon.com\/Isso-coisa-macho-Masculinidades-Motocicl%C3%ADsticos\/dp\/3841702112\" target=\"_blank\" rel=\"noopener\">Isso \u00e9 coisa pra macho &#8211; Masculinidades e Encontros Motocicl\u00edsticos<\/a>, <\/span><\/i><span style=\"font-weight: 400\">o mestre em Antropologia Social Kleber Lopes da Silva reflete sobre os modelos conservadores presentes nos motoclubes mais tradicionais, citados em seu texto como \u201cM.C.\u201d:<\/span><\/p>\n<p style=\"text-align: justify\"><em><span style=\"font-weight: 400\">\u201cEstes modelos abarcam em sua ess\u00eancia comportamentos que ditam o conservador e o tradicional pautados em uma masculindade heteronormativa, a valoriza\u00e7\u00e3o de atributos socialmente reconhecidos como masculinos, como a racionalidade, a virilidade e mesmo a viol\u00eancia, s\u00e3o performatizados o tempo todo, base conceitual para composi\u00e7\u00e3o dos M.C. tradicionais e para a maioria dos encontros de motociclistas. Os semblantes fechados, os bra\u00e7os cruzados, sempre em p\u00e9 com olhares desconfiados, fazem parte dos comportamentos, principalmente, dos integrantes dos M.C. tradicionais que frequentam os encontros.\u201d\u00a0<\/span><\/em><\/p>\n<h6 style=\"text-align: justify\"><strong>Bolsonarismo e Fascismo<\/strong><\/h6>\n<p style=\"text-align: justify\"><span style=\"font-weight: 400\">Al\u00e9m disso, n\u00e3o podemos deixar de destacar o simbolismo fascista do uso de motos em manifesta\u00e7\u00f5es pol\u00edticas. Sem d\u00favida, o mais famoso \u00edcone do conservadorismo sobre rodas \u00e9 Benito Mussolini. Dentro dessa perspectiva, um livro que nos ajuda a entender esta rela\u00e7\u00e3o \u00e9 <\/span><i><span style=\"font-weight: 400\"><a href=\"https:\/\/www.martinsfontespaulista.com.br\/a-linguagem-fascista-926432\/p\" target=\"_blank\" rel=\"noopener\">A linguagem fascista<\/a>, <\/span><\/i><span style=\"font-weight: 400\">de Carlos Piovezani e Emilio Gentile. Na obra, s\u00e3o comparados os discursos de Mussolini e Bolsonaro, contextualizados aos cen\u00e1rios pol\u00edticos da It\u00e1lia e do Brasil, com a devida perspectiva hist\u00f3rica.<\/span><\/p>\n<p style=\"text-align: justify\"><span style=\"font-weight: 400\">\u00a0<\/span><span style=\"font-weight: 400\">J\u00e1 o livro <\/span><a href=\"https:\/\/www.travessa.com.br\/bolsonarismo-teoria-e-pratica-1-ed-2020\/artigo\/0fc343b5-e8f7-4778-8c7b-9ed4f73703da\" target=\"_blank\" rel=\"noopener\"><i><span style=\"font-weight: 400\">Bolsonarismo: teoria e pr\u00e1tica<\/span><\/i><\/a><span style=\"font-weight: 400\">, organizado por Carlos Savio Teixeira e Geraldo Tadeu Monteiro, destaca a rela\u00e7\u00e3o entre Bolsonaro e Donald Trump. Vale lembrar que o ex-presidente norte-americano contou com o apoio de motociclistas conservadores desde sua posse.<\/span><\/p>\n<h6 style=\"text-align: justify\"><strong>Motoboys antifascistas<\/strong><\/h6>\n<p style=\"text-align: justify\"><span style=\"font-weight: 400\">Por fim, \u00e9 importante assinalar a diferen\u00e7a entre os motociclistas apoiadores de Bolsonaro e os motoboys. Ao contr\u00e1rio de quem usa motos de luxo para passeio, os trabalhadores s\u00e3o, em sua maioria, contr\u00e1rios ao governo. J\u00e1 abordamos o tema nesta coluna <a href=\"https:\/\/vos.homolog.arsnova.work\/voos-literarios\/breque-dos-apps-o-espirito-da-revolta\/\" target=\"_blank\" rel=\"noopener\">aqui<\/a>.\u00a0<\/span><\/p>\n<p style=\"text-align: justify\"><span style=\"font-weight: 400\">Para demonstrar essa diferen\u00e7a de alinhamento ideol\u00f3gico, uma a\u00e7\u00e3o alternativa foi realizada em Porto Alegre durante o ato pr\u00f3-Bolsonaro. Motofretistas distribu\u00edram refei\u00e7\u00f5es e arrecadaram cestas b\u00e1sicas, ajudando quem passa dificuldades durante a pandemia. Enquanto isso, o presidente transitiva pela capital ga\u00facha com seus apoiadores sem um objetivo espec\u00edfico, apenas parecendo celebrar os milhares de mortos pela covid-19.<\/span><\/p>\n<p><em>Imagem:\u00a0Isac N\u00f3brega\/Fotos P\u00fablicas<\/em><\/p>\n","protected":false},"excerpt":{"rendered":"<p>Motociatas parecem ser o fen\u00f4meno bolsonarista de 2021. J\u00e1 \u00e9 a quinta vez que o presidente sem partido Jair Bolsonaro [&hellip;]<\/p>\n","protected":false},"author":5,"featured_media":8228,"comment_status":"open","ping_status":"open","sticky":false,"template":"","format":"standard","meta":{"_acf_changed":false,"footnotes":""},"categories":[4],"tags":[2075,2239,1323,2569],"class_list":["post-8227","post","type-post","status-publish","format-standard","has-post-thumbnail","hentry","category-voos-literarios","tag-antifascismo","tag-bolsonarismo","tag-fascismo","tag-motociatas"],"acf":[],"_links":{"self":[{"href":"https:\/\/vos.homolog.arsnova.work\/index.php?rest_route=\/wp\/v2\/posts\/8227","targetHints":{"allow":["GET"]}}],"collection":[{"href":"https:\/\/vos.homolog.arsnova.work\/index.php?rest_route=\/wp\/v2\/posts"}],"about":[{"href":"https:\/\/vos.homolog.arsnova.work\/index.php?rest_route=\/wp\/v2\/types\/post"}],"author":[{"embeddable":true,"href":"https:\/\/vos.homolog.arsnova.work\/index.php?rest_route=\/wp\/v2\/users\/5"}],"replies":[{"embeddable":true,"href":"https:\/\/vos.homolog.arsnova.work\/index.php?rest_route=%2Fwp%2Fv2%2Fcomments&post=8227"}],"version-history":[{"count":0,"href":"https:\/\/vos.homolog.arsnova.work\/index.php?rest_route=\/wp\/v2\/posts\/8227\/revisions"}],"wp:featuredmedia":[{"embeddable":true,"href":"https:\/\/vos.homolog.arsnova.work\/index.php?rest_route=\/wp\/v2\/media\/8228"}],"wp:attachment":[{"href":"https:\/\/vos.homolog.arsnova.work\/index.php?rest_route=%2Fwp%2Fv2%2Fmedia&parent=8227"}],"wp:term":[{"taxonomy":"category","embeddable":true,"href":"https:\/\/vos.homolog.arsnova.work\/index.php?rest_route=%2Fwp%2Fv2%2Fcategories&post=8227"},{"taxonomy":"post_tag","embeddable":true,"href":"https:\/\/vos.homolog.arsnova.work\/index.php?rest_route=%2Fwp%2Fv2%2Ftags&post=8227"}],"curies":[{"name":"wp","href":"https:\/\/api.w.org\/{rel}","templated":true}]}}