{"id":8223,"date":"2021-06-30T16:41:54","date_gmt":"2021-06-30T19:41:54","guid":{"rendered":"https:\/\/vos.homolog.arsnova.work\/?p=8223"},"modified":"2021-07-12T16:51:17","modified_gmt":"2021-07-12T19:51:17","slug":"desigualdade-ate-na-dor","status":"publish","type":"post","link":"https:\/\/vos.homolog.arsnova.work\/?p=8223","title":{"rendered":"Desigualdade at\u00e9 na dor"},"content":{"rendered":"<div class=\"css-u71cq3\">\n<div class=\"css-1k4ndg2\">\n<div class=\"css-1tayvqp\">\n<div>\n<div class=\"css-1xuoth5\">\n<div class=\"css-doq0dk\">\n<div class=\" css-1owrxm0\">\n<div class=\"css-kfk5lh\">\n<div class=\"css-qf46r9\">\n<div>\n<p style=\"text-align: center;\"><strong>Desigualdade at\u00e9 na dor .\u00a0a dificuldade de acesso a servi\u00e7os de acolhimento e sa\u00fade mental por pessoas de baixa renda<\/strong><\/p>\n<p style=\"text-align: justify;\"><a href=\"https:\/\/vos.homolog.arsnova.work\/reportagens-especiais\/epidemia-de-ansiedade\/\" target=\"_blank\" rel=\"noopener\">Desde o in\u00edcio da pandemia de coronav\u00edrus, o n\u00famero de brasileiros que sofrem de transtornos de ansiedade, depress\u00e3o e estresse s\u00f3 aumenta.<\/a> E para as pessoas de baixa renda, o sofrimento \u00e9 ainda maior em fun\u00e7\u00e3o da dificuldade de acesso a servi\u00e7os de acolhimento e sa\u00fade mental. O Brasil est\u00e1 mais triste e continua desigual, at\u00e9 na dor.<\/p>\n<p style=\"text-align: center;\"><iframe loading=\"lazy\" src=\"https:\/\/anchor.fm\/vos-social\/embed\/episodes\/Desigualdade-at-na-dor-e13o56u\" width=\"400px\" height=\"102px\" frameborder=\"0\" scrolling=\"no\"><\/iframe><\/p>\n<\/div>\n<\/div>\n<\/div>\n<\/div>\n<div class=\"css-15v8mv8\" style=\"text-align: justify;\"><\/div>\n<div class=\"css-1wnk2io\"><\/div>\n<\/div>\n<\/div>\n<\/div>\n<div class=\"css-1b5jn8z\">\n<div class=\"css-198g8ym\">\n<div><\/div>\n<\/div>\n<div class=\"css-1ly5vdw\">\n<div class=\"css-114whvc\">\n<div class=\"css-1kvweew\" tabindex=\"0\" role=\"button\">\n<div class=\"css-1kvweew\">\n<div class=\"css-fevtbh\" aria-hidden=\"true\"><\/div>\n<\/div>\n<\/div>\n<div class=\"css-1kvweew\" tabindex=\"0\" role=\"button\">\n<div class=\"css-1kvweew\">\n<div class=\"css-fevtbh\" aria-hidden=\"true\"><\/div>\n<\/div>\n<\/div>\n<div class=\"css-14ficd9\">\n<div class=\"css-fevtbh\" aria-hidden=\"true\"><\/div>\n<\/div>\n<div class=\"css-u595ld\">\n<div class=\"css-8bfpek\" tabindex=\"0\" role=\"button\">\n<div class=\"css-8bfpek\">\n<div class=\"css-fevtbh\" aria-hidden=\"true\"><\/div>\n<\/div>\n<\/div>\n<\/div>\n<\/div>\n<\/div>\n<\/div>\n<\/div>\n<\/div>\n<\/div>\n<div class=\"css-11stt0k\">\n<div class=\"css-1wr8zj6\">\n<div class=\"css-5364zc\">\n<div class=\"css-9u9jm3\">\n<div class=\"css-fevtbh\" aria-hidden=\"true\"><\/div>\n<\/div>\n<\/div>\n<\/div>\n<\/div>\n","protected":false},"excerpt":{"rendered":"<p>Desigualdade at\u00e9 na dor .\u00a0a dificuldade de acesso a servi\u00e7os de acolhimento e sa\u00fade mental por pessoas de baixa renda [&hellip;]<\/p>\n","protected":false},"author":3,"featured_media":8224,"comment_status":"open","ping_status":"open","sticky":false,"template":"","format":"standard","meta":{"_acf_changed":false,"footnotes":""},"categories":[1541],"tags":[2196,2188,1949,1073,2156,2165,2568,2567,590,1485],"class_list":["post-8223","post","type-post","status-publish","format-standard","has-post-thumbnail","hentry","category-podcasts","tag-corona","tag-covid","tag-desemprego","tag-desigualdade","tag-epidemia","tag-pandemia","tag-psicologia","tag-psiquiatria","tag-saude","tag-saude-mental"],"acf":[],"_links":{"self":[{"href":"https:\/\/vos.homolog.arsnova.work\/index.php?rest_route=\/wp\/v2\/posts\/8223","targetHints":{"allow":["GET"]}}],"collection":[{"href":"https:\/\/vos.homolog.arsnova.work\/index.php?rest_route=\/wp\/v2\/posts"}],"about":[{"href":"https:\/\/vos.homolog.arsnova.work\/index.php?rest_route=\/wp\/v2\/types\/post"}],"author":[{"embeddable":true,"href":"https:\/\/vos.homolog.arsnova.work\/index.php?rest_route=\/wp\/v2\/users\/3"}],"replies":[{"embeddable":true,"href":"https:\/\/vos.homolog.arsnova.work\/index.php?rest_route=%2Fwp%2Fv2%2Fcomments&post=8223"}],"version-history":[{"count":0,"href":"https:\/\/vos.homolog.arsnova.work\/index.php?rest_route=\/wp\/v2\/posts\/8223\/revisions"}],"wp:featuredmedia":[{"embeddable":true,"href":"https:\/\/vos.homolog.arsnova.work\/index.php?rest_route=\/wp\/v2\/media\/8224"}],"wp:attachment":[{"href":"https:\/\/vos.homolog.arsnova.work\/index.php?rest_route=%2Fwp%2Fv2%2Fmedia&parent=8223"}],"wp:term":[{"taxonomy":"category","embeddable":true,"href":"https:\/\/vos.homolog.arsnova.work\/index.php?rest_route=%2Fwp%2Fv2%2Fcategories&post=8223"},{"taxonomy":"post_tag","embeddable":true,"href":"https:\/\/vos.homolog.arsnova.work\/index.php?rest_route=%2Fwp%2Fv2%2Ftags&post=8223"}],"curies":[{"name":"wp","href":"https:\/\/api.w.org\/{rel}","templated":true}]}}