{"id":8220,"date":"2021-07-08T16:30:48","date_gmt":"2021-07-08T19:30:48","guid":{"rendered":"https:\/\/vos.homolog.arsnova.work\/?p=8220"},"modified":"2021-07-12T16:37:56","modified_gmt":"2021-07-12T19:37:56","slug":"todo-dia-oito-5-menininha-a-primeira-mae-de-santo-pop","status":"publish","type":"post","link":"https:\/\/vos.homolog.arsnova.work\/?p=8220","title":{"rendered":"Todo Dia Oito #5 Menininha, a primeira m\u00e3e-de-santo pop"},"content":{"rendered":"<div class=\"css-u71cq3\">\n<div class=\"css-1k4ndg2\">\n<div class=\"css-1tayvqp\">\n<div>\n<div class=\"css-1xuoth5\">\n<div class=\"css-doq0dk\">\n<div class=\" css-1owrxm0\">\n<div class=\"css-kfk5lh\">\n<div class=\"css-qf46r9\">\n<div>\n<h5><a href=\"https:\/\/vos.homolog.arsnova.work\/wp-content\/uploads\/2021\/03\/Todo-dia-8-Amarelo.jpg\"><img loading=\"lazy\" decoding=\"async\" class=\"alignnone size-full wp-image-7889\" src=\"https:\/\/vos.homolog.arsnova.work\/wp-content\/uploads\/2021\/03\/Todo-dia-8-Amarelo.jpg\" alt=\"\" width=\"2048\" height=\"1194\" srcset=\"https:\/\/vos.homolog.arsnova.work\/wp-content\/uploads\/2021\/03\/Todo-dia-8-Amarelo.jpg 2048w, https:\/\/vos.homolog.arsnova.work\/wp-content\/uploads\/2021\/03\/Todo-dia-8-Amarelo-1536x896.jpg 1536w, https:\/\/vos.homolog.arsnova.work\/wp-content\/uploads\/2021\/03\/Todo-dia-8-Amarelo-300x175.jpg 300w, https:\/\/vos.homolog.arsnova.work\/wp-content\/uploads\/2021\/03\/Todo-dia-8-Amarelo-768x448.jpg 768w, https:\/\/vos.homolog.arsnova.work\/wp-content\/uploads\/2021\/03\/Todo-dia-8-Amarelo-1024x597.jpg 1024w\" sizes=\"auto, (max-width: 2048px) 100vw, 2048px\" \/><\/a><\/h5>\n<h5 style=\"text-align: center;\">Todo dia Oito. Todo dia oito, uma hist\u00f3ria. Todo dia oito, uma mulher<\/h5>\n<h5 style=\"text-align: center;\">.<\/h5>\n<p style=\"text-align: center;\"><iframe loading=\"lazy\" src=\"https:\/\/anchor.fm\/tododiaoito\/embed\/episodes\/Menininha--a-primeira-me-de-santo-pop-e14569r\" width=\"400px\" height=\"102px\" frameborder=\"0\" scrolling=\"no\"><\/iframe>\n<\/p>\n<p style=\"text-align: justify;\">No quinto epis\u00f3dio do podcast, Menininha, a primeira m\u00e3e-de-santo pop. O t\u00edtulo n\u00e3o \u00e9 de nossa autoria. Quem disse que M\u00e3e Menininha do Gantois foi a primeira m\u00e3e-de-santo pop foi Gilberto Gil. Mas, apesar de ser verdade &#8211; afinal, tinha mais de 700 filhos-de-santo, entre eles o pr\u00f3prio Gil, Caetano, Beth\u00e2nia e Vin\u00edcius de Moraes &#8211; ela era muito mais que isso. Amada em todo o Brasil, M\u00e3e Menininha \u00e9 lembrada por advogar pela toler\u00e2ncia e liberdade religiosas.<\/p>\n<h5 style=\"text-align: justify;\">.<\/h5>\n<h5>QUEM FAZ<\/h5>\n<p style=\"text-align: justify;\"><strong>Produ\u00e7\u00e3o:<\/strong>\u00a0<a href=\"https:\/\/vos.homolog.arsnova.work\/\" target=\"_blank\" rel=\"ugc noopener noreferrer\">V\u00f3s; <\/a><strong>Pesquisa:<\/strong> Fl\u00e1via Cunha e Ge\u00f3rgia Santos; <strong>Roteiro:<\/strong> Ge\u00f3rgia Santos e Fl\u00e1via Cunha; <strong>Dire\u00e7\u00e3o Art\u00edstica:<\/strong> Raquel Grabauska; <strong>Apresenta\u00e7\u00e3o e edi\u00e7\u00e3o:<\/strong> Ge\u00f3rgia Santos; <strong>Vocais:<\/strong> Cl\u00e1udia Braga, Stefania Johnson e Ge\u00f3rgia Santos; <strong>Locu\u00e7\u00e3o:<\/strong> Andrea Almeida e Cl\u00e9ber Grabauska; <strong>Trilha sonora original:<\/strong> Gustavo Finkler. O depoimento de m\u00e3e menininha e os tambores ouvidos ao longo do epis\u00f3dio foram extra\u00eddos do LP M\u00e3e Menininha do Gantois. Disco gravado ao vivo no Gantois, em Salvador, na Bahia. Ainda ouvimos Vin\u00edcius e Toquinho com Tatamir\u00f4 e Caetano, Bethania e Dona Can\u00f4 com Ora\u00e7\u00e3o de Mae Menininha, de autoria de Dorrival Caymmi<\/p>\n<\/div>\n<\/div>\n<\/div>\n<\/div>\n<div class=\"css-15v8mv8\"><\/div>\n<div class=\"css-1wnk2io\"><\/div>\n<\/div>\n<\/div>\n<\/div>\n<div class=\"css-1b5jn8z\">\n<div class=\"css-198g8ym\">\n<div><\/div>\n<\/div>\n<div class=\"css-1ly5vdw\">\n<div class=\"css-114whvc\">\n<div class=\"css-1kvweew\" tabindex=\"0\" role=\"button\">\n<div class=\"css-1kvweew\">\n<div class=\"css-fevtbh\" aria-hidden=\"true\"><\/div>\n<\/div>\n<\/div>\n<div class=\"css-1kvweew\" tabindex=\"0\" role=\"button\">\n<div class=\"css-1kvweew\">\n<div class=\"css-fevtbh\" aria-hidden=\"true\"><\/div>\n<\/div>\n<\/div>\n<div class=\"css-14ficd9\">\n<div class=\"css-fevtbh\" aria-hidden=\"true\"><\/div>\n<\/div>\n<div class=\"css-u595ld\">\n<div class=\"css-8bfpek\" tabindex=\"0\" role=\"button\">\n<div class=\"css-8bfpek\">\n<div class=\"css-fevtbh\" aria-hidden=\"true\"><\/div>\n<\/div>\n<\/div>\n<\/div>\n<\/div>\n<\/div>\n<\/div>\n<\/div>\n<\/div>\n<\/div>\n<div class=\"css-11stt0k\">\n<div class=\"css-1wr8zj6\">\n<div class=\"css-5364zc\">\n<div class=\"css-9u9jm3\">\n<div class=\"css-fevtbh\" aria-hidden=\"true\"><\/div>\n<\/div>\n<\/div>\n<\/div>\n<\/div>\n","protected":false},"excerpt":{"rendered":"<p>Todo dia Oito. Todo dia oito, uma hist\u00f3ria. Todo dia oito, uma mulher . No quinto epis\u00f3dio do podcast, Menininha, [&hellip;]<\/p>\n","protected":false},"author":3,"featured_media":8221,"comment_status":"open","ping_status":"open","sticky":false,"template":"","format":"standard","meta":{"_acf_changed":false,"footnotes":""},"categories":[1541],"tags":[2161,2566,284,385,1181,653,2565,2564,1353,303,2563],"class_list":["post-8220","post","type-post","status-publish","format-standard","has-post-thumbnail","hentry","category-podcasts","tag-8m","tag-candomble","tag-feminismo","tag-intolerancia","tag-liberdade","tag-liberdade-de-expressao","tag-liberdade-religiosa","tag-menininha","tag-mulher","tag-mulheres","tag-todo-dia-oito"],"acf":[],"_links":{"self":[{"href":"https:\/\/vos.homolog.arsnova.work\/index.php?rest_route=\/wp\/v2\/posts\/8220","targetHints":{"allow":["GET"]}}],"collection":[{"href":"https:\/\/vos.homolog.arsnova.work\/index.php?rest_route=\/wp\/v2\/posts"}],"about":[{"href":"https:\/\/vos.homolog.arsnova.work\/index.php?rest_route=\/wp\/v2\/types\/post"}],"author":[{"embeddable":true,"href":"https:\/\/vos.homolog.arsnova.work\/index.php?rest_route=\/wp\/v2\/users\/3"}],"replies":[{"embeddable":true,"href":"https:\/\/vos.homolog.arsnova.work\/index.php?rest_route=%2Fwp%2Fv2%2Fcomments&post=8220"}],"version-history":[{"count":0,"href":"https:\/\/vos.homolog.arsnova.work\/index.php?rest_route=\/wp\/v2\/posts\/8220\/revisions"}],"wp:featuredmedia":[{"embeddable":true,"href":"https:\/\/vos.homolog.arsnova.work\/index.php?rest_route=\/wp\/v2\/media\/8221"}],"wp:attachment":[{"href":"https:\/\/vos.homolog.arsnova.work\/index.php?rest_route=%2Fwp%2Fv2%2Fmedia&parent=8220"}],"wp:term":[{"taxonomy":"category","embeddable":true,"href":"https:\/\/vos.homolog.arsnova.work\/index.php?rest_route=%2Fwp%2Fv2%2Fcategories&post=8220"},{"taxonomy":"post_tag","embeddable":true,"href":"https:\/\/vos.homolog.arsnova.work\/index.php?rest_route=%2Fwp%2Fv2%2Ftags&post=8220"}],"curies":[{"name":"wp","href":"https:\/\/api.w.org\/{rel}","templated":true}]}}