{"id":8215,"date":"2021-06-25T10:45:08","date_gmt":"2021-06-25T13:45:08","guid":{"rendered":"https:\/\/vos.homolog.arsnova.work\/?p=8215"},"modified":"2021-06-25T10:45:08","modified_gmt":"2021-06-25T13:45:08","slug":"cantinho-da-leitura-8-como-abordar-diversidade-sexual","status":"publish","type":"post","link":"https:\/\/vos.homolog.arsnova.work\/?p=8215","title":{"rendered":"Cantinho da Leitura #8 Como abordar a diversidade sexual com as crian\u00e7as"},"content":{"rendered":"<p class=\"p1\" style=\"text-align: justify;\">No oitavo epis\u00f3dio do podcast Cantinho da Leitura, como abordar o tema diversidade sexual com as crian\u00e7as. A jornalista\u00a0<b>Ge\u00f3rgia Santos<\/b>\u00a0conversa com\u00a0<b>Fl\u00e1via Cunha<\/b>, jornalista, mestre em Literatura pela UFRGS, produtora editorial de livros infanto-juvenis e colunista do\u00a0<a href=\"https:\/\/vos.homolog.arsnova.work\/colunas\/voos-literarios\/\"><span class=\"s1\">V\u00f3s<\/span><\/a>. <strong>O Cantinho da Leitura agora tem o apoio da Cia das Letrinhas.<\/strong><\/p>\n<h5 class=\"p2\" style=\"text-align: center;\"><b>.<\/b><\/h5>\n<h5 class=\"p1\" style=\"text-align: center;\">A gente precisa falar sobre diversidade sexual com as crian\u00e7as, justamente para que esse tema deixe de ser um tabu<\/h5>\n<h5 class=\"p2\" style=\"text-align: center;\"><b>.<\/b><\/h5>\n<p class=\"p1\" style=\"text-align: justify;\">E tamb\u00e9m para que os adultos do futuro n\u00e3o caiam em erros recorrentes da atualidade como estere\u00f3tipos de g\u00eanero ou modelos \u00fanicos de fam\u00edlia. A nossa convidada para comentar o assunto deste epis\u00f3dio \u00e9 <strong>Renata dos Anjos<\/strong>, ativista, coordenadora da ONG M\u00e3es pela Diversidade no RS e m\u00e3e da Flora, uma mulher cis l\u00e9sbica.<\/p>\n<p class=\"p1\" style=\"text-align: justify;\">A dica de leitura para os adultos \u00e9 <a href=\"https:\/\/www.livrariadopsicologo.com.br\/produto\/sexualidade-genero-diversidades-9788580402605,l12211.html\" target=\"_blank\" rel=\"noopener\"><i>Sexualidade, G\u00eanero e Diversidades<\/i><\/a>, uma colet\u00e2nea de artigos de diversos autores da editora Casa do Psic\u00f3logo. Nas sugest\u00f5es de leitura para as crian\u00e7as,\u00a0<i><a href=\"https:\/\/www.companhiadasletras.com.br\/detalhe.php?codigo=40605\" target=\"_blank\" rel=\"noopener\">Ol\u00edvia tem dois papais<\/a>, <\/i>escrito por Marcia Leite, editora Cia das Letrinhas; <a href=\"https:\/\/www.amazon.com.br\/Meu-maninho-%C3%A9-uma-menina\/dp\/8566626923\" target=\"_blank\" rel=\"noopener\"><i>Meu Maninho \u00e9 uma menina<\/i><\/a>, de autoria de Jo\u00e3o Paulo Hergesel, da editora Jogo de Palavras; <a href=\"https:\/\/www.estantevirtual.com.br\/nihkids-book\/ian-falconer-olivia-nao-quer-ser-princesa-1-edicao-2834303064?show_suggestion=0\" target=\"_blank\" rel=\"noopener\"><i>Ol\u00edvia n\u00e3o quer ser princesa<\/i><\/a>, de autoria de Ian Falconer, da editora Globinho; <a href=\"https:\/\/www.cartolaeditora.com.br\/catalogo\/de-cadu-a-duda\/\" target=\"_blank\" rel=\"noopener\"><i>De Cadu a Duda &#8211; A hist\u00f3ria com final feliz de uma garota trans<\/i><\/a>, escrito por Dani Balam, da editora Cartola.<\/p>\n<p style=\"text-align: center;\"><iframe loading=\"lazy\" src=\"https:\/\/anchor.fm\/cantinho\/embed\/episodes\/Cantinho-da-Leitura8-Como-abordar-o-tema-diversidade-sexual-com-as-crianas-e13d5i7\" width=\"400px\" height=\"102px\" frameborder=\"0\" scrolling=\"no\"><\/iframe><\/p>\n","protected":false},"excerpt":{"rendered":"<p>No oitavo epis\u00f3dio do podcast Cantinho da Leitura, como abordar o tema diversidade sexual com as crian\u00e7as. A jornalista\u00a0Ge\u00f3rgia Santos\u00a0conversa [&hellip;]<\/p>\n","protected":false},"author":3,"featured_media":7485,"comment_status":"open","ping_status":"open","sticky":false,"template":"","format":"standard","meta":{"_acf_changed":false,"footnotes":""},"categories":[1541],"tags":[2562,130,2263,185,273,336,876],"class_list":["post-8215","post","type-post","status-publish","format-standard","has-post-thumbnail","hentry","category-podcasts","tag-diversidade-sexual","tag-lgbt","tag-lgbtqia","tag-literatura","tag-literatura-brasileira","tag-literatura-infantil","tag-literatura-lgbt"],"acf":[],"_links":{"self":[{"href":"https:\/\/vos.homolog.arsnova.work\/index.php?rest_route=\/wp\/v2\/posts\/8215","targetHints":{"allow":["GET"]}}],"collection":[{"href":"https:\/\/vos.homolog.arsnova.work\/index.php?rest_route=\/wp\/v2\/posts"}],"about":[{"href":"https:\/\/vos.homolog.arsnova.work\/index.php?rest_route=\/wp\/v2\/types\/post"}],"author":[{"embeddable":true,"href":"https:\/\/vos.homolog.arsnova.work\/index.php?rest_route=\/wp\/v2\/users\/3"}],"replies":[{"embeddable":true,"href":"https:\/\/vos.homolog.arsnova.work\/index.php?rest_route=%2Fwp%2Fv2%2Fcomments&post=8215"}],"version-history":[{"count":0,"href":"https:\/\/vos.homolog.arsnova.work\/index.php?rest_route=\/wp\/v2\/posts\/8215\/revisions"}],"wp:featuredmedia":[{"embeddable":true,"href":"https:\/\/vos.homolog.arsnova.work\/index.php?rest_route=\/wp\/v2\/media\/7485"}],"wp:attachment":[{"href":"https:\/\/vos.homolog.arsnova.work\/index.php?rest_route=%2Fwp%2Fv2%2Fmedia&parent=8215"}],"wp:term":[{"taxonomy":"category","embeddable":true,"href":"https:\/\/vos.homolog.arsnova.work\/index.php?rest_route=%2Fwp%2Fv2%2Fcategories&post=8215"},{"taxonomy":"post_tag","embeddable":true,"href":"https:\/\/vos.homolog.arsnova.work\/index.php?rest_route=%2Fwp%2Fv2%2Ftags&post=8215"}],"curies":[{"name":"wp","href":"https:\/\/api.w.org\/{rel}","templated":true}]}}