{"id":8211,"date":"2021-06-23T16:59:47","date_gmt":"2021-06-23T19:59:47","guid":{"rendered":"https:\/\/vos.homolog.arsnova.work\/?p=8211"},"modified":"2021-06-23T16:59:47","modified_gmt":"2021-06-23T19:59:47","slug":"bsv-especial-coronavirus-63-500mil-motivos-para-gritar-fora-bolsonaro","status":"publish","type":"post","link":"https:\/\/vos.homolog.arsnova.work\/?p=8211","title":{"rendered":"BSV Especial coronav\u00edrus #63 500mil motivos para gritar Fora Bolsonaro"},"content":{"rendered":"<p class=\"p1\" style=\"text-align: center;\"><strong>Nesta semana, vacina superfaturada e 500mil motivos para gritar Fora Bolsonaro<\/strong><\/p>\n<p class=\"p1\" style=\"text-align: justify;\">Depois de o governo de Jair Bolsonaro ignorar dezenas de emails da Pfizer e recusar, inclusive, um desconto, documentos do Minist\u00e9rio das Rela\u00e7\u00f5es Exteriores mostram que o governo federal comprou a vacina indiana Covaxin por um pre\u00e7o 1.000% maior do que era anunciado pela pr\u00f3pria fabricante. <a href=\"https:\/\/www.uol.com.br\/vivabem\/noticias\/agencia-estado\/2021\/06\/22\/preco-que-o-governo-pagou-por-vacina-indiana-covaxin-foi-1000-mais-alto.htm\" target=\"_blank\" rel=\"noopener\">O Estad\u00e3o teve acesso<\/a> a um telegrama sigiloso da embaixada brasileira em Nova D\u00e9lhi de agosto do ano passado que informava que o imunizante produzido pela Bharat Biotech tinha o pre\u00e7o estimado em US$ 1,34 por dose.<\/p>\n<h5 class=\"p1\" style=\"text-align: center;\">.<\/h5>\n<h5 class=\"p1\" style=\"text-align: center;\">Sabe quanto o governo brasileiro pagou? $15 por unidade. Pela cota\u00e7\u00e3o de fevereiro, o Minist\u00e9rio da Sa\u00fade pagou $80,70. A mais cara das seis vacinas adquiridas at\u00e9 agora<\/h5>\n<h5 class=\"p1\" style=\"text-align: center;\">.<\/h5>\n<p class=\"p1\" style=\"text-align: justify;\">Mas o esc\u00e2ndalo da vacina superfaturada n\u00e3o para por a\u00ed. <a href=\"https:\/\/veja.abril.com.br\/blog\/radar\/bolsonaro-prometeu-levar-caso-covaxin-ao-diretor-da-pf-diz-deputado\/\" target=\"_blank\" rel=\"noopener\">Porque h\u00e1 ind\u00edcios de que o presidente Jair Bolsonaro foi alertado sobre um poss\u00edvel esquema.<\/a> O deputado federal Luis Miranda (DEM-DF), irm\u00e3o de um servidor do Minist\u00e9rio da Sa\u00fade, disse que conversou pessoalmente com Bolsonaro sobre as suspeitas de corrup\u00e7\u00e3o. O presidente, por sua vez, disse que levaria o caso \u00e0 Pol\u00edcia Federal, mas o parlamentar n\u00e3o teve mais retorno e as vacinas foram compradas.<\/p>\n<h5 class=\"p1\" style=\"text-align: center;\">.<\/h5>\n<h5 class=\"p1\" style=\"text-align: center;\">Tudo isso acontece na semana em que o Brasil chega a o terr\u00edvel e tr\u00e1gico n\u00famero de 500 mil mortos por Covid-19<\/h5>\n<h5 style=\"text-align: center;\">.<\/h5>\n<p class=\"p1\" style=\"text-align: justify;\">Um n\u00famero que poderia ter sido evitado. Um n\u00famero que \u00e9 muito mais que um n\u00famero. Um n\u00famero que \u00e9 feito de gente, de sofrimento, de fam\u00edlias destru\u00eddas, de pais sem filhos, filhos sem m\u00e3es, homens sem irm\u00e3s, mulheres sem amigos. E o presidente n\u00e3o foi capaz de dizer nada.<\/p>\n<p class=\"p1\" style=\"text-align: justify;\"><strong>Jair Bolsonaro esperou dois dias para se manifestar. E apesar de dizer que lamenta as mortes, a rea\u00e7\u00e3o aos jornalistas foi outra. Por essas e outras que no \u00faltimo s\u00e1bado, dia 19, o pa\u00eds gritou FORA BOLSONARO.\u00a0E n\u00f3s, no Benita Sois V\u00f3s, fazemos coro.<\/strong><\/p>\n<p class=\"p1\" style=\"text-align: justify;\"><b>Participam os jornalistas Ge\u00f3rgia Santos, Fl\u00e1via Cunha, Igor Natusch e T\u00e9rcio Saccol.\u00a0\u00a0<\/b><b>Voc\u00ea tamb\u00e9m pode ouvir o epis\u00f3dio no\u00a0<\/b><a href=\"https:\/\/open.spotify.com\/show\/5I8zWzbmuDvEx9Wp6Gtnyd\"><span class=\"s1\"><b>Spotify<\/b><\/span><\/a><b>,\u00a0<\/b><a href=\"https:\/\/podcasts.apple.com\/us\/podcast\/bendita-sois-v%C3%B3s\/id1436913300\"><span class=\"s1\"><b>Itunes<\/b><\/span><\/a><b>\u00a0e\u00a0<\/b><a href=\"https:\/\/castbox.fm\/channel\/Bendita-Sois-V%C3%B3s-id1474946?country=br\"><span class=\"s1\"><b>Castbox<\/b><\/span><\/a><b>.\u00a0<\/b><\/p>\n<p style=\"text-align: center;\"><iframe loading=\"lazy\" src=\"https:\/\/w.soundcloud.com\/player\/?url=https%3A\/\/api.soundcloud.com\/tracks\/1074533389%3Fsecret_token%3Ds-KHeTrjS15Aa&amp;color=%23ff5500&amp;auto_play=false&amp;hide_related=false&amp;show_comments=true&amp;show_user=true&amp;show_reposts=false&amp;show_teaser=true&amp;visual=true\" width=\"100%\" height=\"300\" frameborder=\"no\" scrolling=\"no\"><\/iframe><\/p>\n<div style=\"font-size: 10px; color: #cccccc; line-break: anywhere; word-break: normal; overflow: hidden; white-space: nowrap; text-overflow: ellipsis; font-family: Interstate, 'Lucida Grande', 'Lucida Sans Unicode', 'Lucida Sans', Garuda, Verdana, Tahoma, sans-serif; font-weight: 100; text-align: center;\"><a style=\"color: #cccccc; text-decoration: none;\" title=\"V\u00f3s Pessoas no Plural\" href=\"https:\/\/soundcloud.com\/vos-social\" target=\"_blank\" rel=\"noopener\">V\u00f3s Pessoas no Plural<\/a> \u00b7 <a style=\"color: #cccccc; text-decoration: none;\" title=\"BSV Especial Coronav\u00edrus #63 500mil motivos para gritar Fora Bolsonaro\" href=\"https:\/\/soundcloud.com\/vos-social\/bsv-especial-coronavirus-63\/s-KHeTrjS15Aa\" target=\"_blank\" rel=\"noopener\">BSV Especial Coronav\u00edrus #63 500mil motivos para gritar Fora Bolsonaro<\/a><\/div>\n","protected":false},"excerpt":{"rendered":"<p>Nesta semana, vacina superfaturada e 500mil motivos para gritar Fora Bolsonaro Depois de o governo de Jair Bolsonaro ignorar dezenas [&hellip;]<\/p>\n","protected":false},"author":3,"featured_media":8212,"comment_status":"open","ping_status":"open","sticky":false,"template":"","format":"standard","meta":{"_acf_changed":false,"footnotes":""},"categories":[1541],"tags":[870,2196,508,2561,2188,2173,2213,2560,228,2352],"class_list":["post-8211","post","type-post","status-publish","format-standard","has-post-thumbnail","hentry","category-podcasts","tag-bolsonaro","tag-corona","tag-corrupcao","tag-covaxin","tag-covid","tag-covid19","tag-fora-bolsonaro","tag-pfizer","tag-politica","tag-vacina"],"acf":[],"_links":{"self":[{"href":"https:\/\/vos.homolog.arsnova.work\/index.php?rest_route=\/wp\/v2\/posts\/8211","targetHints":{"allow":["GET"]}}],"collection":[{"href":"https:\/\/vos.homolog.arsnova.work\/index.php?rest_route=\/wp\/v2\/posts"}],"about":[{"href":"https:\/\/vos.homolog.arsnova.work\/index.php?rest_route=\/wp\/v2\/types\/post"}],"author":[{"embeddable":true,"href":"https:\/\/vos.homolog.arsnova.work\/index.php?rest_route=\/wp\/v2\/users\/3"}],"replies":[{"embeddable":true,"href":"https:\/\/vos.homolog.arsnova.work\/index.php?rest_route=%2Fwp%2Fv2%2Fcomments&post=8211"}],"version-history":[{"count":0,"href":"https:\/\/vos.homolog.arsnova.work\/index.php?rest_route=\/wp\/v2\/posts\/8211\/revisions"}],"wp:featuredmedia":[{"embeddable":true,"href":"https:\/\/vos.homolog.arsnova.work\/index.php?rest_route=\/wp\/v2\/media\/8212"}],"wp:attachment":[{"href":"https:\/\/vos.homolog.arsnova.work\/index.php?rest_route=%2Fwp%2Fv2%2Fmedia&parent=8211"}],"wp:term":[{"taxonomy":"category","embeddable":true,"href":"https:\/\/vos.homolog.arsnova.work\/index.php?rest_route=%2Fwp%2Fv2%2Fcategories&post=8211"},{"taxonomy":"post_tag","embeddable":true,"href":"https:\/\/vos.homolog.arsnova.work\/index.php?rest_route=%2Fwp%2Fv2%2Ftags&post=8211"}],"curies":[{"name":"wp","href":"https:\/\/api.w.org\/{rel}","templated":true}]}}