{"id":8205,"date":"2021-06-21T13:58:08","date_gmt":"2021-06-21T16:58:08","guid":{"rendered":"https:\/\/vos.homolog.arsnova.work\/?p=8205"},"modified":"2021-06-21T17:06:44","modified_gmt":"2021-06-21T20:06:44","slug":"gil-do-vigor-e-a-subversao-necessaria","status":"publish","type":"post","link":"https:\/\/vos.homolog.arsnova.work\/?p=8205","title":{"rendered":"Gil do Vigor e a subvers\u00e3o necess\u00e1ria"},"content":{"rendered":"<p style=\"text-align: justify\"><span style=\"font-weight: 400\">Gil do Vigor, ex-participante do <\/span><i><span style=\"font-weight: 400\">reality <\/span><\/i><span style=\"font-weight: 400\">Big Brother, virou um caso de sucesso no meio editorial brasileiro. Recentemente, o livro lan\u00e7ado pelo economista ficou na lista dos mais vendidos da Amazon Brasil. O fato provocou a alegria dos f\u00e3s e a ira de alguns intelectuais.\u00a0<\/span><\/p>\n<h6><strong>Mas por que h\u00e1 ressentimento de parte da elite intelectual brasileira?<\/strong><\/h6>\n<p style=\"text-align: justify\"><span style=\"font-weight: 400\">Para come\u00e7ar, o livro foi lan\u00e7ado em tempo recorde, pouco depois de Gilberto Nogueira sair do programa. e consagrar-se com o apelido Gil do Vigor. Sendo assim, o conte\u00fado da biografia seria raso ou escrito por um <\/span><i><span style=\"font-weight: 400\">ghost writer<\/span><\/i><span style=\"font-weight: 400\"> enquanto o nordestino estava no ar na TV Globo. Apesar dessas pondera\u00e7\u00f5es me parecerem pertinentes, o \u00eaxito das vendas pode ser a verdadeira raz\u00e3o para criar um certo despeito dos cr\u00edticos.<\/span><\/p>\n<p style=\"text-align: justify\"><span style=\"font-weight: 400\">Por\u00e9m, me pergunto se n\u00e3o seria o caso de apenas ficarmos felizes por tamanho interesse em um livro em um pa\u00eds reconhecidamente com baixos \u00edndices de leitura. De qualquer forma, <\/span><i><span style=\"font-weight: 400\">Tem que vigorar<\/span><\/i><span style=\"font-weight: 400\"> despertou minha curiosidade e resolvi ler a biografia em quest\u00e3o.<\/span><\/p>\n<h6><strong>Gil do Vigor &#8211; o livro<\/strong><\/h6>\n<p style=\"text-align: justify\"><span style=\"font-weight: 400\"><a href=\"https:\/\/vos.homolog.arsnova.work\/wp-content\/uploads\/2021\/06\/gil_do_vigor_livro.jpg\"><img loading=\"lazy\" decoding=\"async\" class=\"size-medium wp-image-8206 alignleft\" src=\"https:\/\/vos.homolog.arsnova.work\/wp-content\/uploads\/2021\/06\/gil_do_vigor_livro-200x300.jpg\" alt=\"\" width=\"200\" height=\"300\" srcset=\"https:\/\/vos.homolog.arsnova.work\/wp-content\/uploads\/2021\/06\/gil_do_vigor_livro-200x300.jpg 200w, https:\/\/vos.homolog.arsnova.work\/wp-content\/uploads\/2021\/06\/gil_do_vigor_livro.jpg 640w\" sizes=\"auto, (max-width: 200px) 100vw, 200px\" \/><\/a>A obra \u00e9 curta, com 128 p\u00e1ginas, com muitas fotos da inf\u00e2ncia e adolesc\u00eancia de Gilberto e sua fam\u00edlia. Tamb\u00e9m conta com imagens de um ensaio fotogr\u00e1fico realizado especialmente para a publica\u00e7\u00e3o. No que se refere ao conte\u00fado, a linguagem \u00e9 simples e direta, como era de se esperar de uma biografia destinada ao grande p\u00fablico.<\/span><\/p>\n<p style=\"text-align: justify\"><span style=\"font-weight: 400\">Apesar dessa aparente superficialidade, h\u00e1 uma subvers\u00e3o permeando todo o conte\u00fado do livro. Isso porque o biografado tem uma trajet\u00f3ria que suscita a admira\u00e7\u00e3o dos libert\u00e1rios e pode despertar inc\u00f4modo nos conservadores. Gil &#8211; negro, gay, religioso, nordestino e com uma inf\u00e2ncia miser\u00e1vel &#8211; conseguiu superar as adversidades atrav\u00e9s da educa\u00e7\u00e3o. Mesmo com a fama instant\u00e2nea conquistada ap\u00f3s a participa\u00e7\u00e3o no <\/span><i><span style=\"font-weight: 400\">reality show<\/span><\/i><span style=\"font-weight: 400\">, segue focado no projeto de fazer um doutorado nos Estados Unidos. Al\u00e9m disso, assumiu sua homossexualidade em rede nacional e permanece com sua cren\u00e7a crist\u00e3, defendendo que as religi\u00f5es acolham pessoas LGBTQIA+.<\/span><\/p>\n<p style=\"text-align: justify\"><span style=\"font-weight: 400\">Para completar os aspectos positivos que encontrei durante a leitura, h\u00e1 temas complexos abordados, com men\u00e7\u00f5es \u00e0 economia, psicologia, pol\u00edtica e sa\u00fade mental. Um dos trechos mais sens\u00edveis diz respeito ao relacionamento de Gil com seu pai, um ex-dependente qu\u00edmico que agrediu sua m\u00e3e e transformou a vida familiar em um ambiente muito dif\u00edcil para todos. O relato n\u00e3o esconde o ressentimento e a m\u00e1goa, mas h\u00e1 a pondera\u00e7\u00e3o necess\u00e1ria de que o v\u00edcio em drogas \u00e9 um problema de sa\u00fade p\u00fablica e assim deve ser tratado.\u00a0<\/span><\/p>\n<h6 style=\"text-align: justify\"><strong>Posicionamento pol\u00edtico<\/strong><\/h6>\n<p style=\"text-align: justify\"><span style=\"font-weight: 400\">E se ainda restava alguma d\u00favida que um defensor da educa\u00e7\u00e3o e da ci\u00eancia seria contr\u00e1rio ao atual governo, confiram a explica\u00e7\u00e3o para o bord\u00e3o \u201cO Brasil t\u00e1 lascado\u201d:<\/span><\/p>\n<ol>\n<li style=\"text-align: justify\">\n<blockquote><p><em><span style=\"font-weight: 400\"> Encrencado;\u00a0<\/span><\/em><em><span style=\"font-weight: 400\">2. Pa\u00eds precisando de ajuda;\u00a0<\/span><\/em><em><span style=\"font-weight: 400\">3. No programa, quando falei com a Lumena, era em rela\u00e7\u00e3o \u00e0 realidade do Brasil mesmo. Economia, educa\u00e7\u00e3o, arte, esporte\u2026 Numa crise como a que vivemos, cortam verba justamente da educa\u00e7\u00e3o. E isso \u00e9 um absurdo, vira um po\u00e7o sem fundo. Os recursos do pa\u00eds s\u00e3o escassos e, sem administra\u00e7\u00e3o competente, a gente pode dizer que \u201co Brasil t\u00e1 lascado\u201d;\u00a0<\/span><\/em><em><span style=\"font-weight: 400\">4. \u00c9 um per\u00edodo de crise, um per\u00edodo complicado. Para sair da era lascada, temos que ter uma lideran\u00e7a firme, competente, centrada na ci\u00eancia, em valores democr\u00e1ticos e no desenvolvimento sustent\u00e1vel. &#8220;<\/span><\/em><\/p><\/blockquote>\n<\/li>\n<\/ol>\n<p style=\"text-align: justify\"><span style=\"font-weight: 400\">Por isso, se voc\u00ea est\u00e1 em uma busca de uma leitura leve para tentar superar o obscurantismo e o luto coletivo do Brasil da pandemia, essa pode ser uma boa op\u00e7\u00e3o. Mas fique \u00e0 vontade para odiar a futilidade de um livro escrito por um ex-Big Brother. S\u00f3 n\u00e3o vale criticar sem ler, pois da\u00ed \u00e9 apenas preconceito liter\u00e1rio.\u00a0\u00a0<\/span><\/p>\n<p><em>Imagens: Fanpage Gil do Vigor\/ Reprodu\u00e7\u00e3o<\/em><\/p>\n","protected":false},"excerpt":{"rendered":"<p>Gil do Vigor, ex-participante do reality Big Brother, virou um caso de sucesso no meio editorial brasileiro. Recentemente, o livro [&hellip;]<\/p>\n","protected":false},"author":5,"featured_media":8207,"comment_status":"open","ping_status":"open","sticky":false,"template":"","format":"standard","meta":{"_acf_changed":false,"footnotes":""},"categories":[4],"tags":[560,2557,2559,2558],"class_list":["post-8205","post","type-post","status-publish","format-standard","has-post-thumbnail","hentry","category-voos-literarios","tag-biografia","tag-gil-do-vigor","tag-o-brasil-ta-lascado","tag-tem-que-vigorar"],"acf":[],"_links":{"self":[{"href":"https:\/\/vos.homolog.arsnova.work\/index.php?rest_route=\/wp\/v2\/posts\/8205","targetHints":{"allow":["GET"]}}],"collection":[{"href":"https:\/\/vos.homolog.arsnova.work\/index.php?rest_route=\/wp\/v2\/posts"}],"about":[{"href":"https:\/\/vos.homolog.arsnova.work\/index.php?rest_route=\/wp\/v2\/types\/post"}],"author":[{"embeddable":true,"href":"https:\/\/vos.homolog.arsnova.work\/index.php?rest_route=\/wp\/v2\/users\/5"}],"replies":[{"embeddable":true,"href":"https:\/\/vos.homolog.arsnova.work\/index.php?rest_route=%2Fwp%2Fv2%2Fcomments&post=8205"}],"version-history":[{"count":0,"href":"https:\/\/vos.homolog.arsnova.work\/index.php?rest_route=\/wp\/v2\/posts\/8205\/revisions"}],"wp:featuredmedia":[{"embeddable":true,"href":"https:\/\/vos.homolog.arsnova.work\/index.php?rest_route=\/wp\/v2\/media\/8207"}],"wp:attachment":[{"href":"https:\/\/vos.homolog.arsnova.work\/index.php?rest_route=%2Fwp%2Fv2%2Fmedia&parent=8205"}],"wp:term":[{"taxonomy":"category","embeddable":true,"href":"https:\/\/vos.homolog.arsnova.work\/index.php?rest_route=%2Fwp%2Fv2%2Fcategories&post=8205"},{"taxonomy":"post_tag","embeddable":true,"href":"https:\/\/vos.homolog.arsnova.work\/index.php?rest_route=%2Fwp%2Fv2%2Ftags&post=8205"}],"curies":[{"name":"wp","href":"https:\/\/api.w.org\/{rel}","templated":true}]}}