{"id":8200,"date":"2021-06-16T17:47:56","date_gmt":"2021-06-16T20:47:56","guid":{"rendered":"https:\/\/vos.homolog.arsnova.work\/?p=8200"},"modified":"2021-06-16T17:47:56","modified_gmt":"2021-06-16T20:47:56","slug":"bsv-especial-coronavirus-62-motociata-whitney-houston-na-cpi-e-tudo-muito-caro","status":"publish","type":"post","link":"https:\/\/vos.homolog.arsnova.work\/?p=8200","title":{"rendered":"BSV Especial Coronav\u00edrus #62 Motociata, Whitney Houston na CPI e tudo muito caro"},"content":{"rendered":"<p class=\"p1\" style=\"text-align: justify;\"><strong>Nesta semana, o recorde fake da motociata, m\u00e1scara como guardanapo, Whitney Houston na CPI da Covid e tudo muito caro.<\/strong><\/p>\n<p class=\"p1\" style=\"text-align: justify;\">No \u00faltimo final de semana, ocorreu uma manifesta\u00e7\u00e3o de apoio ao presidente Jair Bolsonaro em S\u00e3o Paulo. Era uma manifesta\u00e7\u00e3o de pessoas que estavam montados em motocicletas. <em>A tal da motociata.<\/em>\u00a0Circulou nas redes sociais uma mensagem afirmando que <em>a tal da motociata<\/em> reuniu 1,3 milh\u00e3o de ve\u00edculos e entrou para o Guinness Book. Obviamente, \u00e9 fake. \u00c9 falso.<\/p>\n<h5 class=\"p1\" style=\"text-align: center;\">.<\/h5>\n<h5 class=\"p1\" style=\"text-align: center;\">V\u00eddeo divulgado nesta segunda-feira indica que a mobiliza\u00e7\u00e3o liderada por <span class=\"s1\"><b>Jair Bolsonaro\u00a0<\/b><\/span>reuniu pouco mais de 6mil motos<\/h5>\n<h5 class=\"p1\" style=\"text-align: center;\">.<\/h5>\n<p class=\"p1\" style=\"text-align: justify;\">\u00c9 bastante, mas longe de um milh\u00e3o. O v\u00eddeo foi disponibilizado pelo canal \u201c<a href=\"https:\/\/www.youtube.com\/watch?v=nmO2w7e7Hvo\" target=\"_blank\" rel=\"noopener\">An\u00e1lise de v\u00eddeos<\/a>\u201d, que estudou imagens da\u00a0Marginal Pinheiro<b>s<\/b>\u00a0por 16 minutos e indicou, inclusive a metodologia. Deu ruim.<\/p>\n<p class=\"p1\" style=\"text-align: justify;\">Pra dar seguimento ao rid\u00edculo, em cerimonia no inicio da semana, o presidente Jair Bolsonaro e o ministro-chefe da casa civil, Luiz Eduardo Ramos, decidiram tirar a\u00a0<b>m\u00e1scara<\/b>\u00a0logo ap\u00f3s o hino nacional. Ramos ent\u00e3o deu uma nova utilidade ao acess\u00f3rio e o usou como um\u00a0<b>guardanapo<\/b>.<\/p>\n<p class=\"p1\" style=\"text-align: justify;\">Mas esta semana est\u00e1 demais, ainda tem o ex-governador Wilson Witzel na CPI da Covid, espalhando coisa linda no ventilador. Tamb\u00e9m conhecido como Whitney Houston, ele complicou S\u00e9rgio Moro e trouxe as mil\u00edcias para o rolo da pandemia.<\/p>\n<h5 class=\"p1\" style=\"text-align: center;\">.<\/h5>\n<h5 class=\"p1\" style=\"text-align: center;\">O senador Fl\u00e1vio Bolsonaro, tamb\u00e9m conhecido por 01, n\u00e3o gostou<\/h5>\n<h5 class=\"p1\" style=\"text-align: center;\">.<\/h5>\n<p class=\"p1\" style=\"text-align: justify;\">Pensou que acabou? N\u00e3o. Tem\u00a0a Funda\u00e7\u00e3o Palmares, que se desfez de exemplares raros e mais de 5 mil livros do acervo.E ainda vamos falar na queda da renda dos brasileiros e porque o g\u00e1s, a luz, a comida e tudo est\u00e1 t\u00e3o caro.<\/p>\n<p class=\"p1\" style=\"text-align: justify;\"><b>Participam os jornalistas Ge\u00f3rgia Santos, Fl\u00e1via Cunha, Igor Natusch e T\u00e9rcio Saccol.\u00a0Voc\u00ea tamb\u00e9m pode ouvir o epis\u00f3dio no\u00a0<\/b><a href=\"https:\/\/open.spotify.com\/show\/5I8zWzbmuDvEx9Wp6Gtnyd\"><span class=\"s2\"><b>Spotify<\/b><\/span><\/a><b>,\u00a0<\/b><a href=\"https:\/\/podcasts.apple.com\/us\/podcast\/bendita-sois-v%C3%B3s\/id1436913300\"><span class=\"s2\"><b>Itunes<\/b><\/span><\/a><b>\u00a0e\u00a0<\/b><a href=\"https:\/\/castbox.fm\/channel\/Bendita-Sois-V%C3%B3s-id1474946?country=br\"><span class=\"s2\"><b>Castbox<\/b><\/span><\/a><b>.\u00a0<\/b><\/p>\n<p style=\"text-align: center;\"><iframe loading=\"lazy\" src=\"https:\/\/w.soundcloud.com\/player\/?url=https%3A\/\/api.soundcloud.com\/tracks\/1069978741&amp;color=%23ff5500&amp;auto_play=false&amp;hide_related=false&amp;show_comments=true&amp;show_user=true&amp;show_reposts=false&amp;show_teaser=true&amp;visual=true\" width=\"100%\" height=\"300\" frameborder=\"no\" scrolling=\"no\"><\/iframe><\/p>\n<div style=\"font-size: 10px; color: #cccccc; line-break: anywhere; word-break: normal; overflow: hidden; white-space: nowrap; text-overflow: ellipsis; font-family: Interstate, 'Lucida Grande', 'Lucida Sans Unicode', 'Lucida Sans', Garuda, Verdana, Tahoma, sans-serif; font-weight: 100; text-align: center;\"><a style=\"color: #cccccc; text-decoration: none;\" title=\"V\u00f3s Pessoas no Plural\" href=\"https:\/\/soundcloud.com\/vos-social\" target=\"_blank\" rel=\"noopener\">V\u00f3s Pessoas no Plural<\/a> \u00b7 <a style=\"color: #cccccc; text-decoration: none;\" title=\"BSV Especial Coronav\u00edrus #62 Motociata, Whitney Houston na CPI e tudo muito caro\" href=\"https:\/\/soundcloud.com\/vos-social\/bsv-especial-coronavirus-62-motociata-whitney-houston-na-cpi-e-tudo-muito-caro\" target=\"_blank\" rel=\"noopener\">BSV Especial Coronav\u00edrus #62 Motociata, Whitney Houston na CPI e tudo muito caro<\/a><\/div>\n<div><\/div>\n<div><em>Imagem original: Alan Santos\/PR<\/em><\/div>\n","protected":false},"excerpt":{"rendered":"<p>Nesta semana, o recorde fake da motociata, m\u00e1scara como guardanapo, Whitney Houston na CPI da Covid e tudo muito caro. [&hellip;]<\/p>\n","protected":false},"author":3,"featured_media":8201,"comment_status":"open","ping_status":"open","sticky":false,"template":"","format":"standard","meta":{"_acf_changed":false,"footnotes":""},"categories":[1541],"tags":[870,2196,2158,2188,2516,2556,2555,2165,1963],"class_list":["post-8200","post","type-post","status-publish","format-standard","has-post-thumbnail","hentry","category-podcasts","tag-bolsonaro","tag-corona","tag-coronavirus","tag-covid","tag-cpi","tag-cpidacovid","tag-motociata","tag-pandemia","tag-witzel"],"acf":[],"_links":{"self":[{"href":"https:\/\/vos.homolog.arsnova.work\/index.php?rest_route=\/wp\/v2\/posts\/8200","targetHints":{"allow":["GET"]}}],"collection":[{"href":"https:\/\/vos.homolog.arsnova.work\/index.php?rest_route=\/wp\/v2\/posts"}],"about":[{"href":"https:\/\/vos.homolog.arsnova.work\/index.php?rest_route=\/wp\/v2\/types\/post"}],"author":[{"embeddable":true,"href":"https:\/\/vos.homolog.arsnova.work\/index.php?rest_route=\/wp\/v2\/users\/3"}],"replies":[{"embeddable":true,"href":"https:\/\/vos.homolog.arsnova.work\/index.php?rest_route=%2Fwp%2Fv2%2Fcomments&post=8200"}],"version-history":[{"count":0,"href":"https:\/\/vos.homolog.arsnova.work\/index.php?rest_route=\/wp\/v2\/posts\/8200\/revisions"}],"wp:featuredmedia":[{"embeddable":true,"href":"https:\/\/vos.homolog.arsnova.work\/index.php?rest_route=\/wp\/v2\/media\/8201"}],"wp:attachment":[{"href":"https:\/\/vos.homolog.arsnova.work\/index.php?rest_route=%2Fwp%2Fv2%2Fmedia&parent=8200"}],"wp:term":[{"taxonomy":"category","embeddable":true,"href":"https:\/\/vos.homolog.arsnova.work\/index.php?rest_route=%2Fwp%2Fv2%2Fcategories&post=8200"},{"taxonomy":"post_tag","embeddable":true,"href":"https:\/\/vos.homolog.arsnova.work\/index.php?rest_route=%2Fwp%2Fv2%2Ftags&post=8200"}],"curies":[{"name":"wp","href":"https:\/\/api.w.org\/{rel}","templated":true}]}}