{"id":8190,"date":"2021-06-09T18:15:53","date_gmt":"2021-06-09T21:15:53","guid":{"rendered":"https:\/\/vos.homolog.arsnova.work\/?p=8190"},"modified":"2021-06-09T18:15:53","modified_gmt":"2021-06-09T21:15:53","slug":"bsv-especial-coronavirus-61-tudo-e-politico-ate-o-futebol","status":"publish","type":"post","link":"https:\/\/vos.homolog.arsnova.work\/?p=8190","title":{"rendered":"BSV Especial Coronav\u00edrus #61 Tudo \u00e9 pol\u00edtico, at\u00e9 o futebol"},"content":{"rendered":"<p class=\"p1\" style=\"text-align: justify;\"><strong>Nesta semana, a gente fala de futebol, porque tudo \u00e9 pol\u00edtico, de Copa Am\u00e9rica, <a href=\"https:\/\/vos.homolog.arsnova.work\/podcasts\/bsv-especial-coronavirus-55-fogo-no-parquinho-da-cpi-da-covid\/\" target=\"_blank\" rel=\"noopener\">CPI da Covid<\/a> e elei\u00e7\u00f5es no Peru.<\/strong><\/p>\n<p class=\"p1\" style=\"text-align: justify;\">Ap\u00f3s disputas internas na CBF, est\u00e1 confirmada a realiza\u00e7\u00e3o da Copa Am\u00e9rica no Basil. Jogadores levantaram a voz, o t\u00e9cnico foi amea\u00e7ado e o presidente da CBF, Rog\u00e9rio Caboclo, ofereceu a cabe\u00e7a de Tite ao presidente Jair Bolsonaro. O vice, General Hamilton Mour\u00e3o, tamb\u00e9m meteu o bedelho. Mas nada disso aconteceu. Caboclo foi afastado por uma den\u00fancia de ass\u00e9dio, mas foi o posicionamento dos jogadores que o derrubou.<\/p>\n<h5 class=\"p1\" style=\"text-align: center;\">.<\/h5>\n<h5 class=\"p1\" style=\"text-align: center;\">N\u00e3o s\u00e3o jogadores revolucion\u00e1rios, longe disso, mas se posicionaram<\/h5>\n<h5 class=\"p1\" style=\"text-align: center;\">.<\/h5>\n<p class=\"p1\" style=\"text-align: justify;\">O governo federal tamb\u00e9m se posicionou, o ministro da Sa\u00fade, Marcelo Queiroga, disse que \u00e9 um evento pequeno e que n\u00e3o oferece risco ADICIONAL.<span class=\"Apple-converted-space\">\u00a0 <\/span>Ele disse isso em novo depoimento \u00e0 CPI da Covid. <a href=\"https:\/\/noticias.uol.com.br\/colunas\/josias-de-souza\/2021\/06\/07\/bolsonaro-tornou-se-mentiroso-com-selo-do-tcu.htm\" target=\"_blank\" rel=\"noopener\">Enquanto isso, Bolsonaro continua mentindo a respeito da COVID, dizendo que n\u00e3o morreu tanta gente assim e usando dados falsamente atribu\u00eddos ao Tribunal de Contas da Uni\u00e3o.<\/a> O TCU desmentiu a lorota em seguida e o presidente precisou admitir o engodo.<\/p>\n<p class=\"p1\" style=\"text-align: justify;\">E ainda, as elei\u00e7\u00f5es no Peru. A leg\u00edtima filhote de ditador, Keiko Fujimoi, foi derrotada por Pedro Castillo.<\/p>\n<p class=\"p4\" style=\"text-align: justify;\"><b>Participam os jornalistas Ge\u00f3rgia Santos, Fl\u00e1via Cunha, Igor Natusch e T\u00e9rcio Saccol.\u00a0Voc\u00ea tamb\u00e9m pode ouvir o epis\u00f3dio no\u00a0<\/b><a href=\"https:\/\/open.spotify.com\/show\/5I8zWzbmuDvEx9Wp6Gtnyd\"><span class=\"s1\"><b>Spotify<\/b><\/span><\/a><b>,\u00a0<\/b><a href=\"https:\/\/podcasts.apple.com\/us\/podcast\/bendita-sois-v%C3%B3s\/id1436913300\"><span class=\"s1\"><b>Itunes<\/b><\/span><\/a><b>\u00a0e\u00a0<\/b><a href=\"https:\/\/castbox.fm\/channel\/Bendita-Sois-V%C3%B3s-id1474946?country=br\"><span class=\"s1\"><b>Castbox<\/b><\/span><\/a><b>.\u00a0<\/b><\/p>\n<p style=\"text-align: center;\"><iframe loading=\"lazy\" src=\"https:\/\/w.soundcloud.com\/player\/?url=https%3A\/\/api.soundcloud.com\/tracks\/1065293809&amp;color=%23ff5500&amp;auto_play=false&amp;hide_related=false&amp;show_comments=true&amp;show_user=true&amp;show_reposts=false&amp;show_teaser=true&amp;visual=true\" width=\"100%\" height=\"300\" frameborder=\"no\" scrolling=\"no\"><\/iframe><\/p>\n<div style=\"font-size: 10px; color: #cccccc; line-break: anywhere; word-break: normal; overflow: hidden; white-space: nowrap; text-overflow: ellipsis; font-family: Interstate, 'Lucida Grande', 'Lucida Sans Unicode', 'Lucida Sans', Garuda, Verdana, Tahoma, sans-serif; font-weight: 100; text-align: center;\"><a style=\"color: #cccccc; text-decoration: none;\" title=\"V\u00f3s Pessoas no Plural\" href=\"https:\/\/soundcloud.com\/vos-social\" target=\"_blank\" rel=\"noopener\">V\u00f3s Pessoas no Plural<\/a> \u00b7 <a style=\"color: #cccccc; text-decoration: none;\" title=\"BSV Especial Coronav\u00edrus #61 Tudo \u00e9 pol\u00edtico, at\u00e9 o futebol\" href=\"https:\/\/soundcloud.com\/vos-social\/bsv-especial-coronavirus-61-tudo-e-politico-ate-o-futebol\" target=\"_blank\" rel=\"noopener\">BSV Especial Coronav\u00edrus #61 Tudo \u00e9 pol\u00edtico, at\u00e9 o futebol<\/a><\/div>\n","protected":false},"excerpt":{"rendered":"<p>Nesta semana, a gente fala de futebol, porque tudo \u00e9 pol\u00edtico, de Copa Am\u00e9rica, CPI da Covid e elei\u00e7\u00f5es no [&hellip;]<\/p>\n","protected":false},"author":3,"featured_media":8191,"comment_status":"open","ping_status":"open","sticky":false,"template":"","format":"standard","meta":{"_acf_changed":false,"footnotes":""},"categories":[1541],"tags":[870,2552,1347,2548,2196,2158,2188,2516,377,2165,228,2553],"class_list":["post-8190","post","type-post","status-publish","format-standard","has-post-thumbnail","hentry","category-podcasts","tag-bolsonaro","tag-cbf","tag-copa","tag-copa-america","tag-corona","tag-coronavirus","tag-covid","tag-cpi","tag-futebol","tag-pandemia","tag-politica","tag-selecao"],"acf":[],"_links":{"self":[{"href":"https:\/\/vos.homolog.arsnova.work\/index.php?rest_route=\/wp\/v2\/posts\/8190","targetHints":{"allow":["GET"]}}],"collection":[{"href":"https:\/\/vos.homolog.arsnova.work\/index.php?rest_route=\/wp\/v2\/posts"}],"about":[{"href":"https:\/\/vos.homolog.arsnova.work\/index.php?rest_route=\/wp\/v2\/types\/post"}],"author":[{"embeddable":true,"href":"https:\/\/vos.homolog.arsnova.work\/index.php?rest_route=\/wp\/v2\/users\/3"}],"replies":[{"embeddable":true,"href":"https:\/\/vos.homolog.arsnova.work\/index.php?rest_route=%2Fwp%2Fv2%2Fcomments&post=8190"}],"version-history":[{"count":0,"href":"https:\/\/vos.homolog.arsnova.work\/index.php?rest_route=\/wp\/v2\/posts\/8190\/revisions"}],"wp:featuredmedia":[{"embeddable":true,"href":"https:\/\/vos.homolog.arsnova.work\/index.php?rest_route=\/wp\/v2\/media\/8191"}],"wp:attachment":[{"href":"https:\/\/vos.homolog.arsnova.work\/index.php?rest_route=%2Fwp%2Fv2%2Fmedia&parent=8190"}],"wp:term":[{"taxonomy":"category","embeddable":true,"href":"https:\/\/vos.homolog.arsnova.work\/index.php?rest_route=%2Fwp%2Fv2%2Fcategories&post=8190"},{"taxonomy":"post_tag","embeddable":true,"href":"https:\/\/vos.homolog.arsnova.work\/index.php?rest_route=%2Fwp%2Fv2%2Ftags&post=8190"}],"curies":[{"name":"wp","href":"https:\/\/api.w.org\/{rel}","templated":true}]}}