{"id":8185,"date":"2021-06-08T14:18:47","date_gmt":"2021-06-08T17:18:47","guid":{"rendered":"https:\/\/vos.homolog.arsnova.work\/?p=8185"},"modified":"2021-06-08T14:19:54","modified_gmt":"2021-06-08T17:19:54","slug":"todo-dia-oito-4-luciana-a-feminista-do-seculo-19","status":"publish","type":"post","link":"https:\/\/vos.homolog.arsnova.work\/?p=8185","title":{"rendered":"Todo Dia Oito #4 Luciana, a feminista do s\u00e9culo 19"},"content":{"rendered":"<h5><a href=\"https:\/\/vos.homolog.arsnova.work\/wp-content\/uploads\/2021\/03\/Todo-dia-8-Amarelo.jpg\"><img loading=\"lazy\" decoding=\"async\" class=\"alignnone size-full wp-image-7889\" src=\"https:\/\/vos.homolog.arsnova.work\/wp-content\/uploads\/2021\/03\/Todo-dia-8-Amarelo.jpg\" alt=\"\" width=\"2048\" height=\"1194\" srcset=\"https:\/\/vos.homolog.arsnova.work\/wp-content\/uploads\/2021\/03\/Todo-dia-8-Amarelo.jpg 2048w, https:\/\/vos.homolog.arsnova.work\/wp-content\/uploads\/2021\/03\/Todo-dia-8-Amarelo-1536x896.jpg 1536w, https:\/\/vos.homolog.arsnova.work\/wp-content\/uploads\/2021\/03\/Todo-dia-8-Amarelo-300x175.jpg 300w, https:\/\/vos.homolog.arsnova.work\/wp-content\/uploads\/2021\/03\/Todo-dia-8-Amarelo-768x448.jpg 768w, https:\/\/vos.homolog.arsnova.work\/wp-content\/uploads\/2021\/03\/Todo-dia-8-Amarelo-1024x597.jpg 1024w\" sizes=\"auto, (max-width: 2048px) 100vw, 2048px\" \/><\/a><\/h5>\n<h5 style=\"text-align: center;\">Todo dia Oito. Todo dia oito, uma hist\u00f3ria. Todo dia oito, uma mulher<\/h5>\n<h5 style=\"text-align: center;\">.<\/h5>\n<p style=\"text-align: justify;\">No quarto epis\u00f3dio do podcast, <strong>Luciana, a feminista do s\u00e9culo 19<\/strong>. Achou que o feminismo tinha sido inventado no Twitter? Pois <strong>Luciana de Abreu<\/strong> j\u00e1 defendia a equidade de g\u00eanero nos idos de 1870, em Porto Alegre. O direito ao estudo e ao trabalho. Ela defendia a independ\u00eancia das mulheres em tribunas e na pr\u00e1tica.<\/p>\n<h5 style=\"text-align: center;\">.<\/h5>\n<h5 style=\"text-align: center;\">QUEM FAZ<\/h5>\n<p style=\"text-align: center;\">Produ\u00e7\u00e3o:\u00a0<a href=\"https:\/\/vos.homolog.arsnova.work\/\" target=\"_blank\" rel=\"ugc noopener noreferrer\">V\u00f3s<\/a><\/p>\n<p style=\"text-align: center;\">Pesquisa: Fl\u00e1via Cunha<\/p>\n<p style=\"text-align: center;\">Roteiro: Ge\u00f3rgia Santos e Fl\u00e1via Cunha<\/p>\n<p style=\"text-align: center;\">Dire\u00e7\u00e3o Art\u00edstica: Raquel Grabauska<\/p>\n<p style=\"text-align: center;\">Apresenta\u00e7\u00e3o e edi\u00e7\u00e3o: Ge\u00f3rgia Santos<\/p>\n<p style=\"text-align: center;\">Locu\u00e7\u00e3o:<\/p>\n<p style=\"text-align: center;\">Raquel Grabauska como Luciana de Abreu,<\/p>\n<p style=\"text-align: center;\">Andrea Almeida como a m\u00e3e de Luciana;<\/p>\n<p style=\"text-align: center;\">Participa\u00e7\u00e3o especial de Mirna Spritzer, Ju\u00e7ara Gaspar e Boina Galli<\/p>\n<p style=\"text-align: center;\">Trilha sonora original: Gustavo Finkler<\/p>\n<p style=\"text-align: center;\"><iframe loading=\"lazy\" src=\"https:\/\/anchor.fm\/tododiaoito\/embed\/episodes\/Todo-Dia-Oito-4-Luciana--a-feminista-do-sculo-19-e12ddsl\" width=\"400px\" height=\"102px\" frameborder=\"0\" scrolling=\"no\"><\/iframe><\/p>\n","protected":false},"excerpt":{"rendered":"<p>Todo dia Oito. Todo dia oito, uma hist\u00f3ria. Todo dia oito, uma mulher . No quarto epis\u00f3dio do podcast, Luciana, [&hellip;]<\/p>\n","protected":false},"author":3,"featured_media":8186,"comment_status":"open","ping_status":"open","sticky":false,"template":"","format":"standard","meta":{"_acf_changed":false,"footnotes":""},"categories":[1541],"tags":[2161,2470,317,390,284,1130,2551,1353,303],"class_list":["post-8185","post","type-post","status-publish","format-standard","has-post-thumbnail","hentry","category-podcasts","tag-8m","tag-dia-8","tag-dia-da-mulher","tag-educacao","tag-feminismo","tag-feminista","tag-luciana-de-abreu","tag-mulher","tag-mulheres"],"acf":[],"_links":{"self":[{"href":"https:\/\/vos.homolog.arsnova.work\/index.php?rest_route=\/wp\/v2\/posts\/8185","targetHints":{"allow":["GET"]}}],"collection":[{"href":"https:\/\/vos.homolog.arsnova.work\/index.php?rest_route=\/wp\/v2\/posts"}],"about":[{"href":"https:\/\/vos.homolog.arsnova.work\/index.php?rest_route=\/wp\/v2\/types\/post"}],"author":[{"embeddable":true,"href":"https:\/\/vos.homolog.arsnova.work\/index.php?rest_route=\/wp\/v2\/users\/3"}],"replies":[{"embeddable":true,"href":"https:\/\/vos.homolog.arsnova.work\/index.php?rest_route=%2Fwp%2Fv2%2Fcomments&post=8185"}],"version-history":[{"count":0,"href":"https:\/\/vos.homolog.arsnova.work\/index.php?rest_route=\/wp\/v2\/posts\/8185\/revisions"}],"wp:featuredmedia":[{"embeddable":true,"href":"https:\/\/vos.homolog.arsnova.work\/index.php?rest_route=\/wp\/v2\/media\/8186"}],"wp:attachment":[{"href":"https:\/\/vos.homolog.arsnova.work\/index.php?rest_route=%2Fwp%2Fv2%2Fmedia&parent=8185"}],"wp:term":[{"taxonomy":"category","embeddable":true,"href":"https:\/\/vos.homolog.arsnova.work\/index.php?rest_route=%2Fwp%2Fv2%2Fcategories&post=8185"},{"taxonomy":"post_tag","embeddable":true,"href":"https:\/\/vos.homolog.arsnova.work\/index.php?rest_route=%2Fwp%2Fv2%2Ftags&post=8185"}],"curies":[{"name":"wp","href":"https:\/\/api.w.org\/{rel}","templated":true}]}}