{"id":8172,"date":"2021-06-02T17:00:17","date_gmt":"2021-06-02T20:00:17","guid":{"rendered":"https:\/\/vos.homolog.arsnova.work\/?p=8172"},"modified":"2021-06-02T16:55:49","modified_gmt":"2021-06-02T19:55:49","slug":"bsv-especial-coronavirus-60-fora-bolsonaro","status":"publish","type":"post","link":"https:\/\/vos.homolog.arsnova.work\/?p=8172","title":{"rendered":"BSV Especial Coronav\u00edrus #60 Fora Bolsonaro"},"content":{"rendered":"<p style=\"text-align: center;\"><strong>Nesta semana, as manifesta\u00e7\u00f5es contra Bolsonaro, a Copa Am\u00e9rica e o PIB.<\/strong><\/p>\n<p style=\"text-align: justify;\">No \u00faltimo s\u00e1bado, milhares de pessoas sa\u00edram \u00e0s ruas para protestar contra o governo de Jair Bolsonaro. Milhares de pessoas que chegaram \u00e0 conclus\u00e3o de que ele \u00e9 mais perigoso que o v\u00edrus. Milhares de pessoas que lamentam a morte de quase 500 mil outras pessoas e a destrui\u00e7\u00e3o de quase 500 mil fam\u00edlias.<\/p>\n<h5 style=\"text-align: center;\">.<br \/>\nMilhares de pessoas foram \u00e0s ruas para protestar contra a inoper\u00e2ncia e irresponsabilidade de um governo negacionista, que tem <a href=\"https:\/\/vos.homolog.arsnova.work\/podcasts\/bsv-especial-coronavirus-56-o-sangue-nas-maos-de-bolsonaro\/\" target=\"_blank\" rel=\"noopener\">projeto de morte<\/a><br \/>\n.<\/h5>\n<p style=\"text-align: justify;\">O presidente Jair Bolsonaro, em resposta, disse que as manifesta\u00e7\u00f5es foram pequenas e ironizou. Pra citar uma figurinha de WhatsApp da qual eu gosto muito, banhou-se nas \u00e1guas do equ\u00edvoco.Bolsonaro tanto se banha nas \u00e1guas do equ\u00edvoco que est\u00e1 disposto a oferecer o Brasil para sediar a Copa Am\u00e9rica, \u00e0s v\u00e9speras de uma terceira onda e do novo pior momento da pandemia no pa\u00eds. Copa Am\u00e9rica ou Cova Am\u00e9rica, ou Cepa Am\u00e9rica\u2026<\/p>\n<p style=\"text-align: justify;\">E ainda vamos falar do porque n\u00e3o podemos ficar otimistas com a alta do PIB no primeiro trimestre.<\/p>\n<p style=\"text-align: justify;\"><strong>Participam os jornalistas Ge\u00f3rgia Santos, Fl\u00e1via Cunha, Igor Natusch e T\u00e9rcio Saccol.\u00a0<b>Voc\u00ea tamb\u00e9m pode ouvir o epis\u00f3dio no\u00a0<a href=\"https:\/\/open.spotify.com\/show\/5I8zWzbmuDvEx9Wp6Gtnyd\"><span class=\"s1\">Spotify<\/span><\/a>,\u00a0<a href=\"https:\/\/podcasts.apple.com\/us\/podcast\/bendita-sois-v%C3%B3s\/id1436913300\"><span class=\"s1\">Itunes<\/span><\/a>\u00a0e\u00a0<a href=\"https:\/\/castbox.fm\/channel\/Bendita-Sois-V%C3%B3s-id1474946?country=br\"><span class=\"s1\">Castbox<\/span><\/a>.\u00a0<\/b><\/strong><\/p>\n<p style=\"text-align: center;\"><iframe loading=\"lazy\" src=\"https:\/\/w.soundcloud.com\/player\/?url=https%3A\/\/api.soundcloud.com\/tracks\/1060755010&amp;color=%23ff5500&amp;auto_play=false&amp;hide_related=false&amp;show_comments=true&amp;show_user=true&amp;show_reposts=false&amp;show_teaser=true&amp;visual=true\" width=\"100%\" height=\"300\" frameborder=\"no\" scrolling=\"no\"><\/iframe><\/p>\n<div style=\"font-size: 10px; color: #cccccc; line-break: anywhere; word-break: normal; overflow: hidden; white-space: nowrap; text-overflow: ellipsis; font-family: Interstate, 'Lucida Grande', 'Lucida Sans Unicode', 'Lucida Sans', Garuda, Verdana, Tahoma, sans-serif; font-weight: 100; text-align: center;\"><a style=\"color: #cccccc; text-decoration: none;\" title=\"V\u00f3s Pessoas no Plural\" href=\"https:\/\/soundcloud.com\/vos-social\" target=\"_blank\" rel=\"noopener\">V\u00f3s Pessoas no Plural<\/a> \u00b7 <a style=\"color: #cccccc; text-decoration: none;\" title=\"BSV Especial Coronav\u00edrus #60 Fora Bolsonaro\" href=\"https:\/\/soundcloud.com\/vos-social\/bsv-especial-coronavirus-60-fora-bolsonaro\" target=\"_blank\" rel=\"noopener\">BSV Especial Coronav\u00edrus #60 Fora Bolsonaro<\/a><\/div>\n<div><\/div>\n<div><em>Imagem: montagem a partir de foto de Marcos Corr\u00eaa\/PR<\/em><\/div>\n","protected":false},"excerpt":{"rendered":"<p>Nesta semana, as manifesta\u00e7\u00f5es contra Bolsonaro, a Copa Am\u00e9rica e o PIB. No \u00faltimo s\u00e1bado, milhares de pessoas sa\u00edram \u00e0s [&hellip;]<\/p>\n","protected":false},"author":3,"featured_media":8173,"comment_status":"open","ping_status":"open","sticky":false,"template":"","format":"standard","meta":{"_acf_changed":false,"footnotes":""},"categories":[1541],"tags":[870,800,2548,2158,2188,2547,2165,1121,228],"class_list":["post-8172","post","type-post","status-publish","format-standard","has-post-thumbnail","hentry","category-podcasts","tag-bolsonaro","tag-brasil","tag-copa-america","tag-coronavirus","tag-covid","tag-forabolsonaro","tag-pandemia","tag-pib","tag-politica"],"acf":[],"_links":{"self":[{"href":"https:\/\/vos.homolog.arsnova.work\/index.php?rest_route=\/wp\/v2\/posts\/8172","targetHints":{"allow":["GET"]}}],"collection":[{"href":"https:\/\/vos.homolog.arsnova.work\/index.php?rest_route=\/wp\/v2\/posts"}],"about":[{"href":"https:\/\/vos.homolog.arsnova.work\/index.php?rest_route=\/wp\/v2\/types\/post"}],"author":[{"embeddable":true,"href":"https:\/\/vos.homolog.arsnova.work\/index.php?rest_route=\/wp\/v2\/users\/3"}],"replies":[{"embeddable":true,"href":"https:\/\/vos.homolog.arsnova.work\/index.php?rest_route=%2Fwp%2Fv2%2Fcomments&post=8172"}],"version-history":[{"count":0,"href":"https:\/\/vos.homolog.arsnova.work\/index.php?rest_route=\/wp\/v2\/posts\/8172\/revisions"}],"wp:featuredmedia":[{"embeddable":true,"href":"https:\/\/vos.homolog.arsnova.work\/index.php?rest_route=\/wp\/v2\/media\/8173"}],"wp:attachment":[{"href":"https:\/\/vos.homolog.arsnova.work\/index.php?rest_route=%2Fwp%2Fv2%2Fmedia&parent=8172"}],"wp:term":[{"taxonomy":"category","embeddable":true,"href":"https:\/\/vos.homolog.arsnova.work\/index.php?rest_route=%2Fwp%2Fv2%2Fcategories&post=8172"},{"taxonomy":"post_tag","embeddable":true,"href":"https:\/\/vos.homolog.arsnova.work\/index.php?rest_route=%2Fwp%2Fv2%2Ftags&post=8172"}],"curies":[{"name":"wp","href":"https:\/\/api.w.org\/{rel}","templated":true}]}}