{"id":8159,"date":"2021-05-31T20:03:41","date_gmt":"2021-05-31T23:03:41","guid":{"rendered":"https:\/\/vos.homolog.arsnova.work\/?p=8159"},"modified":"2021-06-01T15:51:11","modified_gmt":"2021-06-01T18:51:11","slug":"a-grande-midia-e-os-protestos-contra-bolsonaro","status":"publish","type":"post","link":"https:\/\/vos.homolog.arsnova.work\/?p=8159","title":{"rendered":"A grande m\u00eddia e os protestos contra Bolsonaro"},"content":{"rendered":"<p style=\"text-align: justify;\"><span style=\"font-weight: 400;\">A grande m\u00eddia enfrenta, h\u00e1 algum tempo, uma crise de credibilidade perante uma parcela da sociedade brasileira. Enquanto isso, a maioria desses jornalistas insiste em tentativas frustradas de manter uma isen\u00e7\u00e3o falaciosa diante de fatos que possam denunciar posi\u00e7\u00f5es pol\u00edticas ou ideol\u00f3gicas. Por\u00e9m, a verdade \u00e9 que essa atitude pouco tem contribu\u00eddo para mudar a opini\u00e3o de espectadores de diferentes espectros pol\u00edticos a respeito da atua\u00e7\u00e3o da imprensa.\u00a0 E, ao\u00a0conferir o notici\u00e1rio a respeito dos protestos contra o governo Jair Bolsonaro no \u00faltimo s\u00e1bado, a suposta isen\u00e7\u00e3o jornal\u00edstica ficou gritante para mim.<\/span><\/p>\n<h6 style=\"text-align: justify;\"><strong>Grande m\u00eddia isentona<\/strong><\/h6>\n<p style=\"text-align: justify;\"><span style=\"font-weight: 400;\">Um exemplo assisti ao vivo na Globonews. Na emissora do grupo Globo, um jornalista, em tom de voz mon\u00f3tono, narrava as manifesta\u00e7\u00f5es que foram realizadas em diversas cidades brasileiras. De forma protocolar, o rep\u00f3rter observava apenas se os manifestantes tinham ou n\u00e3o feito aglomera\u00e7\u00f5es. Depois, ressaltou que usavam m\u00e1scaras, em sua maioria. Por\u00e9m, o motivo dos protestos &#8211; a falta de vacinas para a popula\u00e7\u00e3o durante uma pandemia e um aux\u00edlio emergencial mais consistente do que o valor atual &#8211; n\u00e3o renderam observa\u00e7\u00f5es mais elaboradas, coment\u00e1rios ou reportagens adicionais.<\/span><\/p>\n<h6>A escolha pela omiss\u00e3o<\/h6>\n<p style=\"text-align: justify;\"><a href=\"https:\/\/vos.homolog.arsnova.work\/wp-content\/uploads\/2021\/05\/Grande_midia1.jpeg\"><img loading=\"lazy\" decoding=\"async\" class=\"size-medium wp-image-8163 alignleft\" src=\"https:\/\/vos.homolog.arsnova.work\/wp-content\/uploads\/2021\/05\/Grande_midia1-300x262.jpeg\" alt=\"\" width=\"300\" height=\"262\" srcset=\"https:\/\/vos.homolog.arsnova.work\/wp-content\/uploads\/2021\/05\/Grande_midia1-300x262.jpeg 300w, https:\/\/vos.homolog.arsnova.work\/wp-content\/uploads\/2021\/05\/Grande_midia1.jpeg 615w\" sizes=\"auto, (max-width: 300px) 100vw, 300px\" \/><\/a>Mais grave ainda \u00e9 o caso dos jornais<em> O Globo<\/em> e <em>O Estado de S\u00e3o Paulo<\/em>. Em uma escolha editorial para l\u00e1 de question\u00e1vel, decidiram n\u00e3o noticiar os protestos contra o governo nas capas de suas edi\u00e7\u00f5es dominicais. Nas redes sociais, o epis\u00f3dio foi comparado \u00e0 atitude da Rede Globo, na d\u00e9cada de 1980, ao tentar ocultar dos telespectadores as manifesta\u00e7\u00f5es pelas Diretas J\u00e1.\u00a0 A diferen\u00e7a, no s\u00e9culo 21, \u00e9 de que com a instantaneidade da Internet \u00e9 muito mais dif\u00edcil esconder informa\u00e7\u00f5es do p\u00fablico, passando a ser uma decis\u00e3o ainda mais arriscada em termos jornal\u00edsticos.<\/p>\n<p><span style=\"color: #000000; font-family: 'Open Sans', Arial, sans-serif; font-size: 14px; font-weight: bold; letter-spacing: -0.01em;\">N\u00e3o precisa ser militante<\/span><\/p>\n<p style=\"text-align: justify;\"><span style=\"font-weight: 400;\">N\u00e3o estou aqui dizendo que os jornalistas dos ve\u00edculos tradicionais de comunica\u00e7\u00e3o deveriam usar camisetas escritas \u201cFora Bolsonaro\u201d ou serem claramente militantes em protestos. Por\u00e9m, este \u00e9 um momento hist\u00f3rico no qual a imprensa brasileira \u00e9 massacrada por um presidente da Rep\u00fablica, Al\u00e9m disso, esta atitude lament\u00e1vel conta com o apoio irrestrito de seus seguidores. Por isso, talvez seja a hora de usar as t\u00e9cnicas de jornalismo a favor do esclarecimento de fatos. N\u00e3o \u00e9 preciso declarar ser contr\u00e1rio a Bolsonaro. Mas demonstrar, atrav\u00e9s da verdade, os absurdos de um governo irrespons\u00e1vel.\u00a0<\/span><\/p>\n<h6><strong>Existem acertos na grande m\u00eddia<\/strong><\/h6>\n<p style=\"text-align: justify;\"><span style=\"font-weight: 400;\"><a href=\"https:\/\/vos.homolog.arsnova.work\/wp-content\/uploads\/2021\/05\/Grande_midia2.jpeg\"><img loading=\"lazy\" decoding=\"async\" class=\"size-medium wp-image-8164 alignleft\" src=\"https:\/\/vos.homolog.arsnova.work\/wp-content\/uploads\/2021\/05\/Grande_midia2-176x300.jpeg\" alt=\"\" width=\"176\" height=\"300\" srcset=\"https:\/\/vos.homolog.arsnova.work\/wp-content\/uploads\/2021\/05\/Grande_midia2-176x300.jpeg 176w, https:\/\/vos.homolog.arsnova.work\/wp-content\/uploads\/2021\/05\/Grande_midia2-600x1024.jpeg 600w, https:\/\/vos.homolog.arsnova.work\/wp-content\/uploads\/2021\/05\/Grande_midia2.jpeg 750w\" sizes=\"auto, (max-width: 176px) 100vw, 176px\" \/><\/a>Acompanhando a cobertura televisiva, dos grandes portais e da imprensa hegem\u00f4nica a respeito do notici\u00e1rio pol\u00edtico em tempos de pandemia, n\u00e3o observo apenas erros. A <em>Folha de S\u00e3o Paulo<\/em>, por exemplo, colocou como manchete as manifesta\u00e7\u00f5es, destacando a grande ades\u00e3o em todo o Brasil. Por\u00e9m, de uma forma em geral, em se tratando de atos promovidos por movimentos sociais e partidos de esquerda, seria urgente que os grandes ve\u00edculos da imprensa dessem o bra\u00e7o a torcer e noticiassem essas manifesta\u00e7\u00f5es de forma ampla.\u00a0<\/span><\/p>\n<p style=\"text-align: justify;\"><span style=\"font-weight: 400;\">\u00a0<\/span><span style=\"font-weight: 400;\">No fim das contas, a minha cr\u00edtica n\u00e3o \u00e9 dirigida aos colegas de profiss\u00e3o. Pois a verdade \u00e9 que existe um sistema consolidado de interesses comerciais e pol\u00edticos na grande m\u00eddia, assim como em praticamente todas as empresas de grande porte. Contudo, algo precisa ser feito para alterar essas estruturas, pela sobreviv\u00eancia do bom jornalismo.\u00a0\u00a0<\/span><\/p>\n<h6>Uma nova \u00e9tica \u00e9 necess\u00e1ria<\/h6>\n<p style=\"text-align: justify;\"><span style=\"font-weight: 400;\">Nesse sentido, concordo com a vis\u00e3o do professor de Comunica\u00e7\u00e3o e jornalista Bernardo Kucinski no livro <\/span><a href=\"http:\/\/editoraunesp.com.br\/catalogo\/9788571395787,jornalismo-na-era-virtual#:~:text=Ensaios%20sobre%20o%20colapso%20da%20raz%C3%A3o%20%C3%A9tica&amp;text=O%20autor%2C%20Prof.,escritos%20entre%201998%20e%202004.\" target=\"_blank\" rel=\"noopener\"><i><span style=\"font-weight: 400;\">Jornalismo na era virtual &#8211;<\/span><\/i> <i><span style=\"font-weight: 400;\">Ensaios sobre o colapso da raz\u00e3o \u00e9tica<\/span><\/i><\/a><span style=\"font-weight: 400;\">.\u00a0<\/span><span style=\"font-weight: 400;\">No cap\u00edtulo <\/span><i><span style=\"font-weight: 400;\">Uma nova \u00e9tica para uma nova era<\/span><\/i><span style=\"font-weight: 400;\">, ele relata um incidente ocorrido durante a aula de um curso de p\u00f3s-gradua\u00e7\u00e3o. Quando comentou sobre a necessidade de \u00e9tica jornal\u00edstica na rotina das grandes reda\u00e7\u00f5es, teve uma surpresa. Imediatamente, foi recha\u00e7ado pelos alunos, profissionais formados h\u00e1 cerca de 10 anos e atuantes no mercado:<\/span><\/p>\n<p style=\"text-align: justify;\"><em><span style=\"font-weight: 400;\">\u201cO mote geral era que eu estava exigindo posturas irreais, que em todas as reda\u00e7\u00f5es o jornalista tem que fazer o que o patr\u00e3o manda e o que a publicidade manda. E choveram relatos pessoais de incidentes de supress\u00e3o de mat\u00e9rias, de opini\u00f5es, de trechos de pautas. [&#8230;] Era a revolta de toda uma categoria contra a exig\u00eancia de uma \u00e9tica. Perguntei a eles:\u00a0<\/span><span style=\"font-weight: 400;\">qual a diferen\u00e7a entre um m\u00e9dico que mata e um jornalista que mente? Ofendidos,\u00a0\u00a0<\/span><span style=\"font-weight: 400;\">n\u00e3o responderam.\u201d<\/span><\/em><\/p>\n<h6><strong>Uma mudan\u00e7a de atitude\u00a0<\/strong><\/h6>\n<p style=\"text-align: justify;\"><span style=\"font-weight: 400;\">Kucinski prossegue descrevendo o debate com seus alunos e conta que estes argumentaram precisarem ser jornalistas deixando, muito vezes, a \u00e9tica de lado:<\/span><\/p>\n<p style=\"text-align: justify;\"><em><span style=\"font-weight: 400;\">\u201cPor necessidade de sobreviv\u00eancia n\u00e3o sendo deles a culpa, e sim do sistema. [&#8230;] Disse [a eles] [&#8230;] que era um equ\u00edvoco pensarem que a viol\u00eancia intelectual que cada um deles sofria no dia a dia das reda\u00e7\u00f5es n\u00e3o teriam consequ\u00eancias de longo prazo.\u201d\u00a0<\/span><\/em><\/p>\n<h6>C\u00f3digo de \u00c9tica<\/h6>\n<p style=\"text-align: justify;\"><span style=\"font-weight: 400;\">\u00c9 sempre importante lembrar da exist\u00eancia do <a href=\"https:\/\/fenaj.org.br\/wp-content\/uploads\/2014\/06\/04-codigo_de_etica_dos_jornalistas_brasileiros.pdf\" target=\"_blank\" rel=\"noopener\">C\u00f3digo de \u00c9tica dos Jornalistas Brasileiros<\/a>. No cap\u00edtulo 2, o artigo de n\u00famero 6 destaca, como um dos deveres da profiss\u00e3o:<\/span><\/p>\n<p style=\"text-align: justify;\"><em><span style=\"font-weight: 400;\">\u201copor-se ao arb\u00edtrio, ao autoritarismo e \u00e0 opress\u00e3o, bem como defender os princ\u00edpios expressos na Declara\u00e7\u00e3o Universal dos Direitos Humanos.\u201d<\/span><\/em><\/p>\n<p style=\"text-align: justify;\"><span style=\"font-weight: 400;\">Por isso, defender a vacina\u00e7\u00e3o em massa contra a covid-19 e os protestos que exigem essa medida de sa\u00fade p\u00fablica para os brasileiros deveria ser um dever de todo o jornalista.\u00a0<\/span><\/p>\n<p style=\"text-align: justify;\"><span style=\"font-weight: 400;\">#forabolsonaro #vacina\u00e7\u00e3oj\u00e1\u00a0\u00a0<\/span><\/p>\n<p><em>Imagem: Ricardo Stuckert \/ Site Imagens P\u00fablicas<\/em><\/p>\n","protected":false},"excerpt":{"rendered":"<p>A grande m\u00eddia enfrenta, h\u00e1 algum tempo, uma crise de credibilidade perante uma parcela da sociedade brasileira. Enquanto isso, a [&hellip;]<\/p>\n","protected":false},"author":5,"featured_media":8160,"comment_status":"open","ping_status":"open","sticky":false,"template":"","format":"standard","meta":{"_acf_changed":false,"footnotes":""},"categories":[4],"tags":[2546,2543,2545,2544],"class_list":["post-8159","post","type-post","status-publish","format-standard","has-post-thumbnail","hentry","category-voos-literarios","tag-bernardo-kucinski","tag-grande-midia","tag-jornalismo-na-era-virtual-ensaios-sobre-o-colapso-da-razao-etica","tag-protestos-contra-bolsonaro"],"acf":[],"_links":{"self":[{"href":"https:\/\/vos.homolog.arsnova.work\/index.php?rest_route=\/wp\/v2\/posts\/8159","targetHints":{"allow":["GET"]}}],"collection":[{"href":"https:\/\/vos.homolog.arsnova.work\/index.php?rest_route=\/wp\/v2\/posts"}],"about":[{"href":"https:\/\/vos.homolog.arsnova.work\/index.php?rest_route=\/wp\/v2\/types\/post"}],"author":[{"embeddable":true,"href":"https:\/\/vos.homolog.arsnova.work\/index.php?rest_route=\/wp\/v2\/users\/5"}],"replies":[{"embeddable":true,"href":"https:\/\/vos.homolog.arsnova.work\/index.php?rest_route=%2Fwp%2Fv2%2Fcomments&post=8159"}],"version-history":[{"count":0,"href":"https:\/\/vos.homolog.arsnova.work\/index.php?rest_route=\/wp\/v2\/posts\/8159\/revisions"}],"wp:featuredmedia":[{"embeddable":true,"href":"https:\/\/vos.homolog.arsnova.work\/index.php?rest_route=\/wp\/v2\/media\/8160"}],"wp:attachment":[{"href":"https:\/\/vos.homolog.arsnova.work\/index.php?rest_route=%2Fwp%2Fv2%2Fmedia&parent=8159"}],"wp:term":[{"taxonomy":"category","embeddable":true,"href":"https:\/\/vos.homolog.arsnova.work\/index.php?rest_route=%2Fwp%2Fv2%2Fcategories&post=8159"},{"taxonomy":"post_tag","embeddable":true,"href":"https:\/\/vos.homolog.arsnova.work\/index.php?rest_route=%2Fwp%2Fv2%2Ftags&post=8159"}],"curies":[{"name":"wp","href":"https:\/\/api.w.org\/{rel}","templated":true}]}}