{"id":8152,"date":"2021-05-26T17:00:22","date_gmt":"2021-05-26T20:00:22","guid":{"rendered":"https:\/\/vos.homolog.arsnova.work\/?p=8152"},"modified":"2021-05-26T15:28:36","modified_gmt":"2021-05-26T18:28:36","slug":"bsv-especial-coronavirus-59-os-motoqueiros-lula-fhc-e-a-estatua","status":"publish","type":"post","link":"https:\/\/vos.homolog.arsnova.work\/?p=8152","title":{"rendered":"BSV Especial Coronav\u00edrus #59 Os motoqueiros, Lula, FHC e a est\u00e1tua"},"content":{"rendered":"<p class=\"p1\" style=\"text-align: justify;\"><strong>Nesta semana, Os motoqueiros de Bolsonaro versus Lula e FHC. E os bons ventos que sopram no Rio Grande do Sul.<\/strong><\/p>\n<p class=\"p1\" style=\"text-align: justify;\">No \u00faltimo final de semana, o Brasil assistiu um passeio do presidente Jair Bolsonaro com milhares de motoqueiros no Rio de Janeiro. O ato pol\u00edtico contou com a presen\u00e7a, inclusive, o GENERAL DA ATIVA Eduardo Pazuello. De novo, sem m\u00e1scara.<\/p>\n<h5 class=\"p1\" style=\"text-align: center;\">.<\/h5>\n<h5 class=\"p1\" style=\"text-align: center;\">O encontro reuniu pessoas MUITO preocupadas com o uso de m\u00e1scara, com a covid e com a vida dos brasileiros. S\u00d3 QUE N\u00c3O.<\/h5>\n<h5 class=\"p1\" style=\"text-align: center;\">.<\/h5>\n<p class=\"p1\" style=\"text-align: justify;\">A mobiliza\u00e7\u00e3o pr\u00f3-Bolsonaro acontece ap\u00f3s um encontro hist\u00f3rico para a pol\u00edtica brasileira. <a href=\"https:\/\/blogs.oglobo.globo.com\/bela-megale\/post\/conversa-de-lula-e-fhc-sobre-tregua-em-2022.html\" target=\"_blank\" rel=\"noopener\">Na \u00faltima sexta-feira, dia 21, os ex-presidentes Luiz In\u00e1cio Lula da Silva e Fernando Henrique Cardoso se encontraram na casa do ex-ministro Nelson Jobim para discutir como superar o bolsonarismo.<\/a> Frente ampla? Ou frente super-hiper-mega-blaster ampla?<\/p>\n<p class=\"p1\" style=\"text-align: justify;\">E para fechar em nota ainda melhor, um ciclone derrubou a est\u00e1tua da Havan que fica em Cap\u00e3o da Canoa, no litoral do Rio Grande do Sul. Bons ventos na pol\u00edtica brasileira, bons ventos. E ainda tem o depoimento da capit\u00e3 cloroquina e a lorota do email da Pfizer.<\/p>\n<p><b><strong>Participam os jornalistas Ge\u00f3rgia Santos, Fl\u00e1via Cunha, Igor Natusch e T\u00e9rcio Saccol.\u00a0<\/strong>Voc\u00ea tamb\u00e9m pode ouvir o epis\u00f3dio no\u00a0<a href=\"https:\/\/open.spotify.com\/show\/5I8zWzbmuDvEx9Wp6Gtnyd\"><span class=\"s1\">Spotify<\/span><\/a>,\u00a0<a href=\"https:\/\/podcasts.apple.com\/us\/podcast\/bendita-sois-v%C3%B3s\/id1436913300\"><span class=\"s1\">Itunes<\/span><\/a>\u00a0e\u00a0<a href=\"https:\/\/castbox.fm\/channel\/Bendita-Sois-V%C3%B3s-id1474946?country=br\"><span class=\"s1\">Castbox<\/span><\/a>.\u00a0<\/b><\/p>\n<p style=\"text-align: center;\"><iframe loading=\"lazy\" src=\"https:\/\/w.soundcloud.com\/player\/?url=https%3A\/\/api.soundcloud.com\/tracks\/1056161596%3Fsecret_token%3Ds-uQSzH7yOnx4&amp;color=%23ff5500&amp;auto_play=false&amp;hide_related=false&amp;show_comments=true&amp;show_user=true&amp;show_reposts=false&amp;show_teaser=true&amp;visual=true\" width=\"100%\" height=\"300\" frameborder=\"no\" scrolling=\"no\"><\/iframe><\/p>\n<div style=\"font-size: 10px; color: #cccccc; line-break: anywhere; word-break: normal; overflow: hidden; white-space: nowrap; text-overflow: ellipsis; font-family: Interstate, 'Lucida Grande', 'Lucida Sans Unicode', 'Lucida Sans', Garuda, Verdana, Tahoma, sans-serif; font-weight: 100; text-align: center;\"><a style=\"color: #cccccc; text-decoration: none;\" title=\"V\u00f3s Pessoas no Plural\" href=\"https:\/\/soundcloud.com\/vos-social\" target=\"_blank\" rel=\"noopener\">V\u00f3s Pessoas no Plural<\/a> \u00b7 <a style=\"color: #cccccc; text-decoration: none;\" title=\"BSV Especial Coronav\u00edrus #59 Os motoqueiros, Lula, FHC e a est\u00e1tua\" href=\"https:\/\/soundcloud.com\/vos-social\/bsv-especial-coronavirus-59-os-motoqueiros-lula-fhc-e-a-estatua\/s-uQSzH7yOnx4\" target=\"_blank\" rel=\"noopener\">BSV Especial Coronav\u00edrus #59 Os motoqueiros, Lula, FHC e a est\u00e1tua<\/a><\/div>\n","protected":false},"excerpt":{"rendered":"<p>Nesta semana, Os motoqueiros de Bolsonaro versus Lula e FHC. E os bons ventos que sopram no Rio Grande do [&hellip;]<\/p>\n","protected":false},"author":3,"featured_media":8153,"comment_status":"open","ping_status":"open","sticky":false,"template":"","format":"standard","meta":{"_acf_changed":false,"footnotes":""},"categories":[1541],"tags":[],"class_list":["post-8152","post","type-post","status-publish","format-standard","has-post-thumbnail","hentry","category-podcasts"],"acf":[],"_links":{"self":[{"href":"https:\/\/vos.homolog.arsnova.work\/index.php?rest_route=\/wp\/v2\/posts\/8152","targetHints":{"allow":["GET"]}}],"collection":[{"href":"https:\/\/vos.homolog.arsnova.work\/index.php?rest_route=\/wp\/v2\/posts"}],"about":[{"href":"https:\/\/vos.homolog.arsnova.work\/index.php?rest_route=\/wp\/v2\/types\/post"}],"author":[{"embeddable":true,"href":"https:\/\/vos.homolog.arsnova.work\/index.php?rest_route=\/wp\/v2\/users\/3"}],"replies":[{"embeddable":true,"href":"https:\/\/vos.homolog.arsnova.work\/index.php?rest_route=%2Fwp%2Fv2%2Fcomments&post=8152"}],"version-history":[{"count":0,"href":"https:\/\/vos.homolog.arsnova.work\/index.php?rest_route=\/wp\/v2\/posts\/8152\/revisions"}],"wp:featuredmedia":[{"embeddable":true,"href":"https:\/\/vos.homolog.arsnova.work\/index.php?rest_route=\/wp\/v2\/media\/8153"}],"wp:attachment":[{"href":"https:\/\/vos.homolog.arsnova.work\/index.php?rest_route=%2Fwp%2Fv2%2Fmedia&parent=8152"}],"wp:term":[{"taxonomy":"category","embeddable":true,"href":"https:\/\/vos.homolog.arsnova.work\/index.php?rest_route=%2Fwp%2Fv2%2Fcategories&post=8152"},{"taxonomy":"post_tag","embeddable":true,"href":"https:\/\/vos.homolog.arsnova.work\/index.php?rest_route=%2Fwp%2Fv2%2Ftags&post=8152"}],"curies":[{"name":"wp","href":"https:\/\/api.w.org\/{rel}","templated":true}]}}