{"id":8141,"date":"2021-05-24T18:42:15","date_gmt":"2021-05-24T21:42:15","guid":{"rendered":"https:\/\/vos.homolog.arsnova.work\/?p=8141"},"modified":"2021-05-24T18:42:15","modified_gmt":"2021-05-24T21:42:15","slug":"rir-e-um-ato-de-resistencia-parte-2","status":"publish","type":"post","link":"https:\/\/vos.homolog.arsnova.work\/?p=8141","title":{"rendered":"Rir \u00e9 um ato de resist\u00eancia (Parte 2)"},"content":{"rendered":"<p style=\"text-align: justify\"><span style=\"font-weight: 400\">Prosseguindo na homenagem ao humorista Paulo Gustavo, que dizia que \u201c<a href=\"https:\/\/vos.homolog.arsnova.work\/voos-literarios\/rir-e-um-ato-de-resistencia-desde-sempre\/\" target=\"_blank\" rel=\"noopener\">rir \u00e9 um ato de resist\u00eancia<\/a>\u201d, hoje abordaremos o humor pol\u00edtico da Era Vargas at\u00e9 os dias atuais. Nesse sentido, \u00e9 bom esclarecer que \u00e9 completamente de gosto pessoal esta sele\u00e7\u00e3o de tr\u00eas profissionais para destacar em um per\u00edodo cronol\u00f3gico t\u00e3o vasto. Por\u00e9m, encontro nessa escolha pelo menos um fator em comum: a subvers\u00e3o. Isso, claro, no melhor sentido deste termo, pois s\u00e3o pessoas que n\u00e3o se deixaram submeter \u00e0 normas e regras de autoridades com perfis ditatoriais.<\/span><\/p>\n<h6 style=\"text-align: justify\">Um humorista contra Vargas<\/h6>\n<p style=\"text-align: justify\"><span style=\"font-weight: 400\"><a href=\"https:\/\/vos.homolog.arsnova.work\/wp-content\/uploads\/2021\/05\/barao_itarare_humor_politico.jpg\"><img loading=\"lazy\" decoding=\"async\" class=\"size-medium wp-image-8142 alignleft\" src=\"https:\/\/vos.homolog.arsnova.work\/wp-content\/uploads\/2021\/05\/barao_itarare_humor_politico-212x300.jpg\" alt=\"\" width=\"212\" height=\"300\" srcset=\"https:\/\/vos.homolog.arsnova.work\/wp-content\/uploads\/2021\/05\/barao_itarare_humor_politico-212x300.jpg 212w, https:\/\/vos.homolog.arsnova.work\/wp-content\/uploads\/2021\/05\/barao_itarare_humor_politico-1086x1536.jpg 1086w, https:\/\/vos.homolog.arsnova.work\/wp-content\/uploads\/2021\/05\/barao_itarare_humor_politico-768x1086.jpg 768w, https:\/\/vos.homolog.arsnova.work\/wp-content\/uploads\/2021\/05\/barao_itarare_humor_politico-724x1024.jpg 724w, https:\/\/vos.homolog.arsnova.work\/wp-content\/uploads\/2021\/05\/barao_itarare_humor_politico.jpg 1448w\" sizes=\"auto, (max-width: 212px) 100vw, 212px\" \/><\/a>Dentro da Hist\u00f3ria do Brasil,\u00a0 sempre \u00e9 importante lembrar que n\u00e3o somente de fardas e hierarquias militares se fizeram ditaduras. Entre 1930 e 1945, o civil Get\u00falio Vargas manteve-se no poder de forma autorit\u00e1ria. Nesse per\u00edodo, um de seus grandes opositores foi um humorista que resolveu se autodenominar nobre. O Bar\u00e3o de Itarar\u00e9, um dos heter\u00f4nimos do jornalista e escritor Appar\u00edcio Torelly (1895-1971), era um aberto opositor do governo Vargas. Pelas suas atividades na imprensa, chegou a ser preso em 1932 e 1935.\u00a0<\/span><\/p>\n<p style=\"text-align: justify\"><span style=\"font-weight: 400\">No jornal <\/span><i><span style=\"font-weight: 400\">A Manha<\/span><\/i><span style=\"font-weight: 400\">, um seman\u00e1rio carioca de s\u00e1tira pol\u00edtica, costumava se referir ao ditador como G. T\u00falio Vargas, criando hist\u00f3rias fict\u00edcias e cheias de ironia a respeito deste personagem.\u00a0Um exemplo est\u00e1 na imagem ao lado, da capa de 9 de mar\u00e7o de 1933, retirada da disserta\u00e7\u00e3o de mestrado <a href=\"https:\/\/www.lume.ufrgs.br\/handle\/10183\/24327\" target=\"_blank\" rel=\"noopener\"><em>Um nobre buf\u00e3o no reino da grande imprensa<\/em><\/a>, de autoria de Rodrigo Jacobus.\u00a0<\/span><\/p>\n<p style=\"text-align: justify\"><span style=\"font-weight: 400\">Al\u00e9m de sua postura cr\u00edtica perante a ditadura de Vargas, Appar\u00edcio Torelly tamb\u00e9m promoveu campanhas antifascistas no peri\u00f3dico, mostrando que o humor pol\u00edtico de qualidade sabe muito bem de qual lado do espectro pol\u00edtico deve estar posicionado, independente do per\u00edodo hist\u00f3rico.\u00a0 Ap\u00f3s o fim da ditadura de Vargas e a posterior anistia pol\u00edtica, que o beneficiou, comentou:<\/span><\/p>\n<h6 style=\"text-align: justify\"><em><span style=\"font-weight: 400\">\u201cA anistia \u00e9 um ato pelo qual os governos resolvem perdoar generosamente as injusti\u00e7as e os crimes que eles mesmos cometeram.\u201d<\/span><\/em><\/h6>\n<h6 style=\"text-align: justify\">O humor pol\u00edtico no combate \u00e0 ditadura<\/h6>\n<p style=\"text-align: justify\"><span style=\"font-weight: 400\"><a href=\"https:\/\/vos.homolog.arsnova.work\/wp-content\/uploads\/2021\/05\/henfil_humor_politico.jpg\"><img loading=\"lazy\" decoding=\"async\" class=\"size-medium wp-image-8143 alignleft\" src=\"https:\/\/vos.homolog.arsnova.work\/wp-content\/uploads\/2021\/05\/henfil_humor_politico-300x202.jpg\" alt=\"\" width=\"300\" height=\"202\" srcset=\"https:\/\/vos.homolog.arsnova.work\/wp-content\/uploads\/2021\/05\/henfil_humor_politico-300x202.jpg 300w, https:\/\/vos.homolog.arsnova.work\/wp-content\/uploads\/2021\/05\/henfil_humor_politico-110x73.jpg 110w, https:\/\/vos.homolog.arsnova.work\/wp-content\/uploads\/2021\/05\/henfil_humor_politico.jpg 650w\" sizes=\"auto, (max-width: 300px) 100vw, 300px\" \/><\/a>Dentre todos os humoristas contr\u00e1rios \u00e0 ditadura militar brasileira, escolhi o cartunista e escritor Henfil (1944-1988).\u00a0 Come\u00e7ando a atuar profissionalmente em 1964, Henrique de Souza Filho ficou conhecido como um dos maiores inimigos do regime militar. Entre 1969 e 1970, essa posi\u00e7\u00e3o fica mais evidente, em suas contribui\u00e7\u00f5es para <\/span><i><span style=\"font-weight: 400\">O Pasquim<\/span><\/i><span style=\"font-weight: 400\"> e a revista <\/span><i><span style=\"font-weight: 400\">Fradim<\/span><\/i><span style=\"font-weight: 400\">.\u00a0 Um exemplo do humor deste cartunista genial est\u00e1 na tirinha ao lado. Os personagens s\u00e3o crian\u00e7as contando a profiss\u00e3o paterna,\u00a0at\u00e9 chegarmos no \u00faltimo relato do primeiro quadrinho. Ali, a crian\u00e7a fala que seu pai trabalha como censor. A rea\u00e7\u00e3o infantil de medo diz muito sobre o per\u00edodo de torturas e persegui\u00e7\u00f5es a artistas e jornalistas ocorridas naquela \u00e9poca.<\/span><\/p>\n<p style=\"text-align: justify\"><span style=\"font-weight: 400\">Ainda muito lembrado nos dias atuais,\u00a0 um dos trabalhos de Henfil que teve releituras realizadas recentemente \u00e9 a s\u00e9rie de cartuns que ficou conhecida como <strong>O Cemit\u00e9rio dos Mortos Vivos. <\/strong>Nestes quadrinhos,\u00a0havia o enterro simb\u00f3lico de personalidades consideradas por Henfil como apoiadoras da ditadura.\u00a0<\/span><\/p>\n<p style=\"text-align: justify\"><span style=\"font-weight: 400\">Para quem quiser saber mais sobre o pensamento deste cartunista, em 1984, ele concedeu uma entrevista que virou o livro <a href=\"https:\/\/www.kuarup.com.br\/editora-2b-como-se-faz-humor-politico-2\/\" target=\"_blank\" rel=\"noopener\"><em>Como se faz humor pol\u00edtico<\/em><\/a>, relan\u00e7ado pela editora Kuarup.\u00a0<\/span><\/p>\n<h6 style=\"text-align: justify\"><b>Rir \u00e9 um ato de resist\u00eancia (ainda hoje)<\/b><\/h6>\n<p style=\"text-align: justify\"><span style=\"font-weight: 400\"><a href=\"https:\/\/vos.homolog.arsnova.work\/wp-content\/uploads\/2021\/05\/laerte_humor_politico.jpg\"><img loading=\"lazy\" decoding=\"async\" class=\"size-medium wp-image-8144 alignleft\" src=\"https:\/\/vos.homolog.arsnova.work\/wp-content\/uploads\/2021\/05\/laerte_humor_politico-300x205.jpg\" alt=\"\" width=\"300\" height=\"205\" srcset=\"https:\/\/vos.homolog.arsnova.work\/wp-content\/uploads\/2021\/05\/laerte_humor_politico-300x205.jpg 300w, https:\/\/vos.homolog.arsnova.work\/wp-content\/uploads\/2021\/05\/laerte_humor_politico.jpg 473w\" sizes=\"auto, (max-width: 300px) 100vw, 300px\" \/><\/a>N\u00e3o \u00e9 \u00e0 toa que destaco a cartunista Laerte Coutinho como representante da oposi\u00e7\u00e3o ao governo Bolsonaro. Al\u00e9m de ser uma das quadrinistas mais reconhecidas em atividade no Brasil, seu trabalho \u00e9 claramente pol\u00edtico. Para completar, contribuiu, com material in\u00e9dito, para a exposi\u00e7\u00e3o <a href=\"http:\/\/memorialdaresistenciasp.org.br\/catalogo-exposicao-orgulho-resistencias\/\" target=\"_blank\" rel=\"noopener\"><em>Orgulho e Resist\u00eancias<\/em><\/a>, um recorte sobre a luta LGBT durante a ditadura militar. \u00c9 sempre relevante enfatizar que, nessa tentativa atual de controle conservador por parte de uma figura autorit\u00e1ria &#8211; ainda que eleita por via democr\u00e1tica -, h\u00e1 uma persegui\u00e7\u00e3o \u00e0 diversidade sexual e de g\u00eanero. Por isso, o engajamento da cartunista Laerte \u00e0 luta LGBTQIA+ tamb\u00e9m \u00e9 um ato politico de resist\u00eancia nos tempos cinzentos no quais vivemos.\u00a0 <\/span><\/p>\n<p style=\"text-align: justify\"><span style=\"font-weight: 400\">\u00a0<\/span><span style=\"font-weight: 400\">Para quem quiser conferir uma colet\u00e2nea in\u00e9dita do trabalho da cartunista, <em>Manual do Minotauro<\/em> est\u00e1 em <a href=\"https:\/\/www.companhiadasletras.com.br\/detalhe.php?codigo=65038\" target=\"_blank\" rel=\"noopener\">pr\u00e9-venda<\/a>.\u00a0<\/span><\/p>\n<h6 style=\"text-align: justify\">O humor nos permite prosseguir<\/h6>\n<p style=\"text-align: justify\">Em meio \u00e0 uma crise pol\u00edtica e sanit\u00e1ria sem precedentes, precisamos encontrar for\u00e7as para continuar na luta, cada um \u00e0 sua maneira. Outro humorista que recomendo \u00e9 Jos\u00e9 Sim\u00e3o, que costumava dizer que o Brasil era o pa\u00eds da piada pronta. Recentemente, em sua conta no <a href=\"https:\/\/twitter.com\/jose_simao\" target=\"_blank\" rel=\"noopener\">Twitter<\/a>,\u00a0 escreveu que &#8220;o Brasil virou o pa\u00eds da mentira pronta&#8221;.<\/p>\n<p style=\"text-align: justify\">\u00c9 rir para n\u00e3o chorar.\u00a0 De raiva.<\/p>\n<p><em>Imagens: Reprodu\u00e7\u00f5es\/Internet<\/em><\/p>\n<p>&nbsp;<\/p>\n<p>&nbsp;<\/p>\n<p>&nbsp;<\/p>\n<p>&nbsp;<\/p>\n<p>&nbsp;<\/p>\n<p>&nbsp;<\/p>\n","protected":false},"excerpt":{"rendered":"<p>Prosseguindo na homenagem ao humorista Paulo Gustavo, que dizia que \u201crir \u00e9 um ato de resist\u00eancia\u201d, hoje abordaremos o humor [&hellip;]<\/p>\n","protected":false},"author":5,"featured_media":8148,"comment_status":"open","ping_status":"open","sticky":false,"template":"","format":"standard","meta":{"_acf_changed":false,"footnotes":""},"categories":[4],"tags":[2541,2540,2528,2539,2535],"class_list":["post-8141","post","type-post","status-publish","format-standard","has-post-thumbnail","hentry","category-voos-literarios","tag-barao-de-itarare","tag-henfil","tag-humor-politico","tag-laerte-coutinho","tag-rir-e-um-ato-de-resistencia"],"acf":[],"_links":{"self":[{"href":"https:\/\/vos.homolog.arsnova.work\/index.php?rest_route=\/wp\/v2\/posts\/8141","targetHints":{"allow":["GET"]}}],"collection":[{"href":"https:\/\/vos.homolog.arsnova.work\/index.php?rest_route=\/wp\/v2\/posts"}],"about":[{"href":"https:\/\/vos.homolog.arsnova.work\/index.php?rest_route=\/wp\/v2\/types\/post"}],"author":[{"embeddable":true,"href":"https:\/\/vos.homolog.arsnova.work\/index.php?rest_route=\/wp\/v2\/users\/5"}],"replies":[{"embeddable":true,"href":"https:\/\/vos.homolog.arsnova.work\/index.php?rest_route=%2Fwp%2Fv2%2Fcomments&post=8141"}],"version-history":[{"count":0,"href":"https:\/\/vos.homolog.arsnova.work\/index.php?rest_route=\/wp\/v2\/posts\/8141\/revisions"}],"wp:featuredmedia":[{"embeddable":true,"href":"https:\/\/vos.homolog.arsnova.work\/index.php?rest_route=\/wp\/v2\/media\/8148"}],"wp:attachment":[{"href":"https:\/\/vos.homolog.arsnova.work\/index.php?rest_route=%2Fwp%2Fv2%2Fmedia&parent=8141"}],"wp:term":[{"taxonomy":"category","embeddable":true,"href":"https:\/\/vos.homolog.arsnova.work\/index.php?rest_route=%2Fwp%2Fv2%2Fcategories&post=8141"},{"taxonomy":"post_tag","embeddable":true,"href":"https:\/\/vos.homolog.arsnova.work\/index.php?rest_route=%2Fwp%2Fv2%2Ftags&post=8141"}],"curies":[{"name":"wp","href":"https:\/\/api.w.org\/{rel}","templated":true}]}}