{"id":8137,"date":"2021-05-20T17:01:11","date_gmt":"2021-05-20T20:01:11","guid":{"rendered":"https:\/\/vos.homolog.arsnova.work\/?p=8137"},"modified":"2021-05-20T17:01:11","modified_gmt":"2021-05-20T20:01:11","slug":"bsv-especial-coronavirus-58-o-depoimento-mentiroso-de-pazuello","status":"publish","type":"post","link":"https:\/\/vos.homolog.arsnova.work\/?p=8137","title":{"rendered":"BSV Especial Coronav\u00edrus #58 O depoimento mentiroso de Pazuello"},"content":{"rendered":"<p class=\"p1\" style=\"text-align: justify;\"><b>No epis\u00f3dio desta semana, o depoimento mentiroso de Pazuello na CPI da Covid. E a gente n\u00e3o esqueceu de Ricardo Salles. <\/b><\/p>\n<p class=\"p1\" style=\"text-align: justify;\">O ex-ministro da Sa\u00fade general Eduardo Pazuello prestou depoimento ao longo de quarta e quinta-feira na CPI da Covid, no Senado. Ele foi questionado sobre recomenda\u00e7\u00f5es para o uso da cloroquina, sobre a demora do Brasil em adquirir doses de vacinas contra a Covid-19, sobre a falta de oxig\u00eanio no Amazonas, sobre n\u00e3o ter usado m\u00e1scara em passeio no shopping, sobre n\u00e3o defender distanciamento, sobre as posturas dele mesmo e do presidente Jair Bolsonaro. E mentiu.<\/p>\n<h5 style=\"text-align: center;\">.<\/h5>\n<h5 style=\"text-align: center;\">Pazuello mentiu, mentiu e mentiu<\/h5>\n<h5 style=\"text-align: center;\">.<\/h5>\n<p class=\"p1\" style=\"text-align: justify;\">Alguns questionaram as contradi\u00e7\u00f5es e mentiras, como o senador Eduardo Braga, do MDB do Amazonas.\u00a0Outros questionaram a compet\u00eancia, como o senador Otto Alencar, do PSD da Bahia. Outros, questionaram a palavra de Bolsonaro, como o senador Randolfe Rodrigues, da Rede do Amap\u00e1.\u00a0E agora estamos aqui, para destrinchar as mentiras e as repercuss\u00f5es do depoimento de Eduardo Pazuello.<\/p>\n<p class=\"p1\" style=\"text-align: justify;\">Sem esquecer que a Pol\u00edcia Federal deflagrou, na \u00faltima quarta-feira (19) uma opera\u00e7\u00e3o que teve como alvo o ministro do Meio Ambiente, <a href=\"https:\/\/www.bbc.com\/portuguese\/brasil-57173176\" target=\"_blank\" rel=\"noopener\">Ricardo Salles, por suspeitas de exporta\u00e7\u00e3o ilegal de madeira<\/a>.<\/p>\n<p class=\"p1\" style=\"text-align: justify;\"><b><strong>Participam os jornalistas Ge\u00f3rgia Santos, Fl\u00e1via Cunha, Igor Natusch e T\u00e9rcio Saccol.\u00a0<\/strong>Voc\u00ea tamb\u00e9m pode ouvir o epis\u00f3dio no\u00a0<a href=\"https:\/\/open.spotify.com\/show\/5I8zWzbmuDvEx9Wp6Gtnyd\"><span class=\"s1\">Spotify<\/span><\/a>,\u00a0<a href=\"https:\/\/podcasts.apple.com\/us\/podcast\/bendita-sois-v%C3%B3s\/id1436913300\"><span class=\"s1\">Itunes<\/span><\/a>\u00a0e\u00a0<a href=\"https:\/\/castbox.fm\/channel\/Bendita-Sois-V%C3%B3s-id1474946?country=br\"><span class=\"s1\">Castbox<\/span><\/a>.\u00a0<\/b><\/p>\n<p style=\"text-align: center;\"><iframe loading=\"lazy\" src=\"https:\/\/w.soundcloud.com\/player\/?url=https%3A\/\/api.soundcloud.com\/tracks\/1052424928%3Fsecret_token%3Ds-2Txbr9KjmIn&amp;color=%23ff5500&amp;auto_play=false&amp;hide_related=false&amp;show_comments=true&amp;show_user=true&amp;show_reposts=false&amp;show_teaser=true&amp;visual=true\" width=\"100%\" height=\"300\" frameborder=\"no\" scrolling=\"no\"><\/iframe><\/p>\n<div style=\"font-size: 10px; color: #cccccc; line-break: anywhere; word-break: normal; overflow: hidden; white-space: nowrap; text-overflow: ellipsis; font-family: Interstate, 'Lucida Grande', 'Lucida Sans Unicode', 'Lucida Sans', Garuda, Verdana, Tahoma, sans-serif; font-weight: 100; text-align: center;\"><a style=\"color: #cccccc; text-decoration: none;\" title=\"V\u00f3s Pessoas no Plural\" href=\"https:\/\/soundcloud.com\/vos-social\" target=\"_blank\" rel=\"noopener\">V\u00f3s Pessoas no Plural<\/a> \u00b7 <a style=\"color: #cccccc; text-decoration: none;\" title=\"BSV Especial Coronav\u00edrus #58 O depoimento mentiroso de Pazuello\" href=\"https:\/\/soundcloud.com\/vos-social\/bsv-especial-coronavirus-58-o-depoimento-mentiroso-de-pazuello\/s-2Txbr9KjmIn\" target=\"_blank\" rel=\"noopener\">BSV Especial Coronav\u00edrus #58 O depoimento mentiroso de Pazuello<\/a><\/div>\n","protected":false},"excerpt":{"rendered":"<p>No epis\u00f3dio desta semana, o depoimento mentiroso de Pazuello na CPI da Covid. E a gente n\u00e3o esqueceu de Ricardo [&hellip;]<\/p>\n","protected":false},"author":3,"featured_media":8138,"comment_status":"open","ping_status":"open","sticky":false,"template":"","format":"standard","meta":{"_acf_changed":false,"footnotes":""},"categories":[1541],"tags":[1517,870,708,2196,2158,2188,2516,1653,2165,2519,228,2538],"class_list":["post-8137","post","type-post","status-publish","format-standard","has-post-thumbnail","hentry","category-podcasts","tag-ambiente","tag-bolsonaro","tag-brasilia","tag-corona","tag-coronavirus","tag-covid","tag-cpi","tag-governo","tag-pandemia","tag-pazuello","tag-politica","tag-salles"],"acf":[],"_links":{"self":[{"href":"https:\/\/vos.homolog.arsnova.work\/index.php?rest_route=\/wp\/v2\/posts\/8137","targetHints":{"allow":["GET"]}}],"collection":[{"href":"https:\/\/vos.homolog.arsnova.work\/index.php?rest_route=\/wp\/v2\/posts"}],"about":[{"href":"https:\/\/vos.homolog.arsnova.work\/index.php?rest_route=\/wp\/v2\/types\/post"}],"author":[{"embeddable":true,"href":"https:\/\/vos.homolog.arsnova.work\/index.php?rest_route=\/wp\/v2\/users\/3"}],"replies":[{"embeddable":true,"href":"https:\/\/vos.homolog.arsnova.work\/index.php?rest_route=%2Fwp%2Fv2%2Fcomments&post=8137"}],"version-history":[{"count":0,"href":"https:\/\/vos.homolog.arsnova.work\/index.php?rest_route=\/wp\/v2\/posts\/8137\/revisions"}],"wp:featuredmedia":[{"embeddable":true,"href":"https:\/\/vos.homolog.arsnova.work\/index.php?rest_route=\/wp\/v2\/media\/8138"}],"wp:attachment":[{"href":"https:\/\/vos.homolog.arsnova.work\/index.php?rest_route=%2Fwp%2Fv2%2Fmedia&parent=8137"}],"wp:term":[{"taxonomy":"category","embeddable":true,"href":"https:\/\/vos.homolog.arsnova.work\/index.php?rest_route=%2Fwp%2Fv2%2Fcategories&post=8137"},{"taxonomy":"post_tag","embeddable":true,"href":"https:\/\/vos.homolog.arsnova.work\/index.php?rest_route=%2Fwp%2Fv2%2Ftags&post=8137"}],"curies":[{"name":"wp","href":"https:\/\/api.w.org\/{rel}","templated":true}]}}