{"id":8127,"date":"2021-05-17T17:14:59","date_gmt":"2021-05-17T20:14:59","guid":{"rendered":"https:\/\/vos.homolog.arsnova.work\/?p=8127"},"modified":"2021-05-17T17:14:59","modified_gmt":"2021-05-17T20:14:59","slug":"rir-e-um-ato-de-resistencia-desde-sempre","status":"publish","type":"post","link":"https:\/\/vos.homolog.arsnova.work\/?p=8127","title":{"rendered":"Rir \u00e9 um ato de resist\u00eancia (desde sempre)"},"content":{"rendered":"<p style=\"text-align: justify\"><span style=\"font-weight: 400\">O humorista <a href=\"https:\/\/vos.homolog.arsnova.work\/voos-literarios\/paulo-gustavo-presente\/\" target=\"_blank\" rel=\"noopener\">Paulo Gustavo<\/a>, recentemente falecido, disse em uma das suas \u00faltimas participa\u00e7\u00f5es na televis\u00e3o que \u201crir \u00e9 um ato de resist\u00eancia\u201d. E como estamos precisando do riso no Brasil da pandemia, j\u00e1 que enfrentamos o luto coletivo e crescente das v\u00edtimas do coronav\u00edrus enquanto assistimos \u00e0 CPI da Covid, que mostra a incompet\u00eancia criminosa de um governo pouco preocupado com a vida da popula\u00e7\u00e3o.\u00a0<\/span><\/p>\n<p style=\"text-align: justify\"><span style=\"font-weight: 400\">Junto \u00e0s v\u00edtimas da pandemia, ainda precisamos lidar com perdas de personalidades relevantes no meio cultural, como a atriz Eva Wilma. Ela faleceu em decorr\u00eancia de um c\u00e2ncer, mas nossas mentes cansadas da morte contabilizam tudo junto., em uma percep\u00e7\u00e3o generalizada de que 2021 \u00e9 um ano muito desafiador para quem tem dentro si sensibilidade e humanidade.\u00a0\u00a0<\/span><\/p>\n<p style=\"text-align: justify\"><span style=\"font-weight: 400\">Neste contexto desolador, talvez pare\u00e7a mau gosto falar em riso e humor. Por\u00e9m, como bem lembrou Paulo Gustavo, rir \u00e9 um ato de resist\u00eancia, al\u00e9m de ser necess\u00e1rio para a nossa sa\u00fade mental. Sendo assim, \u00e9 bom enfatizar o quanto o humor pode ser transgressor e incomodar quem est\u00e1 no poder. Afinal, quem j\u00e1 n\u00e3o viu bolsonaristas revoltados com alguma piada envolvendo seu <a href=\"https:\/\/vos.homolog.arsnova.work\/voos-literarios\/cpi-da-pandemia-o-fim-do-mito\/\" target=\"_blank\" rel=\"noopener\">\u201cmito\u2019<\/a>? Historicamente, o recurso de usar o humor como uma forma de contesta\u00e7\u00e3o pol\u00edtica est\u00e1 presente no Brasil desde antes de o pa\u00eds ser uma rep\u00fablica.<\/span><\/p>\n<h6>A resist\u00eancia abolicionista<\/h6>\n<p style=\"text-align: justify\"><span style=\"font-weight: 400\"><a href=\"https:\/\/vos.homolog.arsnova.work\/wp-content\/uploads\/2021\/05\/humor_politico_agostini.jpe\"><img loading=\"lazy\" decoding=\"async\" class=\" wp-image-8132 alignleft\" src=\"https:\/\/vos.homolog.arsnova.work\/wp-content\/uploads\/2021\/05\/humor_politico_agostini.jpe\" alt=\"\" width=\"217\" height=\"326\" \/><\/a>\u00c9 o caso do trabalho de Angelo Agostini (1843-1910), considerado um dos precursores do humor pol\u00edtico no pa\u00eds ainda no final do s\u00e9culo XIX, Este italiano radicado em S\u00e3o Paulo e depois no Rio de Janeiro\u00a0<\/span><span style=\"font-weight: 400\">come\u00e7ou a atuar na imprensa brasileira em 1864. Era\u00a0 um profissional bastante completo, sendo caricaturista e um dos inventores das hist\u00f3rias em quadrinhos, ao mesmo tempo em que era rep\u00f3rter e editor. Aliado a isso, foi militante pol\u00edtico e um grande cr\u00edtico do imp\u00e9rio e da escravid\u00e3o. <\/span><\/p>\n<p style=\"text-align: justify\"><span style=\"font-weight: 400\">Um exemplo de desenho de Agostini est\u00e1 ao lado, \u201cA grande degringolada\u201d, foi publicado na <em>Revista Illustrada<\/em>, do Rio, em 1885. Na legenda, um alerta:\u00a0<\/span><span style=\"font-weight: 400\">\u201cQuando o pa\u00eds se resolver a quebrar os ferros e gritar liberdade!\u201d. A caricatura \u00e9 um apoio expl\u00edcito \u00e0 necess\u00e1ria revolta de negros e ind\u00edgenas ao regime pol\u00edtico opressor daquele \u00e9poca.\u00a0 <\/span><span style=\"font-weight: 400\">Para quem quiser saber mais detalhes da vida e obra desse pioneiro da caricatura no Brasil, a sugest\u00e3o \u00e9 o livro <\/span><a href=\"https:\/\/www.editoraunicamp.com.br\/produto\/166\/poeta-do-lapis--satira-e-politica-na-trajetoria-de-angelo-agostini-no-brasil-imperial-1864-1888\" target=\"_blank\" rel=\"noopener\"><i><span style=\"font-weight: 400\">Poeta do l\u00e1pis: s\u00e1tira e pol\u00edtica na trajet\u00f3ria de Angelo Agostini no Brasil Imperial (1864 0 1888)<\/span><\/i><\/a><span style=\"font-weight: 400\">, de Marcelo Balaban.<\/span><\/p>\n<h6><strong>A primeira mulher caricaturista<\/strong><\/h6>\n<p style=\"text-align: justify\"><span style=\"font-weight: 400\"><a href=\"https:\/\/vos.homolog.arsnova.work\/wp-content\/uploads\/2021\/05\/humor_politco.png\"><img loading=\"lazy\" decoding=\"async\" class=\"size-medium wp-image-8129 alignleft\" src=\"https:\/\/vos.homolog.arsnova.work\/wp-content\/uploads\/2021\/05\/humor_politco-190x300.png\" alt=\"\" width=\"190\" height=\"300\" srcset=\"https:\/\/vos.homolog.arsnova.work\/wp-content\/uploads\/2021\/05\/humor_politco-190x300.png 190w, https:\/\/vos.homolog.arsnova.work\/wp-content\/uploads\/2021\/05\/humor_politco.png 261w\" sizes=\"auto, (max-width: 190px) 100vw, 190px\" \/><\/a>No in\u00edcio do Brasil Rep\u00fablica, uma mulher chamava a aten\u00e7\u00e3o por seu jeito controverso para seu tempo. Dentre suas ousadias, estava a de criar caricaturas e conseguir com que fossem publicadas no Brasil e Europa. Nair de Teff\u00e9 (1886 &#8211; 1981), filha do famoso Bar\u00e3o de Teff\u00e9, \u00e9 tida por muitos historiadores como a primeira mulher caricaturista do mundo. Assinando seus desenhos como Rian, seu nome ao contr\u00e1rio, teve seus trabalhos inclu\u00eddos em revistas como <\/span><i><span style=\"font-weight: 400\">O Malho<\/span><\/i><span style=\"font-weight: 400\">, <\/span><i><span style=\"font-weight: 400\">Fon-Fon<\/span><\/i><span style=\"font-weight: 400\">, <\/span><i><span style=\"font-weight: 400\">Le Rire<\/span><\/i><span style=\"font-weight: 400\"> e <\/span><i><span style=\"font-weight: 400\">Excelsior.<\/span><\/i><\/p>\n<p style=\"text-align: justify\"><span style=\"font-weight: 400\">Entrou de vez para o mundo da pol\u00edtica ao casar com o ent\u00e3o presidente Hermes da Fonseca, em 1913. O casamento n\u00e3o a impediu de seguir com suas caricaturas. Seus desenhos provocavam o pavor das senhoras da alta sociedade, que temiam o tra\u00e7o humor\u00edstico e sat\u00edrico empregado por Nair. Dentre os pol\u00edticos retratados pela caricaturista, est\u00e3o Juscelino Kubitschek, J\u00e2nio Quadros, Fidel Castro e Ruy Barbosa. Este \u00faltimo foi um declarado inimigo de Nair, um conservador que achava desprez\u00edvel uma primeira-dama que tocava, ao viol\u00e3o, m\u00fasicas de Chiquinha Gonzaga no Pal\u00e1cio do Catete.\u00a0<\/span><span style=\"font-weight: 400\">Os interessados em conhecer melhor a trajet\u00f3ria dessa mulher incr\u00edvel podem ler a obra <\/span><a href=\"https:\/\/www.editoraappris.com.br\/produto\/1420-nair-de-teff-artista-do-lpis-e-do-riso\" target=\"_blank\" rel=\"noopener\"><i><span style=\"font-weight: 400\">Nair de Teff\u00e9: Artista do L\u00e1pis e do Riso<\/span><\/i><\/a><span style=\"font-weight: 400\">.\u00a0 de Maria de F\u00e1tima Hanaque Campos.\u00a0<\/span><\/p>\n<h6 style=\"text-align: center\"><strong>No pr\u00f3ximo post, o humor pol\u00edtico que criticou a Era Vargas, a ditadura militar e que prossegue no s\u00e9culo 21.<\/strong><\/h6>\n<p><em>Imagem:\u00a0 Angelo Agostini &#8211;\u00a0A P\u00e1tria repele os escravocratas\/ Revista Ilustrada<\/em><\/p>\n","protected":false},"excerpt":{"rendered":"<p>O humorista Paulo Gustavo, recentemente falecido, disse em uma das suas \u00faltimas participa\u00e7\u00f5es na televis\u00e3o que \u201crir \u00e9 um ato [&hellip;]<\/p>\n","protected":false},"author":5,"featured_media":8130,"comment_status":"open","ping_status":"open","sticky":false,"template":"","format":"standard","meta":{"_acf_changed":false,"footnotes":""},"categories":[4],"tags":[2537,2528,2536,2535],"class_list":["post-8127","post","type-post","status-publish","format-standard","has-post-thumbnail","hentry","category-voos-literarios","tag-angelo-agostini","tag-humor-politico","tag-nair-de-teffe","tag-rir-e-um-ato-de-resistencia"],"acf":[],"_links":{"self":[{"href":"https:\/\/vos.homolog.arsnova.work\/index.php?rest_route=\/wp\/v2\/posts\/8127","targetHints":{"allow":["GET"]}}],"collection":[{"href":"https:\/\/vos.homolog.arsnova.work\/index.php?rest_route=\/wp\/v2\/posts"}],"about":[{"href":"https:\/\/vos.homolog.arsnova.work\/index.php?rest_route=\/wp\/v2\/types\/post"}],"author":[{"embeddable":true,"href":"https:\/\/vos.homolog.arsnova.work\/index.php?rest_route=\/wp\/v2\/users\/5"}],"replies":[{"embeddable":true,"href":"https:\/\/vos.homolog.arsnova.work\/index.php?rest_route=%2Fwp%2Fv2%2Fcomments&post=8127"}],"version-history":[{"count":0,"href":"https:\/\/vos.homolog.arsnova.work\/index.php?rest_route=\/wp\/v2\/posts\/8127\/revisions"}],"wp:featuredmedia":[{"embeddable":true,"href":"https:\/\/vos.homolog.arsnova.work\/index.php?rest_route=\/wp\/v2\/media\/8130"}],"wp:attachment":[{"href":"https:\/\/vos.homolog.arsnova.work\/index.php?rest_route=%2Fwp%2Fv2%2Fmedia&parent=8127"}],"wp:term":[{"taxonomy":"category","embeddable":true,"href":"https:\/\/vos.homolog.arsnova.work\/index.php?rest_route=%2Fwp%2Fv2%2Fcategories&post=8127"},{"taxonomy":"post_tag","embeddable":true,"href":"https:\/\/vos.homolog.arsnova.work\/index.php?rest_route=%2Fwp%2Fv2%2Ftags&post=8127"}],"curies":[{"name":"wp","href":"https:\/\/api.w.org\/{rel}","templated":true}]}}