{"id":8124,"date":"2021-05-12T18:31:49","date_gmt":"2021-05-12T21:31:49","guid":{"rendered":"https:\/\/vos.homolog.arsnova.work\/?p=8124"},"modified":"2021-05-12T18:31:49","modified_gmt":"2021-05-12T21:31:49","slug":"bsv-especial-coronavirus-57-tratoraco-e-cpi","status":"publish","type":"post","link":"https:\/\/vos.homolog.arsnova.work\/?p=8124","title":{"rendered":"BSV Especial Coronav\u00edrus #57 Tratora\u00e7o e CPI"},"content":{"rendered":"<p style=\"text-align: justify;\">Nesta semana, o tratora\u00e7o, a CPI e o STF. Reportagem do jornal Estado de S\u00e3o Paulo revelou um esquema montado pelo governo para conquistar apoio por meio de um or\u00e7amento secreto. No ano passado, o governo destinou R$ 3 bilh\u00f5es em emendas para parlamentares do Centr\u00e3o. Esses parlamentares puderam escolher onde os recursos de emendas de relator seriam aplicados. E foram aplicados inclusive na compra de tratores superfaturados. O caso foi apelidado de &#8220;tratora\u00e7o&#8221; nas redes sociais.<\/p>\n<h5 style=\"text-align: center;\">.<\/h5>\n<h5 style=\"text-align: center;\">Jair Bolsonaro reagiu xingando jornalistas, por isso a gente resolveu fazer um bingo de respostas prontas do presidente<\/h5>\n<h5 style=\"text-align: center;\">.<\/h5>\n<p style=\"text-align: justify;\">Mas como desgra\u00e7a pouca \u00e9 bobagem, em depoimento \u00e0 CPI da Covid, o diretor presidente da Anvisa, Ant\u00f4nio Barra Torres, confirmou que houve, sim, uma tentativa de se alterar a bula da cloroquina, conforme havia alertado o ex-ministro Luiz Henrique Mandetta.<\/p>\n<h5 style=\"text-align: center;\">.<\/h5>\n<h5 style=\"text-align: center;\">Falando em CPI, ainda tem as mentiras no depoimento de F\u00e1bio Wajngarten, ex-secret\u00e1rio de comunica\u00e7\u00e3o do Governo Federal, que quase saiu preso da reuni\u00e3o de quarta-feira<\/h5>\n<h5 style=\"text-align: center;\">.<\/h5>\n<p style=\"text-align: justify;\">E como se n\u00e3o bastasse, a Pol\u00edcia Federal pediu ao STF a abertura de inqu\u00e9rito para investigar suspeita de pagamentos ao ministro Dias Toffoli por venda de decis\u00f5es. O pedido tem como base o acordo de colabora\u00e7\u00e3o premiada de S\u00e9rgio Cabral. E ainda tem o jornalista colombiano Daniel Guar\u00edn, que vai explicar alguns paralelos entre Brasil e Col\u00f4mbia nessa crise decorrente da pandemia.<\/p>\n<p style=\"text-align: justify;\"><strong>Participam os jornalistas Ge\u00f3rgia Santos, Fl\u00e1via Cunha, Igor Natusch e T\u00e9rcio Saccol.\u00a0<\/strong><b>Voc\u00ea tamb\u00e9m pode ouvir o epis\u00f3dio no\u00a0<\/b><a href=\"https:\/\/open.spotify.com\/show\/5I8zWzbmuDvEx9Wp6Gtnyd\"><span class=\"s1\"><b>Spotify<\/b><\/span><\/a><b>,\u00a0<\/b><a href=\"https:\/\/podcasts.apple.com\/us\/podcast\/bendita-sois-v%C3%B3s\/id1436913300\"><span class=\"s1\"><b>Itunes<\/b><\/span><\/a><b>\u00a0e\u00a0<\/b><a href=\"https:\/\/castbox.fm\/channel\/Bendita-Sois-V%C3%B3s-id1474946?country=br\"><span class=\"s1\"><b>Castbox<\/b><\/span><\/a><b>.\u00a0<\/b><\/p>\n<p style=\"text-align: center;\"><iframe loading=\"lazy\" src=\"https:\/\/w.soundcloud.com\/player\/?url=https%3A\/\/api.soundcloud.com\/tracks\/1047780304&amp;color=%23ff5500&amp;auto_play=false&amp;hide_related=false&amp;show_comments=true&amp;show_user=true&amp;show_reposts=false&amp;show_teaser=true&amp;visual=true\" width=\"100%\" height=\"300\" frameborder=\"no\" scrolling=\"no\"><\/iframe><\/p>\n<div style=\"font-size: 10px; color: #cccccc; line-break: anywhere; word-break: normal; overflow: hidden; white-space: nowrap; text-overflow: ellipsis; font-family: Interstate, 'Lucida Grande', 'Lucida Sans Unicode', 'Lucida Sans', Garuda, Verdana, Tahoma, sans-serif; font-weight: 100; text-align: center;\"><a style=\"color: #cccccc; text-decoration: none;\" title=\"V\u00f3s Pessoas no Plural\" href=\"https:\/\/soundcloud.com\/vos-social\" target=\"_blank\" rel=\"noopener\">V\u00f3s Pessoas no Plural<\/a> \u00b7 <a style=\"color: #cccccc; text-decoration: none;\" title=\"BSV Especial Coronav\u00edrus #57 Tratora\u00e7o e CPI\" href=\"https:\/\/soundcloud.com\/vos-social\/bsv-especial-coronavirus-57-tratoraco-e-cpi\" target=\"_blank\" rel=\"noopener\">BSV Especial Coronav\u00edrus #57 Tratora\u00e7o e CPI<\/a><\/div>\n<div><em>Imagem: Arquivo \/ Ag\u00eancia P\u00fablica<\/em><\/div>\n","protected":false},"excerpt":{"rendered":"<p>Nesta semana, o tratora\u00e7o, a CPI e o STF. Reportagem do jornal Estado de S\u00e3o Paulo revelou um esquema montado [&hellip;]<\/p>\n","protected":false},"author":3,"featured_media":8125,"comment_status":"open","ping_status":"open","sticky":false,"template":"","format":"standard","meta":{"_acf_changed":false,"footnotes":""},"categories":[1541],"tags":[1340,2534,870,2532,2248,330,2196,2158,508,2188,2516,2517,228,2531,2533],"class_list":["post-8124","post","type-post","status-publish","format-standard","has-post-thumbnail","hentry","category-podcasts","tag-anvisa","tag-barra-torres","tag-bolsonaro","tag-bula","tag-cloroquina","tag-colombia","tag-corona","tag-coronavirus","tag-corrupcao","tag-covid","tag-cpi","tag-cpi-da-covid","tag-politica","tag-tratoraco","tag-wajngarten"],"acf":[],"_links":{"self":[{"href":"https:\/\/vos.homolog.arsnova.work\/index.php?rest_route=\/wp\/v2\/posts\/8124","targetHints":{"allow":["GET"]}}],"collection":[{"href":"https:\/\/vos.homolog.arsnova.work\/index.php?rest_route=\/wp\/v2\/posts"}],"about":[{"href":"https:\/\/vos.homolog.arsnova.work\/index.php?rest_route=\/wp\/v2\/types\/post"}],"author":[{"embeddable":true,"href":"https:\/\/vos.homolog.arsnova.work\/index.php?rest_route=\/wp\/v2\/users\/3"}],"replies":[{"embeddable":true,"href":"https:\/\/vos.homolog.arsnova.work\/index.php?rest_route=%2Fwp%2Fv2%2Fcomments&post=8124"}],"version-history":[{"count":0,"href":"https:\/\/vos.homolog.arsnova.work\/index.php?rest_route=\/wp\/v2\/posts\/8124\/revisions"}],"wp:featuredmedia":[{"embeddable":true,"href":"https:\/\/vos.homolog.arsnova.work\/index.php?rest_route=\/wp\/v2\/media\/8125"}],"wp:attachment":[{"href":"https:\/\/vos.homolog.arsnova.work\/index.php?rest_route=%2Fwp%2Fv2%2Fmedia&parent=8124"}],"wp:term":[{"taxonomy":"category","embeddable":true,"href":"https:\/\/vos.homolog.arsnova.work\/index.php?rest_route=%2Fwp%2Fv2%2Fcategories&post=8124"},{"taxonomy":"post_tag","embeddable":true,"href":"https:\/\/vos.homolog.arsnova.work\/index.php?rest_route=%2Fwp%2Fv2%2Ftags&post=8124"}],"curies":[{"name":"wp","href":"https:\/\/api.w.org\/{rel}","templated":true}]}}