{"id":8026,"date":"2021-05-08T13:46:53","date_gmt":"2021-05-08T16:46:53","guid":{"rendered":"https:\/\/vos.homolog.arsnova.work\/?p=8026"},"modified":"2022-03-08T17:35:26","modified_gmt":"2022-03-08T20:35:26","slug":"todo-dia-oito-3-olga-a-revolucionaria-que-jamais-perdeu-a-ternura","status":"publish","type":"post","link":"https:\/\/vos.homolog.arsnova.work\/?p=8026","title":{"rendered":"Todo Dia Oito #3 Olga, a revolucion\u00e1ria que jamais perdeu a ternura"},"content":{"rendered":"<p class=\"p1\"><a href=\"https:\/\/vos.homolog.arsnova.work\/wp-content\/uploads\/2021\/03\/Todo-dia-8-Amarelo.jpg\"><img loading=\"lazy\" decoding=\"async\" class=\"size-full wp-image-7889 aligncenter\" src=\"https:\/\/vos.homolog.arsnova.work\/wp-content\/uploads\/2021\/03\/Todo-dia-8-Amarelo.jpg\" alt=\"\" width=\"2048\" height=\"1194\" srcset=\"https:\/\/vos.homolog.arsnova.work\/wp-content\/uploads\/2021\/03\/Todo-dia-8-Amarelo.jpg 2048w, https:\/\/vos.homolog.arsnova.work\/wp-content\/uploads\/2021\/03\/Todo-dia-8-Amarelo-1536x896.jpg 1536w, https:\/\/vos.homolog.arsnova.work\/wp-content\/uploads\/2021\/03\/Todo-dia-8-Amarelo-300x175.jpg 300w, https:\/\/vos.homolog.arsnova.work\/wp-content\/uploads\/2021\/03\/Todo-dia-8-Amarelo-768x448.jpg 768w, https:\/\/vos.homolog.arsnova.work\/wp-content\/uploads\/2021\/03\/Todo-dia-8-Amarelo-1024x597.jpg 1024w\" sizes=\"auto, (max-width: 2048px) 100vw, 2048px\" \/><\/a><\/p>\n<h5 class=\"p1\" style=\"text-align: center;\"><b>Todo dia Oito. Todo dia oito, uma hist\u00f3ria. Todo dia oito, uma mulher<\/b><\/h5>\n<h5 class=\"p1\" style=\"text-align: center;\"><b>.<\/b><\/h5>\n<p class=\"p1\">No terceiro epis\u00f3dio do podcast, <strong>Olga, a revolucion\u00e1ria que jamais perdeu a ternura<\/strong>. Ou, na letra batida a m\u00e1quina dos arquivos da Gestapo, a pol\u00edcia secreta do Terceiro Reich,<span class=\"Apple-converted-space\">\u00a0<\/span>uma mulher plenamente judia. Uma comunista ousada e astuta. Uma comunista convicta que casou com Luis Carlos Prestes e foi entregue a Adolf Hitler. <strong>Olga Ben\u00e1rio<\/strong> poderia ter sido apenas uma alem\u00e3 que viveu no Brasil.<span class=\"Apple-converted-space\">\u00a0 <\/span>Mas quando Get\u00falio Vargas a expulsa daqui, ela se torna nossa.<\/p>\n<p class=\"p1\" style=\"text-align: center;\"><b>QUEM FAZ<\/b><\/p>\n<p class=\"p1\" style=\"text-align: center;\">Produ\u00e7\u00e3o: <a href=\"https:\/\/vos.homolog.arsnova.work\/\"><span class=\"s1\"><b>V\u00f3s<\/b><\/span><\/a><\/p>\n<p class=\"p1\" style=\"text-align: center;\">Pesquisa: Fl\u00e1via Cunha e Ge\u00f3rgia Santos<\/p>\n<p class=\"p1\" style=\"text-align: center;\">Roteiro: Ge\u00f3rgia Santos e Fl\u00e1via Cunha<\/p>\n<p class=\"p1\" style=\"text-align: center;\">Dire\u00e7\u00e3o Art\u00edstica: Raquel Grabauska<\/p>\n<p class=\"p1\" style=\"text-align: center;\">Apresenta\u00e7\u00e3o e edi\u00e7\u00e3o: Ge\u00f3rgia Santos<\/p>\n<p class=\"p1\" style=\"text-align: center;\">Locu\u00e7\u00e3o: Raquel Grabauska como Olga Ben\u00e1rio<\/p>\n<p class=\"p1\" style=\"text-align: center;\">Trilha sonora original: Gustavo Finkler<\/p>\n<p style=\"text-align: center;\"><iframe loading=\"lazy\" src=\"https:\/\/anchor.fm\/georgia-santos9\/embed\/episodes\/Olga--a-revolucionria-que-jamais-perdeu-a-ternura-e10gl4g\" width=\"400px\" height=\"102px\" frameborder=\"0\" scrolling=\"no\"><\/iframe><\/p>\n","protected":false},"excerpt":{"rendered":"<p>Todo dia Oito. Todo dia oito, uma hist\u00f3ria. Todo dia oito, uma mulher . No terceiro epis\u00f3dio do podcast, Olga, [&hellip;]<\/p>\n","protected":false},"author":3,"featured_media":8027,"comment_status":"open","ping_status":"open","sticky":false,"template":"","format":"standard","meta":{"_acf_changed":false,"footnotes":""},"categories":[1541],"tags":[2524,2526,825,1323,1246,2525,2523,686,2521,2520,2522,2527],"class_list":["post-8026","post","type-post","status-publish","format-standard","has-post-thumbnail","hentry","category-podcasts","tag-adolg-hitler","tag-coluna-prestes","tag-comunismo","tag-fascismo","tag-getulio-vargas","tag-intentona-comunista","tag-luis-carlos-prestes","tag-nazismo","tag-olga","tag-olga-benario","tag-prestes","tag-revolucao"],"acf":[],"_links":{"self":[{"href":"https:\/\/vos.homolog.arsnova.work\/index.php?rest_route=\/wp\/v2\/posts\/8026","targetHints":{"allow":["GET"]}}],"collection":[{"href":"https:\/\/vos.homolog.arsnova.work\/index.php?rest_route=\/wp\/v2\/posts"}],"about":[{"href":"https:\/\/vos.homolog.arsnova.work\/index.php?rest_route=\/wp\/v2\/types\/post"}],"author":[{"embeddable":true,"href":"https:\/\/vos.homolog.arsnova.work\/index.php?rest_route=\/wp\/v2\/users\/3"}],"replies":[{"embeddable":true,"href":"https:\/\/vos.homolog.arsnova.work\/index.php?rest_route=%2Fwp%2Fv2%2Fcomments&post=8026"}],"version-history":[{"count":0,"href":"https:\/\/vos.homolog.arsnova.work\/index.php?rest_route=\/wp\/v2\/posts\/8026\/revisions"}],"wp:featuredmedia":[{"embeddable":true,"href":"https:\/\/vos.homolog.arsnova.work\/index.php?rest_route=\/wp\/v2\/media\/8027"}],"wp:attachment":[{"href":"https:\/\/vos.homolog.arsnova.work\/index.php?rest_route=%2Fwp%2Fv2%2Fmedia&parent=8026"}],"wp:term":[{"taxonomy":"category","embeddable":true,"href":"https:\/\/vos.homolog.arsnova.work\/index.php?rest_route=%2Fwp%2Fv2%2Fcategories&post=8026"},{"taxonomy":"post_tag","embeddable":true,"href":"https:\/\/vos.homolog.arsnova.work\/index.php?rest_route=%2Fwp%2Fv2%2Ftags&post=8026"}],"curies":[{"name":"wp","href":"https:\/\/api.w.org\/{rel}","templated":true}]}}