{"id":8023,"date":"2021-05-05T19:08:54","date_gmt":"2021-05-05T22:08:54","guid":{"rendered":"https:\/\/vos.homolog.arsnova.work\/?p=8023"},"modified":"2021-05-05T19:08:54","modified_gmt":"2021-05-05T22:08:54","slug":"bsv-especial-coronavirus-56-o-sangue-nas-maos-de-bolsonaro","status":"publish","type":"post","link":"https:\/\/vos.homolog.arsnova.work\/?p=8023","title":{"rendered":"BSV Especial Coronav\u00edrus #56 O sangue nas m\u00e3os de Bolsonaro"},"content":{"rendered":"<p style=\"text-align: justify;\"><strong>No epis\u00f3dio desta semana, Paulo Gustavo, o sangue nas m\u00e3os de Jair Bolsonaro e a CPI da Covid.\u00a0<\/strong>O Brasil amanheceu ainda mais triste na quarta-feira (5), com a not\u00edcia da morte de Paulo Gustavo, algu\u00e9m que sempre nos fez rir. O ator morreu em fun\u00e7\u00e3o de sequelas da Covid-19, aos 42 anos. Um homem jovem, saud\u00e1vel, que deixa o marido e dois filhos. O presidente Jair Bolsonaro escreveu no Twitter que lamenta. Ser\u00e1?<\/p>\n<h5 style=\"text-align: center;\"><strong>.<\/strong><\/h5>\n<h5 style=\"text-align: center;\"><strong>Pois a partir dos depoimentos dos ex-ministros da sa\u00fade na CPI da Covid, fica dif\u00edcil acreditar que ele lamente de verdade<\/strong><\/h5>\n<h5 style=\"text-align: center;\"><strong>.<\/strong><\/h5>\n<p style=\"text-align: justify;\">O ex-ministro Luiz Henrique Mandetta exp\u00f4s um projeto de governo baseado no negacionismo e na mentira, em que o governo tentou, inclusive, alterar a bula da cloroquina. Mandetta ainda responsabilizou o ministro da Economia, Paulo Guedes, que j\u00e1 mostrou que n\u00e3o se preocupa com a vida de ningu\u00e9m al\u00e9m da dele, e citou a participa\u00e7\u00e3o de um dos filhos do presidente, Carlos Bolsonaro, em reuni\u00f5es do governo federal. J\u00e1 o ex-ministro Nelson Teich deixou claro que saiu porque percebeu que n\u00e3o teria autonomia e, tamb\u00e9m, divergia com rela\u00e7\u00e3o \u00e0 cloroquina.<\/p>\n<p style=\"text-align: justify;\">Enquanto a isso, o ex-ministro Eduardo Pazuello foge. Depois de passear sem m\u00e1scara por um shopping no Amazonas, alegou suspeita de Covid para n\u00e3o depor \u00e0 CPI nesta semana.<\/p>\n<p style=\"text-align: justify;\"><strong>Participam os jornalistas Ge\u00f3rgia Santos, Fl\u00e1via Cunha, Igor Natusch e T\u00e9rcio Saccol.\u00a0<\/strong><b>Voc\u00ea tamb\u00e9m pode ouvir o epis\u00f3dio no\u00a0<\/b><a href=\"https:\/\/open.spotify.com\/show\/5I8zWzbmuDvEx9Wp6Gtnyd\"><span class=\"s1\"><b>Spotify<\/b><\/span><\/a><b>,\u00a0<\/b><a href=\"https:\/\/podcasts.apple.com\/us\/podcast\/bendita-sois-v%C3%B3s\/id1436913300\"><span class=\"s1\"><b>Itunes<\/b><\/span><\/a><b>\u00a0e\u00a0<\/b><a href=\"https:\/\/castbox.fm\/channel\/Bendita-Sois-V%C3%B3s-id1474946?country=br\"><span class=\"s1\"><b>Castbox<\/b><\/span><\/a><b>.\u00a0<\/b><\/p>\n<p>&nbsp;<\/p>\n<p style=\"text-align: center;\"><iframe loading=\"lazy\" src=\"https:\/\/w.soundcloud.com\/player\/?url=https%3A\/\/api.soundcloud.com\/tracks\/1043316202&amp;color=%23ff5500&amp;auto_play=false&amp;hide_related=false&amp;show_comments=true&amp;show_user=true&amp;show_reposts=false&amp;show_teaser=true&amp;visual=true\" width=\"100%\" height=\"300\" frameborder=\"no\" scrolling=\"no\"><\/iframe><\/p>\n<div style=\"font-size: 10px; color: #cccccc; line-break: anywhere; word-break: normal; overflow: hidden; white-space: nowrap; text-overflow: ellipsis; font-family: Interstate, 'Lucida Grande', 'Lucida Sans Unicode', 'Lucida Sans', Garuda, Verdana, Tahoma, sans-serif; font-weight: 100; text-align: center;\"><a style=\"color: #cccccc; text-decoration: none;\" title=\"V\u00f3s Pessoas no Plural\" href=\"https:\/\/soundcloud.com\/vos-social\" target=\"_blank\" rel=\"noopener\">V\u00f3s Pessoas no Plural<\/a> \u00b7 <a style=\"color: #cccccc; text-decoration: none;\" title=\"BSV Especial Coronav\u00edrus #56 O sangue nas m\u00e3os de Bolsonaro\" href=\"https:\/\/soundcloud.com\/vos-social\/bsv-especial-coronavirus-56-o-sangue-nas-maos-de-bolsonaro\" target=\"_blank\" rel=\"noopener\">BSV Especial Coronav\u00edrus #56 O sangue nas m\u00e3os de Bolsonaro<\/a><\/div>\n<div><\/div>\n<div><em>Foto: Marcos Corr\u00eaa \/ PR<\/em><\/div>\n","protected":false},"excerpt":{"rendered":"<p>No epis\u00f3dio desta semana, Paulo Gustavo, o sangue nas m\u00e3os de Jair Bolsonaro e a CPI da Covid.\u00a0O Brasil amanheceu [&hellip;]<\/p>\n","protected":false},"author":3,"featured_media":8024,"comment_status":"open","ping_status":"open","sticky":false,"template":"","format":"standard","meta":{"_acf_changed":false,"footnotes":""},"categories":[1541],"tags":[870,2158,2188,2173,2516,2517,2183,2129,2518,2519,2222],"class_list":["post-8023","post","type-post","status-publish","format-standard","has-post-thumbnail","hentry","category-podcasts","tag-bolsonaro","tag-coronavirus","tag-covid","tag-covid19","tag-cpi","tag-cpi-da-covid","tag-mandetta","tag-paulo-guedes","tag-paulo-gustavo","tag-pazuello","tag-teich"],"acf":[],"_links":{"self":[{"href":"https:\/\/vos.homolog.arsnova.work\/index.php?rest_route=\/wp\/v2\/posts\/8023","targetHints":{"allow":["GET"]}}],"collection":[{"href":"https:\/\/vos.homolog.arsnova.work\/index.php?rest_route=\/wp\/v2\/posts"}],"about":[{"href":"https:\/\/vos.homolog.arsnova.work\/index.php?rest_route=\/wp\/v2\/types\/post"}],"author":[{"embeddable":true,"href":"https:\/\/vos.homolog.arsnova.work\/index.php?rest_route=\/wp\/v2\/users\/3"}],"replies":[{"embeddable":true,"href":"https:\/\/vos.homolog.arsnova.work\/index.php?rest_route=%2Fwp%2Fv2%2Fcomments&post=8023"}],"version-history":[{"count":0,"href":"https:\/\/vos.homolog.arsnova.work\/index.php?rest_route=\/wp\/v2\/posts\/8023\/revisions"}],"wp:featuredmedia":[{"embeddable":true,"href":"https:\/\/vos.homolog.arsnova.work\/index.php?rest_route=\/wp\/v2\/media\/8024"}],"wp:attachment":[{"href":"https:\/\/vos.homolog.arsnova.work\/index.php?rest_route=%2Fwp%2Fv2%2Fmedia&parent=8023"}],"wp:term":[{"taxonomy":"category","embeddable":true,"href":"https:\/\/vos.homolog.arsnova.work\/index.php?rest_route=%2Fwp%2Fv2%2Fcategories&post=8023"},{"taxonomy":"post_tag","embeddable":true,"href":"https:\/\/vos.homolog.arsnova.work\/index.php?rest_route=%2Fwp%2Fv2%2Ftags&post=8023"}],"curies":[{"name":"wp","href":"https:\/\/api.w.org\/{rel}","templated":true}]}}