{"id":8016,"date":"2021-05-02T15:30:37","date_gmt":"2021-05-02T18:30:37","guid":{"rendered":"https:\/\/vos.homolog.arsnova.work\/?p=8016"},"modified":"2021-05-02T15:31:29","modified_gmt":"2021-05-02T18:31:29","slug":"paulo-guedes-odio-aos-pobres","status":"publish","type":"post","link":"https:\/\/vos.homolog.arsnova.work\/?p=8016","title":{"rendered":"Paulo Guedes e o \u00f3dio aos pobres"},"content":{"rendered":"<p style=\"text-align: justify\"><span style=\"font-weight: 400\">Esta semana foi marcada por falas pol\u00eamicas do ministro da Economia, Paulo Guedes, em uma reuni\u00e3o do Conselho de Sa\u00fade Suplementar. No momento em que a pandemia se aproximava da marca oficial de 400 mil mortos no Brasil,\u00a0<\/span><span style=\"font-weight: 400\">o ministro julgou adequado <a href=\"https:\/\/revistaforum.com.br\/politica\/guedes-reclama-de-aumento-da-expectativa-de-vida-querem-viver-100-anos\/\" target=\"_blank\" rel=\"noopener\">falar<\/a> que:<\/span><\/p>\n<h6 style=\"text-align: justify\"><strong>\u201cTodo mundo quer viver 100 anos, 120, 130 (anos). N\u00e3o h\u00e1 capacidade de investimento para que o Estado consiga acompanhar.\u201d<\/strong><\/h6>\n<p style=\"text-align: justify\"><span style=\"font-weight: 400\">Dias depois da reuni\u00e3o, que teve o conte\u00fado divulgado nas redes sociais, nova fala controversa de Paulo Guedes vinha \u00e0 tona, dessa vez atacando o <\/span><span style=\"font-weight: 400\">Fundo de Financiamento ao Estudante do Ensino Superior (<a href=\"https:\/\/g1.globo.com\/educacao\/noticia\/2021\/04\/30\/paulo-guedes-critica-o-fies-e-diz-que-filho-de-porteiro-tirou-zero-na-prova-e-conseguiu-financiamento.ghtml\" target=\"_blank\" rel=\"noopener\">Fies<\/a>). O ministro relatou, em tom de piada, que o filho do porteiro do seu pr\u00e9dio tirou zero em todas as provas e ainda assim conseguiu o financiamento. Mais adiante, durante o encontro, fez novas criticas:<\/span><\/p>\n<h6 style=\"text-align: justify\"><strong>\u201cDeram bolsa para quem n\u00e3o tinha nenhuma capacidade. Botaram todo mundo&#8230; Exageraram.\u201d<\/strong><\/h6>\n<p style=\"text-align: justify\"><span style=\"font-weight: 400\">Como de costume, os argumentos de Paulo Guedes s\u00e3o carregados de preconceito, como na famosa fala sobre as empregadas dom\u00e9sticas irem \u00e0 Disney. Esta declara\u00e7\u00e3o foi proferida antes mesmo da pandemia e da situa\u00e7\u00e3o econ\u00f4mica do Brasil estar t\u00e3o complicada como agora.\u00a0<\/span><span style=\"font-weight: 400\">Considero importante identificar as origens do pensamento de Paulo Guedes, que \u00e9 seguido fervorosamente por Jair Bolsonaro, que briga com todos os ministros, menos com o \u201cposto Ipiranga\u201d.<\/span><\/p>\n<h6 style=\"text-align: justify\">Preconceito et\u00e1rio?<\/h6>\n<p style=\"text-align: justify\"><span style=\"font-weight: 400\">Em rela\u00e7\u00e3o \u00e0 fala de Guedes sobre o envelhecimento da popula\u00e7\u00e3o brasileira, poder\u00edamos pensar ser esse um preconceito em rela\u00e7\u00e3o \u00e0 velhice, o etarismo. Indo por essa linha de racioc\u00ednio, a idade do pr\u00f3prio ministro tornaria o coment\u00e1rio dele um contrassenso. J\u00e1 que, do alto dos seus 71 anos, ele faz parte da chamada terceira idade.\u00a0<\/span><\/p>\n<p style=\"text-align: justify\"><span style=\"font-weight: 400\">De qualquer forma, para contrariar Paulo Guedes e sermos um povo cada vez mais longevo &#8211; desde que com sa\u00fade e renda suficiente para a sobreviv\u00eancia &#8211; sugiro a leitura de\u00a0<\/span><i><span style=\"font-weight: 400\"><a href=\"https:\/\/www.citadel.com.br\/produto\/os-segredos-da-longevidade\/\" target=\"_blank\" rel=\"noopener\">Os segredos da longevidade<\/a>.\u00a0<\/span><\/i><span style=\"font-weight: 400\">\u00a0Com o autoexplicativo sub\u00edtulo &#8220;um\u00a0<\/span><span style=\"font-weight: 400\">verdadeiro manual para ser saud\u00e1vel e viver mais por meio da alimenta\u00e7\u00e3o, da medicina preventiva e do equil\u00edbrio do seu organismo&#8221;<\/span><span style=\"font-weight: 400\">, a obra \u00e9 de autoria do m\u00e9dico Edmond Saab.<\/span><\/p>\n<h6><strong>Preconceito com a nova classe m\u00e9dia?<\/strong><\/h6>\n<p style=\"text-align: justify\"><span style=\"font-weight: 400\">Prosseguindo na investiga\u00e7\u00e3o da origem do discurso preconceituoso de Guedes, podemos pensar em preconceito com a mobilidade social. Um das formas de se alcan\u00e7ar a ascens\u00e3o social \u00e9 atrav\u00e9s do ingresso dos trabalhadores no meio universit\u00e1rio. Para aprofundar esse tema, um livro interessante \u00e9\u00a0<\/span><a href=\"https:\/\/www.amazon.com.br\/nova-classe-m%C3%A9dia-brasileira-universit%C3%A1rios-ebook\/dp\/B091D6PK7K\/\" target=\"_blank\" rel=\"noopener\"><i><span style=\"font-weight: 400\">A nova classe m\u00e9dia brasileira \u2013 necessidades, anseios e valores<\/span><\/i><\/a><span style=\"font-weight: 400\">, de Guilherme Caldas de Castro.\u00a0<\/span><\/p>\n<h6>\u00d3dio aos mais pobres?<\/h6>\n<p style=\"text-align: justify\"><span style=\"font-weight: 400\">Mas as ra\u00edzes do discurso de \u00f3dio de Paulo Guedes e de todo o governo Bolsonaro parecem ir al\u00e9m disso. Seria uma esp\u00e9cie de raiva dos pobres, por existirem e \u201cdarem trabalho\u201d ao Estado, que precisa lidar com sua presen\u00e7a inc\u00f4moda. Nesse sentido, a obra<\/span><a href=\"https:\/\/loja-editoracontracorrente.com.br\/produto\/aporofobia-a-aversao-ao-pobre-um-desafio-para-a-democracia\/\" target=\"_blank\" rel=\"noopener\"><i><span style=\"font-weight: 400\"> Aporofobia, <\/span><\/i><i><span style=\"font-weight: 400\">a avers\u00e3o ao pobre: um desafio para a democracia<\/span><\/i><\/a><span style=\"font-weight: 400\"> me parece bastante adequada para entender este conceito e procurar fazer conex\u00f5es com o pensamento bolsonarista.\u00a0<\/span><\/p>\n<p><span style=\"font-weight: 400\">Em entrevista ao El Pa\u00eds, a autora deste livro, a fil\u00f3sofa espanhola Adela Cortina, explica:\u00a0<\/span><\/p>\n<h6 style=\"text-align: justify\"><em><span style=\"font-weight: 400\">\u201c<\/span><span style=\"font-weight: 400\">Em sociedades como as nossas, organizadas em torno da ideia de contrato em qualquer das esferas sociais, o pobre [&#8230;] n\u00e3o tem nada de interessante para oferecer em troca, e, portanto, n\u00e3o tem capacidade de contratar.\u201d<\/span><\/em><\/h6>\n<h6 style=\"text-align: justify\"><em><span style=\"font-weight: 400\">\u00a0<\/span><\/em>Avers\u00e3o aos mais pobres<\/h6>\n<p style=\"text-align: justify\"><span style=\"font-weight: 400\">O termo aporofobia, que seria o medo ou avers\u00e3o aos pobres, foi criada pela pr\u00f3pria fil\u00f3sofa e <\/span><span style=\"font-weight: 400\">\u00a0escolhido como a palavra do ano em 2017, pela Fundaci\u00f3n del Espa\u00f1ol Urgente. Tamb\u00e9m foi incorporado, na mesma \u00e9poca, ao <\/span><span style=\"font-weight: 400\"><i>Diccionario de la lengua espa\u00f1ola.<\/i>\u00a0No meu ponto de vista, a aporofobia poderia ser um dos motivos da elite econ\u00f4mica brasileira ainda apoiar o governo Bolsonaro, mesmo com a escassez de vacinas contra a covid-19, por exemplo.<\/span><\/p>\n<h6 style=\"text-align: justify\"><span style=\"font-weight: 400\"><strong>Manifesta\u00e7\u00f5es da extrema direita<\/strong><\/span><\/h6>\n<p style=\"text-align: justify\"><span style=\"font-weight: 400\">N\u00e3o seria \u00e0 toa, portanto, que neste feriado de 1\u00ba de maio manifestantes em possantes SUVs foram \u00e0s ruas de diversas cidades brasileiras. Suas pautas, por\u00e9m, eram diferentes das habituais reivindica\u00e7\u00f5es por mais emprego e renda, como seria o esperado no Dia do Trabalhador.\u00a0\u00a0Esses protestos preferiram ser uma manifesta\u00e7\u00e3o aberta de apoio a Bolsonaro. Al\u00e9m disso, defendiam o voto impresso nas elei\u00e7\u00f5es de 2022 e a volta da ditadura militar, entre outras pautas sem o menor sentido.<\/span><\/p>\n<h6 style=\"text-align: justify\">Apropria\u00e7\u00e3o dos protestos<\/h6>\n<p style=\"text-align: justify\"><span style=\"font-weight: 400\">Para al\u00e9m das manifesta\u00e7\u00f5es em si, esse grupo parece estar satisfeito pela apropria\u00e7\u00e3o das manifesta\u00e7\u00f5es do dia 1\u00ba\u00a0de maio, que historicamente t\u00eam um protagonismo da esquerda brasileira e das centrais sindicais. Por\u00e9m, \u00e9 sempre bom lembrar que apoderar-se do Dia do Trabalhador e inverter a l\u00f3gica das pautas de reivindica\u00e7\u00f5es n\u00e3o \u00e9 novidade no Brasil.\u00a0 \u00a0<\/span><span style=\"font-weight: 400\">O primeiro a fazer isso foi<a href=\"https:\/\/noticias.uol.com.br\/ultimas-noticias\/bbc\/2020\/04\/30\/primeiro-de-maio-como-a-data-dos-trabalhadores-foi-apropriada-por-getulio-vargas.htm#:~:text=Como%20o%20Primeiro%20de%20Maio%20foi%20'apropriado'%20por%20Get%C3%BAlio%20Vargas,-00%3A00&amp;text=para%20a%20Hist%C3%B3ria.-,Foi%20por%20causa%20de%20uma%20greve%20de%20trabalhadores%20ocorrida%20em,como%20Dia%20Internacional%20dos%20Trabalhadores.\" target=\"_blank\" rel=\"noopener\"> Get\u00falio Vargas<\/a>, que trocou o nome do feriado para Dia do Trabalho. Tamb\u00e9m usou a simbolismo da data a favor de seu governo, criando o Minist\u00e9rio do Trabalho justamente neste dia, em 1930.<\/span><\/p>\n<h6>At\u00e9 quando os mais pobres apoiar\u00e3o Bolsonaro<\/h6>\n<p style=\"text-align: justify\"><span style=\"font-weight: 400\">Nesse sentido, a apropria\u00e7\u00e3o parece semelhante. Get\u00falio, no entanto, sempre buscou dar algo em troca do esvaziamento da luta dos trabalhadores. Como a Consolida\u00e7\u00e3o das Leis do Trabalho (CLT), criada em 1943. J\u00e1 o governo Bolsonaro d\u00e1 pouca contrapartida aos mais pobres. Mesmo o aux\u00edlio emergencial, criado em fun\u00e7\u00e3o da pandemia, passou de R$ 600,00 para uma m\u00e9dia de R$ 150,00. Dessa forma, resta saber at\u00e9 quando os eleitores das camadas mais empobrecidas da popula\u00e7\u00e3o ainda v\u00e3o dar sustenta\u00e7\u00e3o a Bolsonaro. A elite, pelo jeito, seguir\u00e1 dando apoio, haja vista as pat\u00e9ticas manifesta\u00e7\u00f5es deste final de semana. <\/span><\/p>\n<p><em>Imagem: F\u00e1bio Rodrigues Pozzebon \/ Ag\u00eancia Brasil<\/em><\/p>\n","protected":false},"excerpt":{"rendered":"<p>Esta semana foi marcada por falas pol\u00eamicas do ministro da Economia, Paulo Guedes, em uma reuni\u00e3o do Conselho de Sa\u00fade [&hellip;]<\/p>\n","protected":false},"author":5,"featured_media":8017,"comment_status":"open","ping_status":"open","sticky":false,"template":"","format":"standard","meta":{"_acf_changed":false,"footnotes":""},"categories":[4],"tags":[2514,2513,2239,2515,2512,2129],"class_list":["post-8016","post","type-post","status-publish","format-standard","has-post-thumbnail","hentry","category-voos-literarios","tag-adela-cortina","tag-aporofobia","tag-bolsonarismo","tag-manifestacoes-no-dia-do-trabalho","tag-odio-aos-pobres","tag-paulo-guedes"],"acf":[],"_links":{"self":[{"href":"https:\/\/vos.homolog.arsnova.work\/index.php?rest_route=\/wp\/v2\/posts\/8016","targetHints":{"allow":["GET"]}}],"collection":[{"href":"https:\/\/vos.homolog.arsnova.work\/index.php?rest_route=\/wp\/v2\/posts"}],"about":[{"href":"https:\/\/vos.homolog.arsnova.work\/index.php?rest_route=\/wp\/v2\/types\/post"}],"author":[{"embeddable":true,"href":"https:\/\/vos.homolog.arsnova.work\/index.php?rest_route=\/wp\/v2\/users\/5"}],"replies":[{"embeddable":true,"href":"https:\/\/vos.homolog.arsnova.work\/index.php?rest_route=%2Fwp%2Fv2%2Fcomments&post=8016"}],"version-history":[{"count":0,"href":"https:\/\/vos.homolog.arsnova.work\/index.php?rest_route=\/wp\/v2\/posts\/8016\/revisions"}],"wp:featuredmedia":[{"embeddable":true,"href":"https:\/\/vos.homolog.arsnova.work\/index.php?rest_route=\/wp\/v2\/media\/8017"}],"wp:attachment":[{"href":"https:\/\/vos.homolog.arsnova.work\/index.php?rest_route=%2Fwp%2Fv2%2Fmedia&parent=8016"}],"wp:term":[{"taxonomy":"category","embeddable":true,"href":"https:\/\/vos.homolog.arsnova.work\/index.php?rest_route=%2Fwp%2Fv2%2Fcategories&post=8016"},{"taxonomy":"post_tag","embeddable":true,"href":"https:\/\/vos.homolog.arsnova.work\/index.php?rest_route=%2Fwp%2Fv2%2Ftags&post=8016"}],"curies":[{"name":"wp","href":"https:\/\/api.w.org\/{rel}","templated":true}]}}