{"id":8007,"date":"2021-04-28T18:47:07","date_gmt":"2021-04-28T21:47:07","guid":{"rendered":"https:\/\/vos.homolog.arsnova.work\/?p=8007"},"modified":"2021-04-28T18:47:07","modified_gmt":"2021-04-28T21:47:07","slug":"bsv-especial-coronavirus-55-fogo-no-parquinho-da-cpi-da-covid","status":"publish","type":"post","link":"https:\/\/vos.homolog.arsnova.work\/?p=8007","title":{"rendered":"BSV Especial Coronav\u00edrus #55 Fogo no parquinho da CPI da Covid"},"content":{"rendered":"<p class=\"p1\" style=\"text-align: center;\"><strong>No epis\u00f3dio desta semana, o cara da casa de vidro e o fogo no parquinho da CPI da Covid<\/strong><\/p>\n<p class=\"p1\" style=\"text-align: justify;\">Com a instala\u00e7\u00e3o da CPI da Covid, membros do governo de Jair Bolsonaro resolveram se adiantar \u00e0s acusa\u00e7\u00f5es e elaboraram uma tabela com 23 poss\u00edveis enquadramentos. At\u00e9 a\u00ed tudo bem, afinal de contas, \u00e9 preciso se prevenir e saber o que pode enfrentar pela frente. O problema \u00e9 que, no domingo, reportagem do UOL mostrou que o documento elaborado pela Casa Civil foi enviado a 13 minist\u00e9rios e sugere acusa\u00e7\u00f5es, no m\u00ednimo, interessantes. Certamente nenhuma desconhecida dos ouvintes do Bendita Sois V\u00f3s. Quais seriam elas?<\/p>\n<p class=\"p1\" style=\"text-align: justify;\">.<\/p>\n<h5 class=\"p1\" style=\"text-align: center;\">1 &#8211; O governo foi negligente com processo de aquisi\u00e7\u00e3o e desacreditou a efic\u00e1cia da CoronaVac (que atualmente se encontra no Programa Nacional de Imuniza\u00e7\u00e3o).<\/h5>\n<h5 class=\"p1\" style=\"text-align: center;\">2 &#8211; O governo minimizou a gravidade da pandemia (negacionismo).<\/h5>\n<h5 class=\"p1\" style=\"text-align: center;\">3 &#8211; O governo n\u00e3o incentivou a ado\u00e7\u00e3o de medidas restritivas.<\/h5>\n<h5 class=\"p1\" style=\"text-align: center;\">4 &#8211; O governo promoveu tratamento precoce sem evid\u00eancias cient\u00edficas comprovadas.<\/h5>\n<h5 class=\"p1\" style=\"text-align: center;\">5 &#8211; O governo retardou e negligenciou o enfrentamento \u00e0 crise no Amazonas.<\/h5>\n<h5 class=\"p1\" style=\"text-align: center;\">6 &#8211; O governo n\u00e3o promoveu campanhas de preven\u00e7\u00e3o \u00e0 Covid.<\/h5>\n<h5 class=\"p1\" style=\"text-align: center;\">7 &#8211; O governo n\u00e3o coordenou o enfrentamento \u00e0 pandemia em \u00e2mbito nacional.<\/h5>\n<h5 class=\"p1\" style=\"text-align: center;\">8 &#8211; O governo entregou a gest\u00e3o do Minist\u00e9rio da Sa\u00fade, durante a crise, a gestores n\u00e3o especializados (militariza\u00e7\u00e3o do Minist\u00e9rio da Sa\u00fade).<\/h5>\n<h5 class=\"p1\" style=\"text-align: center;\">9 &#8211; O governo demorou a pagar o aux\u00edlio-emergencial<\/h5>\n<h5 style=\"text-align: center;\">.<\/h5>\n<p class=\"p1\" style=\"text-align: justify;\">E por a\u00ed vai. Como se n\u00e3o bastasse, o governo ainda listou coisas que a CPI sequer pretendia investigar. Lembrando que a CPI da Covid tem o objetivo de investigar as a\u00e7\u00f5es e as omiss\u00f5es do governo federal na gest\u00e3o da pandemia e<span class=\"Apple-converted-space\">\u00a0 <\/span>os repasses de recursos a estados e munic\u00edpios.<\/p>\n<h5 class=\"p1\" style=\"text-align: center;\">.<\/h5>\n<h5 class=\"p1\" style=\"text-align: center;\">E por falar em CPI, a excelent\u00edssima deputada Carla Zambelli resolveu comprar briga com Renan Calheiros e entrou na justi\u00e7a pra impedir que o senador emedebista fosse o relator. N\u00e3o rolou<\/h5>\n<h5 class=\"p1\" style=\"text-align: center;\">.<\/h5>\n<p class=\"p1\" style=\"text-align: justify;\">Mas a semana complicada de Bolsonaro, que s\u00f3 est\u00e1 come\u00e7ando, \u00e9 pior do que parece. Pra ele e pra todos n\u00f3s. Afinal de contas, <a href=\"https:\/\/theintercept.com\/2021\/04\/24\/grampos-comparsas-miliciano-adriano-da-nobrega-bolsonaro\/\" target=\"_blank\" rel=\"noopener\">reportagem do The Intercept Brasil<\/a> mostra que grampos sugerem que comparsas do miliciano Adriano da N\u00f3brega recorreram a Bolsonaro. Quem \u00e9 Adriano da N\u00f3brega? O assassino de Marielle Franco.<\/p>\n<p><b>Participam os jornalistas Ge\u00f3rgia Santos, Fl\u00e1via Cunha, Igor Natusch e T\u00e9rcio Saccol.\u00a0<\/b><b>Voc\u00ea tamb\u00e9m pode ouvir o epis\u00f3dio no\u00a0<\/b><a href=\"https:\/\/open.spotify.com\/show\/5I8zWzbmuDvEx9Wp6Gtnyd\"><span class=\"s1\"><b>Spotify<\/b><\/span><\/a><b>,\u00a0<\/b><a href=\"https:\/\/podcasts.apple.com\/us\/podcast\/bendita-sois-v%C3%B3s\/id1436913300\"><span class=\"s1\"><b>Itunes<\/b><\/span><\/a><b>\u00a0e\u00a0<\/b><a href=\"https:\/\/castbox.fm\/channel\/Bendita-Sois-V%C3%B3s-id1474946?country=br\"><span class=\"s1\"><b>Castbox<\/b><\/span><\/a><b>.\u00a0<\/b><\/p>\n<p style=\"text-align: center;\"><iframe loading=\"lazy\" src=\"https:\/\/w.soundcloud.com\/player\/?url=https%3A\/\/api.soundcloud.com\/tracks\/1038697372&amp;color=%23ff5500&amp;auto_play=false&amp;hide_related=false&amp;show_comments=true&amp;show_user=true&amp;show_reposts=false&amp;show_teaser=true&amp;visual=true\" width=\"100%\" height=\"300\" frameborder=\"no\" scrolling=\"no\"><\/iframe><\/p>\n<div style=\"font-size: 10px; color: #cccccc; line-break: anywhere; word-break: normal; overflow: hidden; white-space: nowrap; text-overflow: ellipsis; font-family: Interstate, 'Lucida Grande', 'Lucida Sans Unicode', 'Lucida Sans', Garuda, Verdana, Tahoma, sans-serif; font-weight: 100; text-align: center;\"><a style=\"color: #cccccc; text-decoration: none;\" title=\"V\u00f3s Pessoas no Plural\" href=\"https:\/\/soundcloud.com\/vos-social\" target=\"_blank\" rel=\"noopener\">V\u00f3s Pessoas no Plural<\/a> \u00b7 <a style=\"color: #cccccc; text-decoration: none;\" title=\"BSV Especial Coronav\u00edrus #55 Fogo no parquinho da CPI da Covid\" href=\"https:\/\/soundcloud.com\/vos-social\/bsv-especial-coronavirus-55-fogo-no-parquinho-da-cpi-da-covid\" target=\"_blank\" rel=\"noopener\">BSV Especial Coronav\u00edrus #55 Fogo no parquinho da CPI da Covid<\/a><\/div>\n<p>&nbsp;<\/p>\n<p class=\"p1\" style=\"text-align: justify;\"><em>Foto: Jefferson Rudy\/Ag\u00eancia Senado<\/em><\/p>\n<p>&nbsp;<\/p>\n","protected":false},"excerpt":{"rendered":"<p>No epis\u00f3dio desta semana, o cara da casa de vidro e o fogo no parquinho da CPI da Covid Com [&hellip;]<\/p>\n","protected":false},"author":3,"featured_media":8008,"comment_status":"open","ping_status":"open","sticky":false,"template":"","format":"standard","meta":{"_acf_changed":false,"footnotes":""},"categories":[1541],"tags":[],"class_list":["post-8007","post","type-post","status-publish","format-standard","has-post-thumbnail","hentry","category-podcasts"],"acf":[],"_links":{"self":[{"href":"https:\/\/vos.homolog.arsnova.work\/index.php?rest_route=\/wp\/v2\/posts\/8007","targetHints":{"allow":["GET"]}}],"collection":[{"href":"https:\/\/vos.homolog.arsnova.work\/index.php?rest_route=\/wp\/v2\/posts"}],"about":[{"href":"https:\/\/vos.homolog.arsnova.work\/index.php?rest_route=\/wp\/v2\/types\/post"}],"author":[{"embeddable":true,"href":"https:\/\/vos.homolog.arsnova.work\/index.php?rest_route=\/wp\/v2\/users\/3"}],"replies":[{"embeddable":true,"href":"https:\/\/vos.homolog.arsnova.work\/index.php?rest_route=%2Fwp%2Fv2%2Fcomments&post=8007"}],"version-history":[{"count":0,"href":"https:\/\/vos.homolog.arsnova.work\/index.php?rest_route=\/wp\/v2\/posts\/8007\/revisions"}],"wp:featuredmedia":[{"embeddable":true,"href":"https:\/\/vos.homolog.arsnova.work\/index.php?rest_route=\/wp\/v2\/media\/8008"}],"wp:attachment":[{"href":"https:\/\/vos.homolog.arsnova.work\/index.php?rest_route=%2Fwp%2Fv2%2Fmedia&parent=8007"}],"wp:term":[{"taxonomy":"category","embeddable":true,"href":"https:\/\/vos.homolog.arsnova.work\/index.php?rest_route=%2Fwp%2Fv2%2Fcategories&post=8007"},{"taxonomy":"post_tag","embeddable":true,"href":"https:\/\/vos.homolog.arsnova.work\/index.php?rest_route=%2Fwp%2Fv2%2Ftags&post=8007"}],"curies":[{"name":"wp","href":"https:\/\/api.w.org\/{rel}","templated":true}]}}