{"id":7991,"date":"2021-04-21T17:00:54","date_gmt":"2021-04-21T20:00:54","guid":{"rendered":"https:\/\/vos.homolog.arsnova.work\/?p=7991"},"modified":"2021-04-21T16:25:09","modified_gmt":"2021-04-21T19:25:09","slug":"bsv-especial-coronavirus-54-cupula-do-clima-e-a-piada-da-terceira-via","status":"publish","type":"post","link":"https:\/\/vos.homolog.arsnova.work\/?p=7991","title":{"rendered":"BSV Especial Coronav\u00edrus #54 C\u00fapula do clima e a piada da terceira via"},"content":{"rendered":"<p class=\"p1\"><strong>Nesta semana, vamos falar sobre a c\u00fapula do clima, o desastre de Ricardo Salles e a piada da mais nova terceira via para 2022.<\/strong><\/p>\n<p class=\"p1\" style=\"text-align: justify;\">Ningu\u00e9m em s\u00e3 consci\u00eancia esperava bons n\u00fameros do governo de Jair Bolsonaro em rela\u00e7\u00e3o \u00e0 preserva\u00e7\u00e3o do meio ambiente, mas o Brasil chega \u00e0 C\u00fapula do Clima com os piores n\u00fameros em muito tempo. Segundo o levantamento do Instituto Homem e Meio Ambiente da Amaz\u00f4nia, foram derrubados 810 km2 de \u00e1rvores na Amaz\u00f4nia Legal em mar\u00e7o. Pra se ter uma ideia, Porto Alegre tem 500km2. \u00c9 o pior resultado para o m\u00eas de mar\u00e7o em dez anos.<\/p>\n<h5 class=\"p1\" style=\"text-align: center;\">.<\/h5>\n<h5 class=\"p1\" style=\"text-align: center;\">Esses n\u00fameros desmentem a carta que Jair Bolsonaro enviou \u00e0 Joe Biden, presidente dos Estados Unidos, na semana passada<\/h5>\n<h5 class=\"p1\" style=\"text-align: center;\">.<\/h5>\n<p class=\"p1\" style=\"text-align: justify;\">Ele prometeu eliminar o desmatamento ilegal at\u00e9 2030 e pediu apoio dos americanos para conseguir atingir a meta. E agora Bolsonaro chega \u00e0 C\u00fapula do Clima com o constrangimento da realidade de que o governo brasileiro s\u00f3 faz destruir.<\/p>\n<h5 class=\"p1\" style=\"text-align: center;\">.<\/h5>\n<h5 class=\"p1\" style=\"text-align: center;\">E quanto \u00e0 corrida presidencial de 2022, temos uma articula\u00e7\u00e3o ins\u00f3lita \u00e0 direita<\/h5>\n<h5 class=\"p1\" style=\"text-align: center;\">.<\/h5>\n<p class=\"p1\" style=\"text-align: justify;\">O humorista Danilo Gentili, se \u00e9 que se pode chamar-lo assim, reuniu-se com o presidente do Partido Novo, Jo\u00e3o Amoedo. Gentili aposta em uma chapa formada por Amoedo e S\u00e9rgio Moro como uma terceira via. Mas h\u00e1 quem aposte no pr\u00f3prio Gentili como alternativa \u00e0s candidaturas de Luiz In\u00e1cio Lula da Silva e Jair Bolsonaro. Ele n\u00e3o admite a possibilidade publicamente, mas h\u00e1 quem tenha se empolgado com a ideia. Quem? O MBL.<\/p>\n<p style=\"text-align: justify;\"><b>Participam os jornalistas Ge\u00f3rgia Santos, Fl\u00e1via Cunha, Igor Natusch e T\u00e9rcio Saccol.\u00a0<\/b><b>Voc\u00ea tamb\u00e9m pode ouvir o epis\u00f3dio no\u00a0<\/b><a href=\"https:\/\/open.spotify.com\/show\/5I8zWzbmuDvEx9Wp6Gtnyd\"><span class=\"s1\"><b>Spotify<\/b><\/span><\/a><b>,\u00a0<\/b><a href=\"https:\/\/podcasts.apple.com\/us\/podcast\/bendita-sois-v%C3%B3s\/id1436913300\"><span class=\"s1\"><b>Itunes<\/b><\/span><\/a><b>\u00a0e\u00a0<\/b><a href=\"https:\/\/castbox.fm\/channel\/Bendita-Sois-V%C3%B3s-id1474946?country=br\"><span class=\"s1\"><b>Castbox<\/b><\/span><\/a><b>.\u00a0<\/b><\/p>\n<p style=\"text-align: center;\"><iframe loading=\"lazy\" src=\"https:\/\/w.soundcloud.com\/player\/?url=https%3A\/\/api.soundcloud.com\/tracks\/1034104390%3Fsecret_token%3Ds-bPMYfW3TCtV&amp;color=%23ff5500&amp;auto_play=false&amp;hide_related=false&amp;show_comments=true&amp;show_user=true&amp;show_reposts=false&amp;show_teaser=true&amp;visual=true\" width=\"100%\" height=\"300\" frameborder=\"no\" scrolling=\"no\"><\/iframe><\/p>\n<div style=\"font-size: 10px; color: #cccccc; line-break: anywhere; word-break: normal; overflow: hidden; white-space: nowrap; text-overflow: ellipsis; font-family: Interstate, 'Lucida Grande', 'Lucida Sans Unicode', 'Lucida Sans', Garuda, Verdana, Tahoma, sans-serif; font-weight: 100; text-align: center;\"><a style=\"color: #cccccc; text-decoration: none;\" title=\"V\u00f3s Pessoas no Plural\" href=\"https:\/\/soundcloud.com\/vos-social\" target=\"_blank\" rel=\"noopener\">V\u00f3s Pessoas no Plural<\/a> \u00b7 <a style=\"color: #cccccc; text-decoration: none;\" title=\"BSV Especial Coronav\u00edrus #54 C\u00fapula do clima e a piada da terceira via\" href=\"https:\/\/soundcloud.com\/vos-social\/bsv-especial-coronavirus-54-cupula-do-clima-e-a-piada-da-terceira-via\/s-bPMYfW3TCtV\" target=\"_blank\" rel=\"noopener\">BSV Especial Coronav\u00edrus #54 C\u00fapula do clima e a piada da terceira via<\/a><\/div>\n","protected":false},"excerpt":{"rendered":"<p>Nesta semana, vamos falar sobre a c\u00fapula do clima, o desastre de Ricardo Salles e a piada da mais nova [&hellip;]<\/p>\n","protected":false},"author":3,"featured_media":7992,"comment_status":"open","ping_status":"open","sticky":false,"template":"","format":"standard","meta":{"_acf_changed":false,"footnotes":""},"categories":[1541],"tags":[],"class_list":["post-7991","post","type-post","status-publish","format-standard","has-post-thumbnail","hentry","category-podcasts"],"acf":[],"_links":{"self":[{"href":"https:\/\/vos.homolog.arsnova.work\/index.php?rest_route=\/wp\/v2\/posts\/7991","targetHints":{"allow":["GET"]}}],"collection":[{"href":"https:\/\/vos.homolog.arsnova.work\/index.php?rest_route=\/wp\/v2\/posts"}],"about":[{"href":"https:\/\/vos.homolog.arsnova.work\/index.php?rest_route=\/wp\/v2\/types\/post"}],"author":[{"embeddable":true,"href":"https:\/\/vos.homolog.arsnova.work\/index.php?rest_route=\/wp\/v2\/users\/3"}],"replies":[{"embeddable":true,"href":"https:\/\/vos.homolog.arsnova.work\/index.php?rest_route=%2Fwp%2Fv2%2Fcomments&post=7991"}],"version-history":[{"count":0,"href":"https:\/\/vos.homolog.arsnova.work\/index.php?rest_route=\/wp\/v2\/posts\/7991\/revisions"}],"wp:featuredmedia":[{"embeddable":true,"href":"https:\/\/vos.homolog.arsnova.work\/index.php?rest_route=\/wp\/v2\/media\/7992"}],"wp:attachment":[{"href":"https:\/\/vos.homolog.arsnova.work\/index.php?rest_route=%2Fwp%2Fv2%2Fmedia&parent=7991"}],"wp:term":[{"taxonomy":"category","embeddable":true,"href":"https:\/\/vos.homolog.arsnova.work\/index.php?rest_route=%2Fwp%2Fv2%2Fcategories&post=7991"},{"taxonomy":"post_tag","embeddable":true,"href":"https:\/\/vos.homolog.arsnova.work\/index.php?rest_route=%2Fwp%2Fv2%2Ftags&post=7991"}],"curies":[{"name":"wp","href":"https:\/\/api.w.org\/{rel}","templated":true}]}}