{"id":7852,"date":"2021-02-24T17:00:48","date_gmt":"2021-02-24T20:00:48","guid":{"rendered":"https:\/\/vos.homolog.arsnova.work\/?p=7852"},"modified":"2021-02-23T19:08:33","modified_gmt":"2021-02-23T22:08:33","slug":"bsv-especial-coronavirus-46-a-sobrecarga-dos-professores","status":"publish","type":"post","link":"https:\/\/vos.homolog.arsnova.work\/?p=7852","title":{"rendered":"BSV Especial Coronav\u00edrus #46 A sobrecarga dos professores"},"content":{"rendered":"<p class=\"p1\" style=\"text-align: justify;\"><strong>Chegando perto da marca de um ano desde a primeira morte por coronav\u00edrus no Brasil, resolvemos mostrar, com depoimentos e entrevistas, como essa pandemia afetou as pessoas de forma diferente. <a href=\"https:\/\/vos.homolog.arsnova.work\/podcasts\/bsv-especial-coronavirus-45-o-abandono-da-cultura\/\" target=\"_blank\" rel=\"noopener\">No \u00faltimo epis\u00f3dio, falamos sobre o abandono dos profissionais da cultura. <\/a><\/strong><\/p>\n<h5 class=\"p1\" style=\"text-align: center;\"><b>.<\/b><\/h5>\n<h5 class=\"p1\" style=\"text-align: center;\">Nesta semana, vamos falar dos t\u00e3o machucados professores e professoras<\/h5>\n<h5 class=\"p1\" style=\"text-align: center;\">.<\/h5>\n<p class=\"p4\" style=\"text-align: justify;\">\u00c9 de conhecimento geral que a rotina dos professores no Brasil \u00e9 cruel. Baixos sal\u00e1rios, pouca infraestrutura e praticamente nenhum apoio emocional &#8211; ao menos n\u00e3o institucional. Diariamente, os educadores brasileiros lidam, inclusive, com agress\u00f5es f\u00edsicas e verbais.<\/p>\n<h5 class=\"p4\" style=\"text-align: center;\">.<\/h5>\n<h5 class=\"p4\" style=\"text-align: center;\">Mas como ser\u00e1 que os professores est\u00e3o lidando com a pandemia?<\/h5>\n<h5 style=\"text-align: center;\">.<\/h5>\n<p class=\"p4\" style=\"text-align: justify;\">Os professores foram jogados em turbilh\u00e3o em que precisaram, do dia para a noite, aprender a dar aulas online, dar conta da presen\u00e7a remota dos alunos, trabalhar de casa, acumular fun\u00e7\u00f5es e horas. Estudo coordenado pelo pesquisador <strong>Flavio Comim<\/strong>, professor das Universidades Ramon Llull, de Barcelona, e de Cambridge, no Reino Unido, indica que seis em cada dez professores se sentiram sem condi\u00e7\u00f5es de ministrar aulas remotas em casa. E agora podem ser colocados em risco neste novo pico da pandemia.<\/p>\n<p class=\"p4\" style=\"text-align: justify;\"><strong>Desde mar\u00e7o do ano passado, as aulas presenciais de escolas e universidades das redes p\u00fablica e privada foram interrompidas. E desde mar\u00e7o do ano passado h\u00e1 um debate sobre se retomar o formato presencial. Especialmente agora, com o in\u00edcio do novo ano letivo.<\/strong><\/p>\n<p class=\"p4\" style=\"text-align: justify;\">\u00c9 preciso se discutir essa quest\u00e3o por uma s\u00e9rie de motivos. H\u00e1 crian\u00e7as sem acesso \u00e0 internet, que n\u00e3o tem como acompanhar aulas online. H\u00e1 crian\u00e7as que dependem da escola, inclusive, para ter acesso a uma alimenta\u00e7\u00e3o de qualidade. Sem contar que h\u00e1 fam\u00edlias em que os pais precisam sair para trabalhar e n\u00e3o tem com deixar as crian\u00e7as. O problema \u00e9 que toda essa discuss\u00e3o que envolve o retorno das aulas presenciais est\u00e1 deixando de fora a opini\u00e3o, justamente, dos professores, que em \u00faltima an\u00e1lise ser\u00e3o os mais expostos.<\/p>\n<p class=\"p4\" style=\"text-align: justify;\"><strong>Ge\u00f3rgia Santos conversou com o pesquisador Flavio Comim e com a professora Najla Diniz. Tamb\u00e9m participa do epis\u00f3dio o jornalista T\u00e9rcio Saccol.\u00a0Voc\u00ea tamb\u00e9m pode ouvir o epis\u00f3dio no\u00a0<a href=\"https:\/\/open.spotify.com\/show\/5I8zWzbmuDvEx9Wp6Gtnyd\" target=\"_blank\" rel=\"noopener\">Spotify<\/a>,\u00a0<a href=\"https:\/\/podcasts.apple.com\/us\/podcast\/bendita-sois-v%C3%B3s\/id1436913300\" target=\"_blank\" rel=\"noopener\">Itunes<\/a>\u00a0e\u00a0<a href=\"https:\/\/castbox.fm\/channel\/Bendita-Sois-V%C3%B3s-id1474946?country=br\" target=\"_blank\" rel=\"noopener\">Castbox<\/a>.\u00a0<\/strong><\/p>\n<p style=\"text-align: center;\"><iframe loading=\"lazy\" src=\"https:\/\/w.soundcloud.com\/player\/?url=https%3A\/\/api.soundcloud.com\/tracks\/991535962%3Fsecret_token%3Ds-G4h6cMqqSoD&amp;color=%23ff5500&amp;auto_play=false&amp;hide_related=false&amp;show_comments=true&amp;show_user=true&amp;show_reposts=false&amp;show_teaser=true&amp;visual=true\" width=\"100%\" height=\"300\" frameborder=\"no\" scrolling=\"no\"><\/iframe><\/p>\n<div style=\"font-size: 10px; color: #cccccc; line-break: anywhere; word-break: normal; overflow: hidden; white-space: nowrap; text-overflow: ellipsis; font-family: Interstate, 'Lucida Grande', 'Lucida Sans Unicode', 'Lucida Sans', Garuda, Verdana, Tahoma, sans-serif; font-weight: 100; text-align: center;\"><a style=\"color: #cccccc; text-decoration: none;\" title=\"V\u00f3s Pessoas no Plural\" href=\"https:\/\/soundcloud.com\/vos-social\" target=\"_blank\" rel=\"noopener\">V\u00f3s Pessoas no Plural<\/a> \u00b7 <a style=\"color: #cccccc; text-decoration: none;\" title=\"BSV Especial Coronav\u00edrus #46 A sobrecarga dos professores\" href=\"https:\/\/soundcloud.com\/vos-social\/bsv-especial-coronavirus-46-a-sobrecarga-dos-professores\/s-G4h6cMqqSoD\" target=\"_blank\" rel=\"noopener\">BSV Especial Coronav\u00edrus #46 A sobrecarga dos professores<\/a><\/div>\n","protected":false},"excerpt":{"rendered":"<p>Chegando perto da marca de um ano desde a primeira morte por coronav\u00edrus no Brasil, resolvemos mostrar, com depoimentos e [&hellip;]<\/p>\n","protected":false},"author":3,"featured_media":7853,"comment_status":"open","ping_status":"open","sticky":false,"template":"","format":"standard","meta":{"_acf_changed":false,"footnotes":""},"categories":[1541],"tags":[],"class_list":["post-7852","post","type-post","status-publish","format-standard","has-post-thumbnail","hentry","category-podcasts"],"acf":[],"_links":{"self":[{"href":"https:\/\/vos.homolog.arsnova.work\/index.php?rest_route=\/wp\/v2\/posts\/7852","targetHints":{"allow":["GET"]}}],"collection":[{"href":"https:\/\/vos.homolog.arsnova.work\/index.php?rest_route=\/wp\/v2\/posts"}],"about":[{"href":"https:\/\/vos.homolog.arsnova.work\/index.php?rest_route=\/wp\/v2\/types\/post"}],"author":[{"embeddable":true,"href":"https:\/\/vos.homolog.arsnova.work\/index.php?rest_route=\/wp\/v2\/users\/3"}],"replies":[{"embeddable":true,"href":"https:\/\/vos.homolog.arsnova.work\/index.php?rest_route=%2Fwp%2Fv2%2Fcomments&post=7852"}],"version-history":[{"count":0,"href":"https:\/\/vos.homolog.arsnova.work\/index.php?rest_route=\/wp\/v2\/posts\/7852\/revisions"}],"wp:featuredmedia":[{"embeddable":true,"href":"https:\/\/vos.homolog.arsnova.work\/index.php?rest_route=\/wp\/v2\/media\/7853"}],"wp:attachment":[{"href":"https:\/\/vos.homolog.arsnova.work\/index.php?rest_route=%2Fwp%2Fv2%2Fmedia&parent=7852"}],"wp:term":[{"taxonomy":"category","embeddable":true,"href":"https:\/\/vos.homolog.arsnova.work\/index.php?rest_route=%2Fwp%2Fv2%2Fcategories&post=7852"},{"taxonomy":"post_tag","embeddable":true,"href":"https:\/\/vos.homolog.arsnova.work\/index.php?rest_route=%2Fwp%2Fv2%2Ftags&post=7852"}],"curies":[{"name":"wp","href":"https:\/\/api.w.org\/{rel}","templated":true}]}}